{"id":438256,"date":"2022-12-05T10:38:33","date_gmt":"2022-12-05T10:38:33","guid":{"rendered":"https:\/\/dimensionturistica.com\/es\/?p=438256"},"modified":"2022-12-05T10:38:34","modified_gmt":"2022-12-05T10:38:34","slug":"colmar-la-ciudad-perfecta-de-alsacia","status":"publish","type":"post","link":"https:\/\/dimensionturistica.com\/es\/colmar-la-ciudad-perfecta-de-alsacia\/","title":{"rendered":"Colmar, la ciudad perfecta de Alsacia"},"content":{"rendered":"<p> <br \/>\n<\/p>\n<div>\n<div id=\"involveds\" class=\"involveds wrap\">\n<div class=\"involved-authors only-author\">\n<div class=\"first-author\">\n<figure class=\"thumb col-xs-3\">&#13;<img loading=\"lazy\" decoding=\"async\" src=\"https:\/\/news.google.com\/medio\/2021\/12\/01\/zori-nl_a2484bc7_600x600.jpg\" alt=\"Zori-NL\" class=\"lazyload\" width=\"600\" height=\"600\" data-aspectratio=\"600\/600\"\/><noscript><img decoding=\"async\" src=\"https:\/\/news.google.com\/medio\/2021\/12\/01\/zori-nl_a2484bc7_600x600.jpg\" alt=\"Zori-NL\"\/><\/noscript>&#13;<\/figure>\n<\/div>\n<\/div>\n<\/div>\n<p class=\"date\"> <time itemprop=\"dateModified\" datetime=\"2022-12-05T11:23:00+01:00\" data-timestamp=\"1670239380\">&#13;05 de diciembre de 2022 \u00b7 11:23<\/time>&#13;<\/p>\n<\/div>\n<div id=\"article-sumary\">\n<div class=\"article-txt ad-mobile-top\">\n<p>No resulta extra\u00f1o que, cuando los prusianos crearon el Territorio Imperial de Alsacia-Lorena al finalizar la guerra franco-prusiana, bautizaran a Colmar como &#8220;La Petite Venise &#8220;(la peque\u00f1a Venecia). Fue una feliz \u00e9poca (1871-1918) en la que el turismo empezaba a convertirse en un\u00a0pastime para la mayor\u00eda de las clases altas europeas y un eslogan tan poderoso solo pod\u00eda ser un \u00e9xito. M\u00e1s de 150 a\u00f1os despu\u00e9s, aquel anzuelo promocional hoy suena a ep\u00edteto\u00a0e hip\u00e9rbole, pero los encantos de Colmar siguen intactos como uno de <a rel=\"nofollow noopener\" target=\"_blank\" href=\"http:\/\/viajes.nationalgeographic.com.es\/a\/11-pueblos-medievales-mas-bonitos-francia_14201\">los pueblos franceses m\u00e1s bellos<\/a>.<\/p>\n<p>\u00a0<\/p>\n<\/div>\n<\/div>\n\n<p><em> &#8221; Fuentes news.google.com &#8221; <\/em><\/p>\n","protected":false},"excerpt":{"rendered":"<p>&#13;&#13; &#13;05 de diciembre de 2022 \u00b7 11:23&#13; No resulta extra\u00f1o que, cuando los prusianos crearon el Territorio Imperial de Alsacia-Lorena al finalizar la guerra franco-prusiana, bautizaran a Colmar como &#8220;La Petite Venise &#8220;(la peque\u00f1a Venecia). Fue una feliz \u00e9poca (1871-1918) en la que el turismo empezaba a convertirse en un\u00a0pastime para la mayor\u00eda de [&hellip;]<\/p>\n","protected":false},"author":4,"featured_media":438257,"comment_status":"open","ping_status":"closed","sticky":false,"template":"","format":"standard","meta":{"om_disable_all_campaigns":false,"jnews-multi-image_gallery":[],"jnews_single_post":[],"jnews_primary_category":[],"jnews_social_meta":[],"footnotes":""},"categories":[41],"tags":[47258,47257],"class_list":["post-438256","post","type-post","status-publish","format-standard","has-post-thumbnail","hentry","category-cruceros","tag-cargado-desde-el-fichero-de-recursos","tag-keywords-por-defecto"],"_links":{"self":[{"href":"https:\/\/dimensionturistica.com\/es\/wp-json\/wp\/v2\/posts\/438256","targetHints":{"allow":["GET"]}}],"collection":[{"href":"https:\/\/dimensionturistica.com\/es\/wp-json\/wp\/v2\/posts"}],"about":[{"href":"https:\/\/dimensionturistica.com\/es\/wp-json\/wp\/v2\/types\/post"}],"author":[{"embeddable":true,"href":"https:\/\/dimensionturistica.com\/es\/wp-json\/wp\/v2\/users\/4"}],"replies":[{"embeddable":true,"href":"https:\/\/dimensionturistica.com\/es\/wp-json\/wp\/v2\/comments?post=438256"}],"version-history":[{"count":0,"href":"https:\/\/dimensionturistica.com\/es\/wp-json\/wp\/v2\/posts\/438256\/revisions"}],"wp:featuredmedia":[{"embeddable":true,"href":"https:\/\/dimensionturistica.com\/es\/wp-json\/wp\/v2\/media\/438257"}],"wp:attachment":[{"href":"https:\/\/dimensionturistica.com\/es\/wp-json\/wp\/v2\/media?parent=438256"}],"wp:term":[{"taxonomy":"category","embeddable":true,"href":"https:\/\/dimensionturistica.com\/es\/wp-json\/wp\/v2\/categories?post=438256"},{"taxonomy":"post_tag","embeddable":true,"href":"https:\/\/dimensionturistica.com\/es\/wp-json\/wp\/v2\/tags?post=438256"}],"curies":[{"name":"wp","href":"https:\/\/api.w.org\/{rel}","templated":true}]}}