{"id":438172,"date":"2022-12-05T07:55:29","date_gmt":"2022-12-05T07:55:29","guid":{"rendered":"https:\/\/dimensionturistica.com\/es\/?p=438172"},"modified":"2022-12-05T07:55:29","modified_gmt":"2022-12-05T07:55:29","slug":"el-anfiteatro-romano-mas-grande-fuera-de-italia","status":"publish","type":"post","link":"https:\/\/dimensionturistica.com\/es\/el-anfiteatro-romano-mas-grande-fuera-de-italia\/","title":{"rendered":"El anfiteatro romano m\u00e1s grande fuera de Italia"},"content":{"rendered":"<p> <br \/>\n<\/p>\n<div>\n<div id=\"involveds\" class=\"involveds wrap\">\n<div class=\"involved-authors only-author\">\n<div class=\"first-author\">\n<figure class=\"thumb col-xs-3\">&#13;<img loading=\"lazy\" decoding=\"async\" src=\"https:\/\/news.google.com\/medio\/2021\/12\/15\/xell_b48658f1_600x600.png\" alt=\"Xell\" class=\"lazyload\" width=\"600\" height=\"600\" data-aspectratio=\"600\/600\"\/><noscript><img decoding=\"async\" src=\"https:\/\/news.google.com\/medio\/2021\/12\/15\/xell_b48658f1_600x600.png\" alt=\"Xell\"\/><\/noscript>&#13;<\/figure>\n<\/div>\n<\/div>\n<\/div>\n<p class=\"date\"> <time itemprop=\"dateModified\" datetime=\"2022-12-05T07:00:00+01:00\" data-timestamp=\"1670223600\">&#13;05 de diciembre de 2022 \u00b7 07:00<\/time>&#13;<\/p>\n<\/div>\n<div id=\"article-text\">\n<div class=\"txt\">\n<aside class=\"subscription-highlighted\">\n<div class=\"subscription-container\">\n<div class=\"non-subscribed\">\n<p class=\"description\">Cyber Monday. Suscr\u00edbete hoy al -50% a la revista Viajes Nationwide Geographic y explora nuevos destinos<\/p>\n<p><a rel=\"nofollow noopener\" target=\"_blank\" href=\"https:\/\/tienda.rba.es\/revistas\/viajes-national-geographic?rba_source=viajes.nationalgeographic.com.es&amp;rba_medium=referral&amp;rba_campaign=NGMV&amp;rba_content=frase-articulo\" class=\"more-link\">EMPIEZA YA<\/a><\/div>\n<\/div>\n<\/aside>\n<p style=\"display: none;\"><img decoding=\"async\" id=\"ctl01_ctl00_phMain_phMain_ctl00_ctl02_ctl17_ctl01_imgContent\" src=\"https:\/\/news.google.com\/medio\/2022\/12\/02\/italica_6296a5b0_800x800.jpg\" alt=\"Italica\" style=\"border-width:0px;\"\/><\/p>\n<aside class=\"add300x250 publi-interior-top ad-container-r1 ad-inline\"\/>\n<p>Las dimensiones del anfiteatro romano de It\u00e1lica son espectaculares: 160&#215;137 metros y tres niveles de gradas con una capacidad para hasta 25.000 espectadores. Superado por <a rel=\"nofollow noopener\" target=\"_blank\" href=\"https:\/\/viajes.nationalgeographic.com.es\/a\/video-coliseo-roma-10-datos-fascinantes_17887\">el Coliseo de Roma<\/a>, el de Capua y el de Pozzoli, es el cuarto anfiteatro m\u00e1s extenso del Imperio Romano y, aunque superado en capacidad por <a rel=\"nofollow noopener\" target=\"_blank\" href=\"https:\/\/viajes.nationalgeographic.com.es\/ubicacion-exacta\/anfiteatro-tan-espectacular-como-coliseo-roma_15529\">el tunecino El Djem<\/a>, tambi\u00e9n el m\u00e1s extenso fuera de Italia en dimensiones, con m\u00e1s de 20.000 m2 de superficie.<\/p>\n<p>Erigido entre 117 y 138 durante el reinado del emperador Adriano, es hoy <a rel=\"nofollow noopener\" target=\"_blank\" href=\"https:\/\/viajes.nationalgeographic.com.es\/a\/tesoros-mas-bellos-legado-romano-espana_16583\">uno de los tesoros m\u00e1s bellos del legado romano en Espa\u00f1a<\/a>. Para desarrollar sus espect\u00e1culos de gladiadores y las luchas contra las fieras, contaba con un nivel inferior o foso. La cavea estaba dividida en tres secciones separadas por pasillos: la ima cavea, reservada a los dirigentes; la media cavea, a la poblaci\u00f3n humilde, y la summa cavea, reservada \u00fanicamente a los ni\u00f1os y las mujeres. \u200bAsimismo, contaba tambi\u00e9n con varias salas dedicadas al culto de N\u00e9mesis y Juno.<\/p>\n<p>M\u00e1s all\u00e1 del anfiteatro, el asentamiento romano de It\u00e1lica -que alcanz\u00f3 su periodo de mayor esplendor con los reinados de Trajano y Adriano-, cuenta con las mirallas, el teatro, el templo de Trajano (Traianeum), las termas y un conjunto de casas con sus mosaicos, estatuas y m\u00e1rmoles.<\/p>\n<aside class=\"add300x600 publi-interior-bot ad-inline ad-container-r2\"\/><\/div>\n<p><!-- START:toolbar --><!-- END:toolbar --><\/div>\n\n<p><em> &#8221; Fuentes news.google.com &#8221; <\/em><\/p>\n","protected":false},"excerpt":{"rendered":"<p>&#13;&#13; &#13;05 de diciembre de 2022 \u00b7 07:00&#13; Cyber Monday. Suscr\u00edbete hoy al -50% a la revista Viajes Nationwide Geographic y explora nuevos destinos EMPIEZA YA Las dimensiones del anfiteatro romano de It\u00e1lica son espectaculares: 160&#215;137 metros y tres niveles de gradas con una capacidad para hasta 25.000 espectadores. Superado por el Coliseo de Roma, [&hellip;]<\/p>\n","protected":false},"author":4,"featured_media":438173,"comment_status":"open","ping_status":"closed","sticky":false,"template":"","format":"standard","meta":{"om_disable_all_campaigns":false,"jnews-multi-image_gallery":[],"jnews_single_post":[],"jnews_primary_category":[],"jnews_social_meta":[],"footnotes":""},"categories":[39],"tags":[47258,47257],"class_list":["post-438172","post","type-post","status-publish","format-standard","has-post-thumbnail","hentry","category-viajes","tag-cargado-desde-el-fichero-de-recursos","tag-keywords-por-defecto"],"_links":{"self":[{"href":"https:\/\/dimensionturistica.com\/es\/wp-json\/wp\/v2\/posts\/438172","targetHints":{"allow":["GET"]}}],"collection":[{"href":"https:\/\/dimensionturistica.com\/es\/wp-json\/wp\/v2\/posts"}],"about":[{"href":"https:\/\/dimensionturistica.com\/es\/wp-json\/wp\/v2\/types\/post"}],"author":[{"embeddable":true,"href":"https:\/\/dimensionturistica.com\/es\/wp-json\/wp\/v2\/users\/4"}],"replies":[{"embeddable":true,"href":"https:\/\/dimensionturistica.com\/es\/wp-json\/wp\/v2\/comments?post=438172"}],"version-history":[{"count":0,"href":"https:\/\/dimensionturistica.com\/es\/wp-json\/wp\/v2\/posts\/438172\/revisions"}],"wp:featuredmedia":[{"embeddable":true,"href":"https:\/\/dimensionturistica.com\/es\/wp-json\/wp\/v2\/media\/438173"}],"wp:attachment":[{"href":"https:\/\/dimensionturistica.com\/es\/wp-json\/wp\/v2\/media?parent=438172"}],"wp:term":[{"taxonomy":"category","embeddable":true,"href":"https:\/\/dimensionturistica.com\/es\/wp-json\/wp\/v2\/categories?post=438172"},{"taxonomy":"post_tag","embeddable":true,"href":"https:\/\/dimensionturistica.com\/es\/wp-json\/wp\/v2\/tags?post=438172"}],"curies":[{"name":"wp","href":"https:\/\/api.w.org\/{rel}","templated":true}]}}