{"id":437911,"date":"2022-12-04T16:27:34","date_gmt":"2022-12-04T16:27:34","guid":{"rendered":"https:\/\/dimensionturistica.com\/es\/?p=437911"},"modified":"2022-12-04T16:27:34","modified_gmt":"2022-12-04T16:27:34","slug":"sabias-que-en-tlaxcala-capital-se-encuentra-uno-de-los-mas-importantes-patrimonios-mundiales-de-la-unesco-el-conjunto-conventual-de-nuestra-senora-de-la-asuncion","status":"publish","type":"post","link":"https:\/\/dimensionturistica.com\/es\/sabias-que-en-tlaxcala-capital-se-encuentra-uno-de-los-mas-importantes-patrimonios-mundiales-de-la-unesco-el-conjunto-conventual-de-nuestra-senora-de-la-asuncion\/","title":{"rendered":"Sab\u00edas que en Tlaxcala capital se encuentra uno de los m\u00e1s importantes Patrimonios Mundiales de la UNESCO: el Conjunto Conventual de Nuestra Se\u00f1ora de la Asunci\u00f3n"},"content":{"rendered":"<p>Hay experiencias, im\u00e1genes y sensaciones que son capaces de transportarte a otra \u00e9poca, y eso es lo que sucede cuando conoces el Conjunto Conventual de Nuestra Se\u00f1ora de la Asunci\u00f3n en la ciudad de Tlaxcala,<img decoding=\"async\" class=\"size-medium wp-image-437924 alignright\" src=\"https:\/\/dimensionturistica.com\/es\/wp-content\/uploads\/2022\/12\/th-1-4-300x200.jpeg\" alt=\"\" width=\"300\" height=\"200\" srcset=\"https:\/\/dimensionturistica.com\/es\/wp-content\/uploads\/2022\/12\/th-1-4-300x200.jpeg 300w, https:\/\/dimensionturistica.com\/es\/wp-content\/uploads\/2022\/12\/th-1-4.jpeg 474w\" sizes=\"(max-width: 300px) 100vw, 300px\" \/> porque no s\u00f3lo se trata de su antig\u00fcedad, el valor hist\u00f3rico, el privilegio de observarlo en la actualidad, de entrar y conocerlo, de respirar el peculiar aroma de la historia; se trata del poder que tiene para crear una atm\u00f3sfera que logra despertar la imaginaci\u00f3n y ofrecer un espacio para tranquilidad.<br \/>\nEste incre\u00edble Conjunto Conventual forma parte de una serie de 15 monasterios erigidos en el siglo XVI en las laderas del volc\u00e1n Popocat\u00e9petl, pero el de la ciudad de Tlaxcala tiene elementos que lo distinguen, principalmente, a la armon\u00eda que se logr\u00f3 durante su concepci\u00f3n entre los frailes de la orden franciscana y la fuerza art\u00edstica y de trabajo de los se\u00f1or\u00edos tlaxcaltecas.<br \/>\nEn este Conjunto, de hecho, se pueden distinguir las primeras soluciones arquitect\u00f3nicas y est\u00e9ticas de la Nueva Espa\u00f1a \u2013hoy M\u00e9xico\u2013 con caracter\u00edsticas totalmente aut\u00f3ctonas.<br \/>\nCon detalles de creatividad e ingenio \u00fanicos, se adapt\u00f3 la traza de los monasterios europeos al entorno de la regi\u00f3n tlaxcalteca, lo cual se evidencia en las propuestas de sus atrios \u2013alto y bajo\u2013, en la torre exenta \u2013separada de la catedral\u2013, el bien conservado alfarje \u2013techo labrado\u2013, sus trabajos y detalles decorativos y<img decoding=\"async\" class=\"size-medium wp-image-437923 alignright\" src=\"https:\/\/dimensionturistica.com\/es\/wp-content\/uploads\/2022\/12\/th-2-3-300x200.jpeg\" alt=\"\" width=\"300\" height=\"200\" srcset=\"https:\/\/dimensionturistica.com\/es\/wp-content\/uploads\/2022\/12\/th-2-3-300x200.jpeg 300w, https:\/\/dimensionturistica.com\/es\/wp-content\/uploads\/2022\/12\/th-2-3.jpeg 474w\" sizes=\"(max-width: 300px) 100vw, 300px\" \/> est\u00e9ticos en el templo, el claustro y las estancias, sin dejar de mencionar el trabajo pict\u00f3rico de los maestros ind\u00edgenas, el cual a\u00fan es posible disfrutar en fragmentos de pintura mural conservados al paso de casi cinco siglos.<br \/>\nLa importancia de este Conjunto no s\u00f3lo radica en su belleza arquitect\u00f3nica, sino que, justo aqu\u00ed, fue el primer ensayo pol\u00edtico, espiritual y est\u00e9tico de la expansi\u00f3n evangelizadora de franciscanos, dominicos y agustinos hacia el sureste, centro y norte de M\u00e9xico, que tambi\u00e9n comprende lo que hoy es Estados Unidos.<br \/>\nPor todo lo anterior y la majestuosidad indescriptible que s\u00f3lo se puede experimentar al verlo, permiti\u00f3 que, en 2021, el Comit\u00e9 del Patrimonio Mundial de la Organizaci\u00f3n de las Naciones Unidas para la Educaci\u00f3n, la Ciencia y la Cultura (UNESCO) aprobara la incorporaci\u00f3n del Conjunto Conventual Franciscano y Catedralicio de Nuestra Se\u00f1ora de la Asunci\u00f3n, a su lista de sitios valorados como Patrimonio de la<img decoding=\"async\" class=\"size-medium wp-image-437922 alignright\" src=\"https:\/\/dimensionturistica.com\/es\/wp-content\/uploads\/2022\/12\/th-9-300x225.jpeg\" alt=\"\" width=\"300\" height=\"225\" srcset=\"https:\/\/dimensionturistica.com\/es\/wp-content\/uploads\/2022\/12\/th-9-300x225.jpeg 300w, https:\/\/dimensionturistica.com\/es\/wp-content\/uploads\/2022\/12\/th-9.jpeg 474w\" sizes=\"(max-width: 300px) 100vw, 300px\" \/> Humanidad.<br \/>\nVisitar este importante recinto, compuesto por la Catedral y el ex Convento (que hoy alberga al Museo de Historia del INAH), los dos atrios, las capillas procesionales y de Nuestra Se\u00f1ora del Rosario y su espl\u00e9ndida torre exenta, no pod\u00eda ser m\u00e1s accesible para quien se encuentra en el centro del pa\u00eds, pues la ciudad de Tlaxcala est\u00e1 a tan s\u00f3lo hora y media de la Ciudad de M\u00e9xico y a 30 minutos de la capital poblana.<br \/>\nY si provienes de otras latitudes, la recomendaci\u00f3n es tomarse al menos un par de d\u00edas para conocer la capital de Tlaxcala, cuna de tradiciones y movimientos culturales de M\u00e9xico que se distingue por su rica herencia hist\u00f3rica, calles seguras, gastronom\u00eda y la calidez de sus habitantes.<\/p>\n<p>&nbsp;<\/p>\n","protected":false},"excerpt":{"rendered":"<p>Hay experiencias, im\u00e1genes y sensaciones que son capaces de transportarte a otra \u00e9poca, y eso es lo que sucede cuando conoces el Conjunto Conventual de Nuestra Se\u00f1ora de la Asunci\u00f3n en la ciudad de Tlaxcala, porque no s\u00f3lo se trata de su antig\u00fcedad, el valor hist\u00f3rico, el privilegio de observarlo en la actualidad, de entrar [&hellip;]<\/p>\n","protected":false},"author":1,"featured_media":437921,"comment_status":"open","ping_status":"closed","sticky":false,"template":"","format":"standard","meta":{"om_disable_all_campaigns":false,"jnews-multi-image_gallery":[],"jnews_single_post":{"source_name":"","source_url":"","via_name":"","via_url":"","override_template":"0","override":[{"template":"1","single_blog_custom":"","parallax":"1","fullscreen":"1","layout":"right-sidebar","sidebar":"default-sidebar","second_sidebar":"default-sidebar","sticky_sidebar":"1","share_position":"top","share_float_style":"share-monocrhome","show_share_counter":"1","show_view_counter":"1","show_featured":"1","show_post_meta":"1","show_post_author":"1","show_post_author_image":"1","show_post_date":"1","post_date_format":"default","post_date_format_custom":"Y\/m\/d","show_post_category":"1","show_post_reading_time":"0","post_reading_time_wpm":"300","show_zoom_button":"0","zoom_button_out_step":"2","zoom_button_in_step":"3","show_post_tag":"1","show_prev_next_post":"1","show_popup_post":"1","number_popup_post":"1","show_author_box":"0","show_post_related":"0","show_inline_post_related":"0"}],"override_image_size":"0","image_override":[{"single_post_thumbnail_size":"crop-500","single_post_gallery_size":"crop-500"}],"trending_post":"0","trending_post_position":"meta","trending_post_label":"Trending","sponsored_post":"0","sponsored_post_label":"Sponsored by","sponsored_post_name":"","sponsored_post_url":"","sponsored_post_logo_enable":"0","sponsored_post_logo":"","sponsored_post_desc":"","disable_ad":"0"},"jnews_primary_category":{"id":"","hide":""},"jnews_social_meta":{"fb_title":"","fb_description":"","fb_image":"","twitter_title":"","twitter_description":"","twitter_image":""},"footnotes":""},"categories":[39],"tags":[],"class_list":["post-437911","post","type-post","status-publish","format-standard","has-post-thumbnail","hentry","category-viajes"],"_links":{"self":[{"href":"https:\/\/dimensionturistica.com\/es\/wp-json\/wp\/v2\/posts\/437911","targetHints":{"allow":["GET"]}}],"collection":[{"href":"https:\/\/dimensionturistica.com\/es\/wp-json\/wp\/v2\/posts"}],"about":[{"href":"https:\/\/dimensionturistica.com\/es\/wp-json\/wp\/v2\/types\/post"}],"author":[{"embeddable":true,"href":"https:\/\/dimensionturistica.com\/es\/wp-json\/wp\/v2\/users\/1"}],"replies":[{"embeddable":true,"href":"https:\/\/dimensionturistica.com\/es\/wp-json\/wp\/v2\/comments?post=437911"}],"version-history":[{"count":0,"href":"https:\/\/dimensionturistica.com\/es\/wp-json\/wp\/v2\/posts\/437911\/revisions"}],"wp:featuredmedia":[{"embeddable":true,"href":"https:\/\/dimensionturistica.com\/es\/wp-json\/wp\/v2\/media\/437921"}],"wp:attachment":[{"href":"https:\/\/dimensionturistica.com\/es\/wp-json\/wp\/v2\/media?parent=437911"}],"wp:term":[{"taxonomy":"category","embeddable":true,"href":"https:\/\/dimensionturistica.com\/es\/wp-json\/wp\/v2\/categories?post=437911"},{"taxonomy":"post_tag","embeddable":true,"href":"https:\/\/dimensionturistica.com\/es\/wp-json\/wp\/v2\/tags?post=437911"}],"curies":[{"name":"wp","href":"https:\/\/api.w.org\/{rel}","templated":true}]}}