{"id":437893,"date":"2022-12-04T16:09:06","date_gmt":"2022-12-04T16:09:06","guid":{"rendered":"https:\/\/dimensionturistica.com\/es\/?p=437893"},"modified":"2024-02-27T21:31:49","modified_gmt":"2024-02-27T21:31:49","slug":"cocinero-del-ano-mexico-semifinal-mexicali-da-a-conocer-al-ganador-regional-de-la-7a-edicion","status":"publish","type":"post","link":"https:\/\/dimensionturistica.com\/es\/cocinero-del-ano-mexico-semifinal-mexicali-da-a-conocer-al-ganador-regional-de-la-7a-edicion\/","title":{"rendered":"Cocinero del A\u00f1o M\u00e9xico semifinal Mexicali da a conocer al ganador regional de la 7\u00aa edici\u00f3n"},"content":{"rendered":"<p>El Cocinero del A\u00f1o M\u00e9xico ha realizado por segunda vez una semifinal en la ciudad de Mexicali, durante la<img decoding=\"async\" class=\"size-medium wp-image-437898 alignright\" src=\"https:\/\/dimensionturistica.com\/es\/wp-content\/uploads\/2022\/12\/XXXPlato-fuerte-300x200.jpg\" alt=\"\" width=\"300\" height=\"200\" srcset=\"https:\/\/dimensionturistica.com\/es\/wp-content\/uploads\/2022\/12\/XXXPlato-fuerte-300x200.jpg 300w, https:\/\/dimensionturistica.com\/es\/wp-content\/uploads\/2022\/12\/XXXPlato-fuerte.jpg 600w\" sizes=\"(max-width: 300px) 100vw, 300px\" \/> 7a edici\u00f3n y con la colaboraci\u00f3n COTUCO Mexicali, Universidad Vizcaya de las Am\u00e9ricas y Grupo Educativo 16 de septiembre se ha seleccionado al ganador de la semifinal, que se realiz\u00f3 los pasados 22 y 23 de noviembre.<br \/>\nEsta es la 6\u00aa semifinal de la s\u00e9ptima edici\u00f3n del Concurso Cocinero del A\u00f1o M\u00e9xico, realizada en la Universidad Vizcaya de las Am\u00e9ricas de la ciudad de Mexicali; fue una semifinal regional que incluy\u00f3 a los estados de: Baja California y Baja California Sur.<br \/>\nGracias a la alianza establecida con L.A. Cetto, los participantes tuvieron a su disposici\u00f3n 10 diferentes vinos y fueron introducidos a ellos en una cata que tuvieron con la Sommelier Pilar Mer\u00e9, para que decidieran el<img decoding=\"async\" class=\"size-medium wp-image-437899 alignright\" src=\"https:\/\/dimensionturistica.com\/es\/wp-content\/uploads\/2022\/12\/XXXEntrada-300x169.jpg\" alt=\"\" width=\"300\" height=\"169\" srcset=\"https:\/\/dimensionturistica.com\/es\/wp-content\/uploads\/2022\/12\/XXXEntrada-300x169.jpg 300w, https:\/\/dimensionturistica.com\/es\/wp-content\/uploads\/2022\/12\/XXXEntrada.jpg 600w\" sizes=\"(max-width: 300px) 100vw, 300px\" \/>vino con el que maridar\u00edan posteriormente cada uno de sus platillos.<br \/>\nEn esta semifinal los 10 semifinalistas han sido:<br \/>\nAntonio G\u00f3mez Mortera &#8211; Salve Asador Campestre \u2013 Ensenada, Baja California.<br \/>\nLu\u00eds Alberto V\u00e1zquez Cervantes &#8211; Global Workforce, Discovery in Paserini &#8211; San Jos\u00e9 del<br \/>\nCabo, Baja California Sur.<br \/>\nEverardo F\u00e9lix Z\u00fa\u00f1iga &#8211; Exc\u00e9lsior Restaurante \u2013 Tijuana, Baja California<br \/>\nMario Alberto Medina Cordero &#8211; Las Rocas Resort and Spa \u2013 Rosarito, Baja California.<br \/>\nJuan Carlos Garc\u00eda Blackaller &#8211; Agua by One Palmilla and Only &#8211; Cabo San Lucas, Baja California Sur.<img decoding=\"async\" class=\"size-medium wp-image-437897 alignright\" src=\"https:\/\/dimensionturistica.com\/es\/wp-content\/uploads\/2022\/12\/XXXRaul-Soto-2-300x169.jpg\" alt=\"\" width=\"300\" height=\"169\" srcset=\"https:\/\/dimensionturistica.com\/es\/wp-content\/uploads\/2022\/12\/XXXRaul-Soto-2-300x169.jpg 300w, https:\/\/dimensionturistica.com\/es\/wp-content\/uploads\/2022\/12\/XXXRaul-Soto-2.jpg 600w\" sizes=\"(max-width: 300px) 100vw, 300px\" \/><br \/>\nRicardo Ra\u00fal S\u00e1nchez Chi\u00f1as &#8211; Lazzo de Tinto \u2013 Rosarito, Baja California.<br \/>\nDavid Rocha de la Cruz &#8211; Comal Restaurante &#8211; Ensenada , Baja California.<br \/>\nRa\u00fal Oswaldo Soto Dom\u00ednguez &#8211; Hotel Esperanza &#8211; Cabo San Lucas, Baja California Sur.<br \/>\nC\u00e9sar Enrique Arredondo Hern\u00e1ndez &#8211; Chef privado \u2013 Tijuana, Baja California.<br \/>\nEdgar Eduardo Olvera Ram\u00edrez &#8211; Vinoteca Tecate \u2013 Tecate, Baja California.<br \/>\nEl jurado ha sido integrado por:<br \/>\nAlfredo Villanueva, Chef propietario de Villa Torel y Mueso Cantina de Vinos, (BC).<br \/>\nBianca Castro, Chef repostera propietaria de Biscotti\u00b4s Reposter\u00eda Fina (BC).<br \/>\nJavier Plascencia, Chef propietario de Grupo Plascencia, con restaurantes en Baja California y Baja California Sur.<br \/>\nLu\u00eds Osuna, Director General de Grupo Panam\u00e1 y Chef propietario del restaurante Cayenna (SIN).<br \/>\nFrancisco Molina, Chef propietario del restaurante Evoka (TLAX).<br \/>\nPilar Mer\u00e9, Periodista enogastron\u00f3mica y vocera de L.A. Cetto.<br \/>\nRaquel del Castillo, Editora del suplemento Men\u00fa de El Universal (CDMX).<br \/>\nY como jurado de piso estuvieron los chefs:<img decoding=\"async\" class=\"size-medium wp-image-437904 alignright\" src=\"https:\/\/dimensionturistica.com\/es\/wp-content\/uploads\/2022\/12\/XXXXPostre-1-300x169.jpg\" alt=\"\" width=\"300\" height=\"169\" srcset=\"https:\/\/dimensionturistica.com\/es\/wp-content\/uploads\/2022\/12\/XXXXPostre-1-300x169.jpg 300w, https:\/\/dimensionturistica.com\/es\/wp-content\/uploads\/2022\/12\/XXXXPostre-1.jpg 600w\" sizes=\"(max-width: 300px) 100vw, 300px\" \/><br \/>\nClaudia Rodr\u00edguez, Chef docente de la Universidad Vizcaya de las Am\u00e9ricas (BC).<br \/>\nJos\u00e9 Nava, Director Institucional de gastronom\u00eda ne las Universidades de Vizacaya de las Am\u00e9ricas (BC).<br \/>\nAsimismo, se realiz\u00f3 un programa de clases magistrales y conferencias impartidas por los reconocidos jurados que nos han acompa\u00f1ado y que no han tenido costo alguno para el p\u00fablico; contando as\u00ed con la asistencia de m\u00e1s de 300 personas a cada una de las master classes.<br \/>\nDespu\u00e9s de dos arduos d\u00edas de competencia, en los cuales el jurado calific\u00f3 sabor, textura, creatividad, elecci\u00f3n adecuada de los vinos para el maridaje, higiene, procedimientos, etc; el ganador de esta semifinal y que representar\u00e1 a la regi\u00f3n en la Gran Final Nacional que se llevar\u00e1 a cabo en 2023, es Ra\u00fal Oswaldo Soto Dom\u00ednguez \u2013 Hotel Esperanza \u2013 Cabo San Lucas, BC.<br \/>\nCon un men\u00fa compuesto por:<br \/>\nEntrada &#8211; Baja kampachi curado en bacanora y kosho de naranjita, fermento de chile colorado y doraditos de sesos.<br \/>\nPlato Fuerte &#8211; Lengua de marrano alzado y pulpo a las brasas, mojo loretano, pur\u00e9 de talayote, texturas de ajo negro.<img decoding=\"async\" class=\"size-medium wp-image-437896 alignright\" src=\"https:\/\/dimensionturistica.com\/es\/wp-content\/uploads\/2022\/12\/XXXRaul-Soto-300x168.jpg\" alt=\"\" width=\"300\" height=\"168\" srcset=\"https:\/\/dimensionturistica.com\/es\/wp-content\/uploads\/2022\/12\/XXXRaul-Soto-300x168.jpg 300w, https:\/\/dimensionturistica.com\/es\/wp-content\/uploads\/2022\/12\/XXXRaul-Soto.jpg 600w\" sizes=\"(max-width: 300px) 100vw, 300px\" \/><br \/>\nPostre &#8211; Cremoso de kadakaam\u00e1n, d\u00e1til kadrawi, queso oreado y caf\u00e9 de talega La finalidad que impulsa a Cocinero del A\u00f1o M\u00e9xico es promover la gastronom\u00eda mexicana, apoyar al turismo gastron\u00f3mico y a los peque\u00f1os productores en un momento tan importante para la cocina tradicional mexicana, que en 2010 fue nombrada Patrimonio Cultural Inmaterial de la Humanidad por la UNESCO. Es por ello que, las mejores empresas del sector y entidades como<br \/>\nAlimentaria M\u00e9xico, Electrolux Profesional &#8211; Cocinas y Lavander\u00edas, Vinos L.A. Cetto, L\u2019Bistro, Proepta, entre otras, unen esfuerzos para encontrar al Cocinero del A\u00f1o de nuestro pa\u00eds.<\/p>\n","protected":false},"excerpt":{"rendered":"<p>El Cocinero del A\u00f1o M\u00e9xico ha realizado por segunda vez una semifinal en la ciudad de Mexicali, durante la 7a edici\u00f3n y con la colaboraci\u00f3n COTUCO Mexicali, Universidad Vizcaya de las Am\u00e9ricas y Grupo Educativo 16 de septiembre se ha seleccionado al ganador de la semifinal, que se realiz\u00f3 los pasados 22 y 23 de [&hellip;]<\/p>\n","protected":false},"author":1,"featured_media":437895,"comment_status":"open","ping_status":"closed","sticky":false,"template":"","format":"standard","meta":{"om_disable_all_campaigns":false,"jnews-multi-image_gallery":[],"jnews_single_post":{"source_name":"","source_url":"","via_name":"","via_url":"","override_template":"0","override":[{"template":"1","single_blog_custom":"","parallax":"1","fullscreen":"1","layout":"right-sidebar","sidebar":"default-sidebar","second_sidebar":"default-sidebar","sticky_sidebar":"1","share_position":"top","share_float_style":"share-monocrhome","show_share_counter":"1","show_view_counter":"1","show_featured":"1","show_post_meta":"1","show_post_author":"1","show_post_author_image":"1","show_post_date":"1","post_date_format":"default","post_date_format_custom":"Y\/m\/d","show_post_category":"1","show_post_reading_time":"0","post_reading_time_wpm":"300","show_zoom_button":"0","zoom_button_out_step":"2","zoom_button_in_step":"3","show_post_tag":"1","show_prev_next_post":"1","show_popup_post":"1","number_popup_post":"1","show_author_box":"0","show_post_related":"0","show_inline_post_related":"0"}],"override_image_size":"0","image_override":[{"single_post_thumbnail_size":"crop-500","single_post_gallery_size":"crop-500"}],"trending_post":"0","trending_post_position":"meta","trending_post_label":"Trending","sponsored_post":"0","sponsored_post_label":"Sponsored by","sponsored_post_name":"","sponsored_post_url":"","sponsored_post_logo_enable":"0","sponsored_post_logo":"","sponsored_post_desc":"","disable_ad":"0"},"jnews_primary_category":{"id":"","hide":""},"jnews_social_meta":{"fb_title":"","fb_description":"","fb_image":"","twitter_title":"","twitter_description":"","twitter_image":""},"footnotes":""},"categories":[43],"tags":[],"class_list":["post-437893","post","type-post","status-publish","format-standard","has-post-thumbnail","hentry","category-gourmet"],"_links":{"self":[{"href":"https:\/\/dimensionturistica.com\/es\/wp-json\/wp\/v2\/posts\/437893","targetHints":{"allow":["GET"]}}],"collection":[{"href":"https:\/\/dimensionturistica.com\/es\/wp-json\/wp\/v2\/posts"}],"about":[{"href":"https:\/\/dimensionturistica.com\/es\/wp-json\/wp\/v2\/types\/post"}],"author":[{"embeddable":true,"href":"https:\/\/dimensionturistica.com\/es\/wp-json\/wp\/v2\/users\/1"}],"replies":[{"embeddable":true,"href":"https:\/\/dimensionturistica.com\/es\/wp-json\/wp\/v2\/comments?post=437893"}],"version-history":[{"count":0,"href":"https:\/\/dimensionturistica.com\/es\/wp-json\/wp\/v2\/posts\/437893\/revisions"}],"wp:featuredmedia":[{"embeddable":true,"href":"https:\/\/dimensionturistica.com\/es\/wp-json\/wp\/v2\/media\/437895"}],"wp:attachment":[{"href":"https:\/\/dimensionturistica.com\/es\/wp-json\/wp\/v2\/media?parent=437893"}],"wp:term":[{"taxonomy":"category","embeddable":true,"href":"https:\/\/dimensionturistica.com\/es\/wp-json\/wp\/v2\/categories?post=437893"},{"taxonomy":"post_tag","embeddable":true,"href":"https:\/\/dimensionturistica.com\/es\/wp-json\/wp\/v2\/tags?post=437893"}],"curies":[{"name":"wp","href":"https:\/\/api.w.org\/{rel}","templated":true}]}}