{"id":437873,"date":"2022-12-04T15:14:54","date_gmt":"2022-12-04T15:14:54","guid":{"rendered":"https:\/\/dimensionturistica.com\/es\/?p=437873"},"modified":"2022-12-04T15:15:54","modified_gmt":"2022-12-04T15:15:54","slug":"celebra-la-epoca-decembrina-con-los-mejores-platillos-en-ometusco","status":"publish","type":"post","link":"https:\/\/dimensionturistica.com\/es\/celebra-la-epoca-decembrina-con-los-mejores-platillos-en-ometusco\/","title":{"rendered":"Celebra la \u00e9poca decembrina con los mejores platillos en\u00a0 Ometusco"},"content":{"rendered":"<p><img decoding=\"async\" class=\"size-medium wp-image-437881 alignright\" src=\"https:\/\/dimensionturistica.com\/es\/wp-content\/uploads\/2022\/12\/InterioresOmetusco_3M-6-225x300.jpg\" alt=\"\" width=\"225\" height=\"300\" srcset=\"https:\/\/dimensionturistica.com\/es\/wp-content\/uploads\/2022\/12\/InterioresOmetusco_3M-6-225x300.jpg 225w, https:\/\/dimensionturistica.com\/es\/wp-content\/uploads\/2022\/12\/InterioresOmetusco_3M-6.jpg 600w\" sizes=\"(max-width: 225px) 100vw, 225px\" \/>Es momento de que tu paladar disfrute de los deliciosos y cl\u00e1sicos platillos navide\u00f1os. Una de las mejores opciones de la Ciudad de M\u00e9xico es degustar el men\u00fa del restaurante Ometusco, que tiene una sorprendente propuesta gastron\u00f3mica mexicana.<br \/>\nCada a\u00f1o, diciembre se convierte en un fest\u00edn gracias a la comida que compartimos con nuestra familia y amigos. Durante la cena es tradicional comer pavo relleno o lomo de cerdo, pastas y guarniciones, sin dejar de lado los postres, pero \u00bfsabes c\u00f3mo surge esta tradici\u00f3n?<br \/>\nTe contamos algunos detalles.<br \/>\nLos aztecas celebraban el solsticio de invierno con la fiesta Panquetzaliztli y era com\u00fan comer pavo en esa \u00e9poca. Despu\u00e9s de la Conquista, con la llegada de los espa\u00f1oles se reemplaz\u00f3 esta fiesta por la celebraci\u00f3n navide\u00f1a cat\u00f3lica, la cual tambi\u00e9n inclu\u00eda comida, <img decoding=\"async\" class=\"size-medium wp-image-437878 alignleft\" src=\"https:\/\/dimensionturistica.com\/es\/wp-content\/uploads\/2022\/12\/IMG_5182-300x200.jpg\" alt=\"\" width=\"300\" height=\"200\" srcset=\"https:\/\/dimensionturistica.com\/es\/wp-content\/uploads\/2022\/12\/IMG_5182-300x200.jpg 300w, https:\/\/dimensionturistica.com\/es\/wp-content\/uploads\/2022\/12\/IMG_5182.jpg 600w\" sizes=\"(max-width: 300px) 100vw, 300px\" \/>conservando la degustaci\u00f3n del pavo, que hasta la fecha es considerado como un s\u00edmbolo de las cenas de la<img decoding=\"async\" class=\"size-medium wp-image-437880 alignright\" src=\"https:\/\/dimensionturistica.com\/es\/wp-content\/uploads\/2022\/12\/IMG_5789-200x300.jpg\" alt=\"\" width=\"200\" height=\"300\" srcset=\"https:\/\/dimensionturistica.com\/es\/wp-content\/uploads\/2022\/12\/IMG_5789-200x300.jpg 200w, https:\/\/dimensionturistica.com\/es\/wp-content\/uploads\/2022\/12\/IMG_5789.jpg 600w\" sizes=\"(max-width: 200px) 100vw, 200px\" \/> temporada.<br \/>\nEn Europa reportan que fue en el siglo XIX que la Navidad lleg\u00f3 para quedarse. De acuerdo a algunos historiadores, la reina Victoria y su familia aparecieron alrededor de un \u00e1rbol navide\u00f1o, lo que evolucion\u00f3 hasta convertirse en una fecha que qued\u00f3 establecida para convivir con la familia, disfrutando de comida, bebidas y regalos.<br \/>\nEn ese mismo siglo, en el Reino Unido acostumbraban comer pavo acompa\u00f1ado por papas, ensaladas y sopa de almendras. Con el paso del tiempo, cada pa\u00eds ha desarrollado sus propias costumbres y tradiciones, acompa\u00f1ando a este y otros platillos con diferentes guarniciones.<br \/>\nMen\u00fa navide\u00f1o en Ometusco<br \/>\nPechuga de pavo ahumada con salsa de c\u00edtricos y frutos rojos<br \/>\nPur\u00e9 de papa<br \/>\nBacalao de la casa con chiles g\u00fceros<br \/>\nLomo de cerdo relleno con jam\u00f3n serrano, espinacas, ar\u00e1ndanos y queso<img decoding=\"async\" class=\"size-medium wp-image-437879 alignright\" src=\"https:\/\/dimensionturistica.com\/es\/wp-content\/uploads\/2022\/12\/IMG_5320-200x300.jpg\" alt=\"\" width=\"200\" height=\"300\" srcset=\"https:\/\/dimensionturistica.com\/es\/wp-content\/uploads\/2022\/12\/IMG_5320-200x300.jpg 200w, https:\/\/dimensionturistica.com\/es\/wp-content\/uploads\/2022\/12\/IMG_5320.jpg 600w\" sizes=\"(max-width: 200px) 100vw, 200px\" \/><br \/>\nPur\u00e9 de coliflor rostizada y salsa de pimienta verde<br \/>\nEnsalada de manzana y cardamomo<br \/>\nPasta philo y coulis de frutos rojos<br \/>\nOmetusco es una propuesta de cocina de ciudad, con platillos tradicionales y de calidad excepcional, que evocan los sabores cotidianos de la gastronom\u00eda mexicana, servidos en una atm\u00f3sfera relajada, casual, cercana y confortable.<br \/>\nEl men\u00fa estar\u00e1 disponible en el restaurante a partir del 28 de noviembre. Los pedidos para llevar se deben hacer antes del 20 de diciembre, si quieres cenar ah\u00ed el 24 de diciembre, la fecha l\u00edmite para reservar es el 19 de diciembre.<br \/>\nDisfruta una Navidad gourmet al estilo Ometusco<\/p>\n","protected":false},"excerpt":{"rendered":"<p>Es momento de que tu paladar disfrute de los deliciosos y cl\u00e1sicos platillos navide\u00f1os. Una de las mejores opciones de la Ciudad de M\u00e9xico es degustar el men\u00fa del restaurante Ometusco, que tiene una sorprendente propuesta gastron\u00f3mica mexicana. Cada a\u00f1o, diciembre se convierte en un fest\u00edn gracias a la comida que compartimos con nuestra familia [&hellip;]<\/p>\n","protected":false},"author":1,"featured_media":437877,"comment_status":"open","ping_status":"closed","sticky":false,"template":"","format":"standard","meta":{"om_disable_all_campaigns":false,"jnews-multi-image_gallery":[],"jnews_single_post":{"source_name":"","source_url":"","via_name":"","via_url":"","override_template":"0","override":[{"template":"1","single_blog_custom":"","parallax":"1","fullscreen":"1","layout":"right-sidebar","sidebar":"default-sidebar","second_sidebar":"default-sidebar","sticky_sidebar":"1","share_position":"top","share_float_style":"share-monocrhome","show_share_counter":"1","show_view_counter":"1","show_featured":"1","show_post_meta":"1","show_post_author":"1","show_post_author_image":"1","show_post_date":"1","post_date_format":"default","post_date_format_custom":"Y\/m\/d","show_post_category":"1","show_post_reading_time":"0","post_reading_time_wpm":"300","show_zoom_button":"0","zoom_button_out_step":"2","zoom_button_in_step":"3","show_post_tag":"1","show_prev_next_post":"1","show_popup_post":"1","number_popup_post":"1","show_author_box":"0","show_post_related":"0","show_inline_post_related":"0"}],"override_image_size":"0","image_override":[{"single_post_thumbnail_size":"crop-500","single_post_gallery_size":"crop-500"}],"trending_post":"0","trending_post_position":"meta","trending_post_label":"Trending","sponsored_post":"0","sponsored_post_label":"Sponsored by","sponsored_post_name":"","sponsored_post_url":"","sponsored_post_logo_enable":"0","sponsored_post_logo":"","sponsored_post_desc":"","disable_ad":"0"},"jnews_primary_category":{"id":"","hide":""},"jnews_social_meta":{"fb_title":"","fb_description":"","fb_image":"","twitter_title":"","twitter_description":"","twitter_image":""},"footnotes":""},"categories":[43],"tags":[],"class_list":["post-437873","post","type-post","status-publish","format-standard","has-post-thumbnail","hentry","category-gourmet"],"_links":{"self":[{"href":"https:\/\/dimensionturistica.com\/es\/wp-json\/wp\/v2\/posts\/437873","targetHints":{"allow":["GET"]}}],"collection":[{"href":"https:\/\/dimensionturistica.com\/es\/wp-json\/wp\/v2\/posts"}],"about":[{"href":"https:\/\/dimensionturistica.com\/es\/wp-json\/wp\/v2\/types\/post"}],"author":[{"embeddable":true,"href":"https:\/\/dimensionturistica.com\/es\/wp-json\/wp\/v2\/users\/1"}],"replies":[{"embeddable":true,"href":"https:\/\/dimensionturistica.com\/es\/wp-json\/wp\/v2\/comments?post=437873"}],"version-history":[{"count":0,"href":"https:\/\/dimensionturistica.com\/es\/wp-json\/wp\/v2\/posts\/437873\/revisions"}],"wp:featuredmedia":[{"embeddable":true,"href":"https:\/\/dimensionturistica.com\/es\/wp-json\/wp\/v2\/media\/437877"}],"wp:attachment":[{"href":"https:\/\/dimensionturistica.com\/es\/wp-json\/wp\/v2\/media?parent=437873"}],"wp:term":[{"taxonomy":"category","embeddable":true,"href":"https:\/\/dimensionturistica.com\/es\/wp-json\/wp\/v2\/categories?post=437873"},{"taxonomy":"post_tag","embeddable":true,"href":"https:\/\/dimensionturistica.com\/es\/wp-json\/wp\/v2\/tags?post=437873"}],"curies":[{"name":"wp","href":"https:\/\/api.w.org\/{rel}","templated":true}]}}