{"id":437654,"date":"2022-12-03T23:48:37","date_gmt":"2022-12-03T23:48:37","guid":{"rendered":"https:\/\/dimensionturistica.com\/es\/?p=437654"},"modified":"2022-12-03T23:48:38","modified_gmt":"2022-12-03T23:48:38","slug":"estos-son-los-cuatro-hoteles-de-5-estrellas-de-la-capital-turistica","status":"publish","type":"post","link":"https:\/\/dimensionturistica.com\/es\/estos-son-los-cuatro-hoteles-de-5-estrellas-de-la-capital-turistica\/","title":{"rendered":"estos son los cuatro hoteles de 5 estrellas de la capital tur\u00edstica"},"content":{"rendered":"<p> <br \/>\n<\/p>\n<div id=\"article-body-content\" data-action=\"toggle\" data-status=\"on\">\n<p class=\"paragraph\" id=\"paragraph_1\">Benidorm, un pueblo de 70.000 habitantes<strong> con\u00a0m\u00e1s de 120 hoteles abiertos pr\u00e1cticamente todo el a\u00f1o.<\/strong> La capital tur\u00edstica de la Costa Blanca, la primera ciudad de Espa\u00f1a <a rel=\"nofollow noopener\" target=\"_blank\" href=\"https:\/\/www.elespanol.com\/alicante\/20221128\/benidorm-abrazo-cambio-pequeno-pesquero-avenida-mediterraneo\/721677827_0.html\">que aprob\u00f3 en la d\u00e9cada de los 50 un Plan General<\/a> de Ordenaci\u00f3n Urbana, vive y respira pr\u00e1cticamente para el turismo, con 11 millones de pernoctaciones y una <strong>industria hiperespecializada<\/strong> en satisfacer las demandas de los visitantes.\u00a0<\/p>\n<p class=\"paragraph\" id=\"paragraph_2\">En los \u00faltimos 15 a\u00f1os Benidorm ha sufrido una importante reconversi\u00f3n por parte de su planta hotelera, <strong>que ha elevado el est\u00e1ndar de calidad de las 3 a las 4 estrellas.<\/strong> Eso le ha permitido, por ejemplo, contar con un publico brit\u00e1nico muy fiel, que llena pr\u00e1cticamente la mitad de las plazas tanto en verano como en temporada baja.\u00a0<\/p>\n<p class=\"paragraph\" id=\"paragraph_3\">[<a rel=\"nofollow noopener\" target=\"_blank\" href=\"https:\/\/www.elespanol.com\/alicante\/benidorm\/20220708\/caminando-gigantes-rascacielos-altos-benidorm\/685931594_0.html\"><em>Caminando entre gigantes: estos son los rascacielos m\u00e1s altos de Benidorm<\/em><\/a>]<\/p>\n<p class=\"paragraph\" id=\"paragraph_4\">Porque <strong>lo que caracteriza a la oferta de la ciudad es la variedad.<\/strong> Desde resorts familiares hasta otros m\u00e1s enfocados al ocio, es muy dif\u00edcil que Benidorm no tenga el resort perfecto -tanto por comodidades como pr precio- para cada cliente.<\/p>\n<p class=\"paragraph\" id=\"paragraph_5\">Uno de los sectores que m\u00e1s crecimiento ha experimentado en los \u00faltimos a\u00f1os es el del lujo. Y Benidorm cuenta con cuatro establecimientos de la m\u00e1xima categor\u00eda (5 estrellas) distribuidos por su geograf\u00eda, <strong>dependiendo de las necesidades<\/strong> del consumidor.\u00a0<\/p>\n<div class=\"article-media \" itemscope=\"\" itemtype=\"http:\/\/schema.org\/ImageObject\">\n<p><img decoding=\"async\" alt=\"Una de las piscinas del Asia Gardens.\" data-imgm=\"true\" height=\"180\" loading=\"lazy\" sizes=\"auto, (max-width: 479px) 100vw, (max-width: 1023px) 80vw, 40vw\" src=\"https:\/\/s1.eestatic.com\/2022\/12\/01\/actualidad\/722688360_229178879_1024x576.jpg\" srcset=\"https:\/\/s1.eestatic.com\/2022\/12\/01\/actualidad\/722688360_229178882_320x180.jpg 320w, https:\/\/s1.eestatic.com\/2022\/12\/01\/actualidad\/722688360_229178881_640x360.jpg 640w, https:\/\/s1.eestatic.com\/2022\/12\/01\/actualidad\/722688360_229178880_864x486.jpg 864w, https:\/\/s1.eestatic.com\/2022\/12\/01\/actualidad\/722688360_229178879_1024x576.jpg 1024w, https:\/\/s1.eestatic.com\/2022\/12\/01\/actualidad\/722688360_229178878_1706x960.jpg 1706w\" width=\"320\"\/><\/p>\n<div class=\"article-media__caption\">\n<p>\n                    <span class=\"article-media__caption-description\"><br \/>\n                                    Una de las piscinas del Asia Gardens.<br \/>\n                            <\/span><\/p>\n<\/div><\/div>\n<p class=\"paragraph\" id=\"paragraph_6\"><strong>1. Asia Gardens Resort &amp; Thai Spa.<\/strong> Un establecimiento de la cadena Barcel\u00f3 Inns &amp; resort, est\u00e1 ubicado en la zona de rotondas de Terra M\u00edtica, a las afueras de Benidorm. Se trata de un resort que se vende como<strong> &#8220;un para\u00edso asi\u00e1tico en el Mediterr\u00e1neo&#8221;<\/strong> por su inspiraci\u00f3n tem\u00e1tica. De hecho, sus jardines cuentan con<span>\u00a0m\u00e1s de 3.000 especies tra\u00eddas de Asia. Dispone de siete piscinas, dos de ellas climatizadas, nueve restaurantes y un Thai Spa, adem\u00e1s de un exclusivo servicio de masajes.\u00a0<\/span>E<span>s miembro adem\u00e1s de Main Inns of the World.\u00a0<\/span>La noche en estas fechas suele estar a 300 euros, con un m\u00ednimo de dos penoctaciones.\u00a0<\/p>\n<div class=\"article-media \" itemscope=\"\" itemtype=\"http:\/\/schema.org\/ImageObject\">\n<p><img decoding=\"async\" alt=\"Una de las habitaciones en The Level at Meli\u00e1 Villaitana.\" data-imgm=\"true\" height=\"180\" loading=\"lazy\" sizes=\"auto, (max-width: 479px) 100vw, (max-width: 1023px) 80vw, 40vw\" src=\"https:\/\/s1.eestatic.com\/2022\/12\/01\/actualidad\/722688177_229173044_1024x576.jpg\" srcset=\"https:\/\/s1.eestatic.com\/2022\/12\/01\/actualidad\/722688177_229173047_320x180.jpg 320w, https:\/\/s1.eestatic.com\/2022\/12\/01\/actualidad\/722688177_229173046_640x360.jpg 640w, https:\/\/s1.eestatic.com\/2022\/12\/01\/actualidad\/722688177_229173045_864x486.jpg 864w, https:\/\/s1.eestatic.com\/2022\/12\/01\/actualidad\/722688177_229173044_1024x576.jpg 1024w, https:\/\/s1.eestatic.com\/2022\/12\/01\/actualidad\/722688177_229173043_1706x960.jpg 1706w\" width=\"320\"\/><\/p>\n<div class=\"article-media__caption\">\n<p>\n                    <span class=\"article-media__caption-description\"><br \/>\n                                    Una de las habitaciones en The Degree at Meli\u00e1 Villaitana.<br \/>\n                            <\/span><\/p>\n<\/div><\/div>\n<p class=\"paragraph\" id=\"paragraph_7\"><strong>2. The Degree at Meli\u00e1 Villaitana. <\/strong>Situado tambi\u00e9n al lado de Terra M\u00edtica, este resort con forma de villa mediterr\u00e1nea se encuentra <strong>entre dos campos de golf<\/strong> de la Costa Blanca. El establecimiento tiene una categor\u00eda de cuatro estrellas superior, pero dispone de habitaciones de 5 estrellas en la zona denominada The Degree. Pertenece al grupo Meli\u00e1. Cuenta con &#8220;servicios exclusivos, acceso a las zonas privadas del hotel y un personal impecable&#8221;, <strong>todo &#8220;dentro del ambiente m\u00e1s selecto&#8221;.<\/strong> Tambi\u00e9n se promociona para eventos especiales, como congresos o bodas. La habitaci\u00f3n est\u00e1 en estas fechas por unos 220 euros.\u00a0<\/p>\n<div class=\"article-media \" itemscope=\"\" itemtype=\"http:\/\/schema.org\/ImageObject\">\n<p><img decoding=\"async\" alt=\"Suite Presidencial en el Grand Luxor.\" data-imgm=\"true\" height=\"180\" loading=\"lazy\" sizes=\"auto, (max-width: 479px) 100vw, (max-width: 1023px) 80vw, 40vw\" src=\"https:\/\/s1.eestatic.com\/2022\/12\/01\/actualidad\/722687905_229164299_1024x576.jpg\" srcset=\"https:\/\/s1.eestatic.com\/2022\/12\/01\/actualidad\/722687905_229164302_320x180.jpg 320w, https:\/\/s1.eestatic.com\/2022\/12\/01\/actualidad\/722687905_229164301_640x360.jpg 640w, https:\/\/s1.eestatic.com\/2022\/12\/01\/actualidad\/722687905_229164300_864x486.jpg 864w, https:\/\/s1.eestatic.com\/2022\/12\/01\/actualidad\/722687905_229164299_1024x576.jpg 1024w, https:\/\/s1.eestatic.com\/2022\/12\/01\/actualidad\/722687905_229164298_1706x960.jpg 1706w\" width=\"320\"\/><\/p>\n<div class=\"article-media__caption\">\n<p>\n                    <span class=\"article-media__caption-description\"><br \/>\n                                    Suite Presidencial en el Grand Luxor.<br \/>\n                            <\/span><\/p>\n<\/div><\/div>\n<p class=\"paragraph\" id=\"paragraph_8\"><strong>3. Grand Luxor All Suites Premium. <\/strong>De nuevo, una zona de cinco estrellas dentro de un resort de categor\u00eda 4 superior. La suite Presidencial Grand Luxor All Suites <strong>dispone de 76 metros cuadrados<\/strong>, incluyendo dormitorio, sal\u00f3n comedor, ba\u00f1o completamente equipado con ba\u00f1era hidromasaje y terraza. Tambi\u00e9n tiene acceso a la una zona exclusiva en el comedor. Una opci\u00f3n algo m\u00e1s econ\u00f3mica <strong>son las suites premium,<\/strong> con habitaciones de 50 metros cuadrados. El Grand Luxor Resort est\u00e1 ubicado justo al lado del parque de atracciones Terra M\u00edtica, por lo que puede ser una opci\u00f3n interesante para el turismo acquainted.\u00a0\u00a0<\/p>\n<div class=\"article-media \" itemscope=\"\" itemtype=\"http:\/\/schema.org\/ImageObject\">\n<p><img decoding=\"async\" alt=\"Vistas desde la terraza del Villa Venecia, con la isla de Benidorm al fondo.\" data-imgm=\"true\" height=\"180\" loading=\"lazy\" sizes=\"auto, (max-width: 479px) 100vw, (max-width: 1023px) 80vw, 40vw\" src=\"https:\/\/s1.eestatic.com\/2022\/12\/01\/actualidad\/722688364_229178996_1024x576.jpg\" srcset=\"https:\/\/s1.eestatic.com\/2022\/12\/01\/actualidad\/722688364_229178999_320x180.jpg 320w, https:\/\/s1.eestatic.com\/2022\/12\/01\/actualidad\/722688364_229178998_640x360.jpg 640w, https:\/\/s1.eestatic.com\/2022\/12\/01\/actualidad\/722688364_229178997_864x486.jpg 864w, https:\/\/s1.eestatic.com\/2022\/12\/01\/actualidad\/722688364_229178996_1024x576.jpg 1024w, https:\/\/s1.eestatic.com\/2022\/12\/01\/actualidad\/722688364_229178995_1706x960.jpg 1706w\" width=\"320\"\/><\/p>\n<div class=\"article-media__caption\">\n<p>\n                    <span class=\"article-media__caption-description\"><br \/>\n                                    Vistas desde la terraza del Villa Venecia, con la isla de Benidorm al fondo.<br \/>\n                            <\/span><\/p>\n<\/div><\/div>\n<p class=\"paragraph\" id=\"paragraph_9\"><strong>4. Villa Venecia Boutique. <\/strong>Es el \u00fanico resort de 5 estrellas de Benidorm que se encuentra dentro del n\u00facleo urbano. De hecho, est\u00e1 situado en la parte m\u00e1s alta del casco antiguo, en la zona denominada El Castillo, que son los restos de <a rel=\"nofollow noopener\" target=\"_blank\" href=\"https:\/\/www.elespanol.com\/alicante\/20210529\/benidorm-capital-turistica-fortaleza-piratas-arrasada-ingleses\/584692335_0.html\">la antigua fortificaci\u00f3n que defend\u00eda a Benidorm de los piratas.<\/a> El establecimiento est\u00e1 &#8220;dise\u00f1ado<span>\u00a0para ofrecer una experiencia de relax y confort del m\u00e1s alto nivel&#8221;. Sus habitaciones <strong>est\u00e1n inspiradas en ciudades de la Comunidad Valenciana<\/strong>, y es perfecto para una escapada rom\u00e1ntica. Dispone de\u00a0<\/span><span>restaurante connoisseur, terraza Chill Out, vistas panor\u00e1micas y habitaci\u00f3n con jacuzzi. El precio varia dependiendo de la cetegor\u00eda de la habitaci\u00f3n, pero puede ir desde los 180 hasta los 400 euros.<\/span><\/p>\n<h3 class=\"follow-topics-title\"><span class=\"follow-topics-title__icon\"\/>Sigue los temas que te interesan<\/h3>\n<\/p><\/div>\n\n<p><em> &#8221; Fuentes news.google.com &#8221; <\/em><\/p>\n","protected":false},"excerpt":{"rendered":"<p>Benidorm, un pueblo de 70.000 habitantes con\u00a0m\u00e1s de 120 hoteles abiertos pr\u00e1cticamente todo el a\u00f1o. La capital tur\u00edstica de la Costa Blanca, la primera ciudad de Espa\u00f1a que aprob\u00f3 en la d\u00e9cada de los 50 un Plan General de Ordenaci\u00f3n Urbana, vive y respira pr\u00e1cticamente para el turismo, con 11 millones de pernoctaciones y una [&hellip;]<\/p>\n","protected":false},"author":4,"featured_media":437655,"comment_status":"open","ping_status":"closed","sticky":false,"template":"","format":"standard","meta":{"om_disable_all_campaigns":false,"jnews-multi-image_gallery":[],"jnews_single_post":[],"jnews_primary_category":[],"jnews_social_meta":[],"footnotes":""},"categories":[40],"tags":[19663,862,3005,863,715,544],"class_list":["post-437654","post","type-post","status-publish","format-standard","has-post-thumbnail","hentry","category-industria","tag-alicante-provincia","tag-benidorm","tag-comunidad-valenciana","tag-costa-blanca","tag-economia","tag-turismo"],"_links":{"self":[{"href":"https:\/\/dimensionturistica.com\/es\/wp-json\/wp\/v2\/posts\/437654","targetHints":{"allow":["GET"]}}],"collection":[{"href":"https:\/\/dimensionturistica.com\/es\/wp-json\/wp\/v2\/posts"}],"about":[{"href":"https:\/\/dimensionturistica.com\/es\/wp-json\/wp\/v2\/types\/post"}],"author":[{"embeddable":true,"href":"https:\/\/dimensionturistica.com\/es\/wp-json\/wp\/v2\/users\/4"}],"replies":[{"embeddable":true,"href":"https:\/\/dimensionturistica.com\/es\/wp-json\/wp\/v2\/comments?post=437654"}],"version-history":[{"count":0,"href":"https:\/\/dimensionturistica.com\/es\/wp-json\/wp\/v2\/posts\/437654\/revisions"}],"wp:featuredmedia":[{"embeddable":true,"href":"https:\/\/dimensionturistica.com\/es\/wp-json\/wp\/v2\/media\/437655"}],"wp:attachment":[{"href":"https:\/\/dimensionturistica.com\/es\/wp-json\/wp\/v2\/media?parent=437654"}],"wp:term":[{"taxonomy":"category","embeddable":true,"href":"https:\/\/dimensionturistica.com\/es\/wp-json\/wp\/v2\/categories?post=437654"},{"taxonomy":"post_tag","embeddable":true,"href":"https:\/\/dimensionturistica.com\/es\/wp-json\/wp\/v2\/tags?post=437654"}],"curies":[{"name":"wp","href":"https:\/\/api.w.org\/{rel}","templated":true}]}}