{"id":437524,"date":"2022-12-03T17:02:19","date_gmt":"2022-12-03T17:02:19","guid":{"rendered":"https:\/\/dimensionturistica.com\/es\/?p=437524"},"modified":"2022-12-03T17:02:19","modified_gmt":"2022-12-03T17:02:19","slug":"atelier-de-hoteles-se-adhiere-al-pacto-mundial-de-las-naciones-unidas-la-iniciativa-de-sostenibilidad-mas-grande-del-mundo","status":"publish","type":"post","link":"https:\/\/dimensionturistica.com\/es\/atelier-de-hoteles-se-adhiere-al-pacto-mundial-de-las-naciones-unidas-la-iniciativa-de-sostenibilidad-mas-grande-del-mundo\/","title":{"rendered":"ATELIER de Hoteles se adhiere al Pacto Mundial de las Naciones Unidas, la iniciativa de sostenibilidad m\u00e1s grande del mundo"},"content":{"rendered":"<p>ATELIER de Hoteles, la cadena hotelera mexicana distinguida por sus pilares de Hospitalidad Hecha a Mano\u00ae y Conciencia Eco- Social \u00ae, reafirm\u00f3 su compromiso con la sostenibilidad, al anunciar que forma parte de la Red del Pacto Mundial M\u00e9xico de las Naciones Unidas.<br \/>\nEl Pacto Mundial de las Naciones Unidas es un llamado a las empresas para que incorporen los principios universales relacionados con los derechos humanos, el trabajo, el medio ambiente y la lucha contra la<img decoding=\"async\" class=\"size-medium wp-image-437536 alignright\" src=\"https:\/\/dimensionturistica.com\/es\/wp-content\/uploads\/2022\/12\/ATELIER-PLAYA-MUJERES-2-300x200.jpeg\" alt=\"\" width=\"300\" height=\"200\" srcset=\"https:\/\/dimensionturistica.com\/es\/wp-content\/uploads\/2022\/12\/ATELIER-PLAYA-MUJERES-2-300x200.jpeg 300w, https:\/\/dimensionturistica.com\/es\/wp-content\/uploads\/2022\/12\/ATELIER-PLAYA-MUJERES-2-1024x683.jpeg 1024w, https:\/\/dimensionturistica.com\/es\/wp-content\/uploads\/2022\/12\/ATELIER-PLAYA-MUJERES-2-768x512.jpeg 768w, https:\/\/dimensionturistica.com\/es\/wp-content\/uploads\/2022\/12\/ATELIER-PLAYA-MUJERES-2-1536x1024.jpeg 1536w, https:\/\/dimensionturistica.com\/es\/wp-content\/uploads\/2022\/12\/ATELIER-PLAYA-MUJERES-2-750x500.jpeg 750w, https:\/\/dimensionturistica.com\/es\/wp-content\/uploads\/2022\/12\/ATELIER-PLAYA-MUJERES-2-1140x760.jpeg 1140w, https:\/\/dimensionturistica.com\/es\/wp-content\/uploads\/2022\/12\/ATELIER-PLAYA-MUJERES-2.jpeg 1600w\" sizes=\"(max-width: 300px) 100vw, 300px\" \/> corrupci\u00f3n en sus estrategias y operaciones, as\u00ed como la implementaci\u00f3n de los Objetivos del Desarrollo Sostenible (ODS), que delimitan el marco de trabajo de la compa\u00f1\u00eda y su desarrollo. \u201cReconocemos la sostenibilidad como la manera m\u00e1s responsable y \u00e9tica de hacer negocios.<br \/>\nPor esta raz\u00f3n, apostamos por una gesti\u00f3n ambiental, social y de gobernanza, sustentada en nuestros valores y plasmada en nuestras pol\u00edticas, pr\u00e1cticas y programas, reconociendo los intereses de los distintos grupos con los que nos relacionamos. Nuestro enfoque es la preservaci\u00f3n del medio ambiente, el bienestar de nuestros Arteleros y la satisfacci\u00f3n de los hu\u00e9spedes que visitan los resorts de ATELIER de Hoteles, as\u00ed como el de las comunidades donde tenemos presencia\u201d declar\u00f3 Oliver Reinhart, CEO de GrupoBD.<br \/>\nEsta alianza permite reafirmar el compromiso de ATELIER de Hoteles, comercializadora y operadora hotelera, a trav\u00e9s de su pilar de Conciencia Eco-Social\u00ae, hacia un modelo tur\u00edstico responsable y respetuoso con las personas y la naturaleza.<br \/>\n\u201cAdherirnos como miembros del Pacto Mundial de las Naciones Unidas refleja nuestro compromiso, como grupo, con la creaci\u00f3n de valor. Bajo nuestra filosof\u00eda \u2018Haz todo Con Amor\u2019, desarrollamos nuestro trabajo con profesionalidad y pasi\u00f3n, buscando el equilibrio para brindar el mejor servicio a nuestros grupos de inter\u00e9s, la sociedad y el medio ambiente\u201d afirm\u00f3 Beatriz Mora, Directora de Capital Humano de GrupoBD.<br \/>\nDesde su origen, ATELIER de Hoteles ha decidido asumir, de forma voluntaria, una gesti\u00f3n socialmente responsable, con un servicio de excelencia, a fin de brindar las mejores experiencias a sus hu\u00e9spedes, as\u00ed como, a sus Arteleros.<\/p>\n","protected":false},"excerpt":{"rendered":"<p>ATELIER de Hoteles, la cadena hotelera mexicana distinguida por sus pilares de Hospitalidad Hecha a Mano\u00ae y Conciencia Eco- Social \u00ae, reafirm\u00f3 su compromiso con la sostenibilidad, al anunciar que forma parte de la Red del Pacto Mundial M\u00e9xico de las Naciones Unidas. El Pacto Mundial de las Naciones Unidas es un llamado a las [&hellip;]<\/p>\n","protected":false},"author":1,"featured_media":437535,"comment_status":"open","ping_status":"closed","sticky":false,"template":"","format":"standard","meta":{"om_disable_all_campaigns":false,"jnews-multi-image_gallery":[],"jnews_single_post":{"source_name":"","source_url":"","via_name":"","via_url":"","override_template":"0","override":[{"template":"1","single_blog_custom":"","parallax":"1","fullscreen":"1","layout":"right-sidebar","sidebar":"default-sidebar","second_sidebar":"default-sidebar","sticky_sidebar":"1","share_position":"top","share_float_style":"share-monocrhome","show_share_counter":"1","show_view_counter":"1","show_featured":"1","show_post_meta":"1","show_post_author":"1","show_post_author_image":"1","show_post_date":"1","post_date_format":"default","post_date_format_custom":"Y\/m\/d","show_post_category":"1","show_post_reading_time":"0","post_reading_time_wpm":"300","show_zoom_button":"0","zoom_button_out_step":"2","zoom_button_in_step":"3","show_post_tag":"1","show_prev_next_post":"1","show_popup_post":"1","number_popup_post":"1","show_author_box":"0","show_post_related":"0","show_inline_post_related":"0"}],"override_image_size":"0","image_override":[{"single_post_thumbnail_size":"crop-500","single_post_gallery_size":"crop-500"}],"trending_post":"0","trending_post_position":"meta","trending_post_label":"Trending","sponsored_post":"0","sponsored_post_label":"Sponsored by","sponsored_post_name":"","sponsored_post_url":"","sponsored_post_logo_enable":"0","sponsored_post_logo":"","sponsored_post_desc":"","disable_ad":"0"},"jnews_primary_category":{"id":"","hide":""},"jnews_social_meta":{"fb_title":"","fb_description":"","fb_image":"","twitter_title":"","twitter_description":"","twitter_image":""},"footnotes":""},"categories":[39],"tags":[],"class_list":["post-437524","post","type-post","status-publish","format-standard","has-post-thumbnail","hentry","category-viajes"],"_links":{"self":[{"href":"https:\/\/dimensionturistica.com\/es\/wp-json\/wp\/v2\/posts\/437524","targetHints":{"allow":["GET"]}}],"collection":[{"href":"https:\/\/dimensionturistica.com\/es\/wp-json\/wp\/v2\/posts"}],"about":[{"href":"https:\/\/dimensionturistica.com\/es\/wp-json\/wp\/v2\/types\/post"}],"author":[{"embeddable":true,"href":"https:\/\/dimensionturistica.com\/es\/wp-json\/wp\/v2\/users\/1"}],"replies":[{"embeddable":true,"href":"https:\/\/dimensionturistica.com\/es\/wp-json\/wp\/v2\/comments?post=437524"}],"version-history":[{"count":0,"href":"https:\/\/dimensionturistica.com\/es\/wp-json\/wp\/v2\/posts\/437524\/revisions"}],"wp:featuredmedia":[{"embeddable":true,"href":"https:\/\/dimensionturistica.com\/es\/wp-json\/wp\/v2\/media\/437535"}],"wp:attachment":[{"href":"https:\/\/dimensionturistica.com\/es\/wp-json\/wp\/v2\/media?parent=437524"}],"wp:term":[{"taxonomy":"category","embeddable":true,"href":"https:\/\/dimensionturistica.com\/es\/wp-json\/wp\/v2\/categories?post=437524"},{"taxonomy":"post_tag","embeddable":true,"href":"https:\/\/dimensionturistica.com\/es\/wp-json\/wp\/v2\/tags?post=437524"}],"curies":[{"name":"wp","href":"https:\/\/api.w.org\/{rel}","templated":true}]}}