{"id":437472,"date":"2022-12-03T14:50:20","date_gmt":"2022-12-03T14:50:20","guid":{"rendered":"https:\/\/dimensionturistica.com\/es\/?p=437472"},"modified":"2022-12-03T14:50:20","modified_gmt":"2022-12-03T14:50:20","slug":"para-esta-navidad-faber-castell-presenta-su-set-para-iluminar-alma-naturaleza","status":"publish","type":"post","link":"https:\/\/dimensionturistica.com\/es\/para-esta-navidad-faber-castell-presenta-su-set-para-iluminar-alma-naturaleza\/","title":{"rendered":"Para esta navidad, Faber-Castell presenta su set para iluminar \u201cAlma Naturaleza\u201d"},"content":{"rendered":"<p>Para esta navidad, Faber-Castell marca internacional l\u00edder en productos de escritura presenta el set \u201cAlma<img decoding=\"async\" class=\"size-medium wp-image-437479 alignright\" src=\"https:\/\/dimensionturistica.com\/es\/wp-content\/uploads\/2022\/12\/IMG_9594-300x300.jpg\" alt=\"\" width=\"300\" height=\"300\" srcset=\"https:\/\/dimensionturistica.com\/es\/wp-content\/uploads\/2022\/12\/IMG_9594-300x300.jpg 300w, https:\/\/dimensionturistica.com\/es\/wp-content\/uploads\/2022\/12\/IMG_9594-1024x1022.jpg 1024w, https:\/\/dimensionturistica.com\/es\/wp-content\/uploads\/2022\/12\/IMG_9594-150x150.jpg 150w, https:\/\/dimensionturistica.com\/es\/wp-content\/uploads\/2022\/12\/IMG_9594-768x766.jpg 768w, https:\/\/dimensionturistica.com\/es\/wp-content\/uploads\/2022\/12\/IMG_9594-75x75.jpg 75w, https:\/\/dimensionturistica.com\/es\/wp-content\/uploads\/2022\/12\/IMG_9594-350x350.jpg 350w, https:\/\/dimensionturistica.com\/es\/wp-content\/uploads\/2022\/12\/IMG_9594-750x748.jpg 750w, https:\/\/dimensionturistica.com\/es\/wp-content\/uploads\/2022\/12\/IMG_9594-1140x1137.jpg 1140w, https:\/\/dimensionturistica.com\/es\/wp-content\/uploads\/2022\/12\/IMG_9594.jpg 1284w\" sizes=\"(max-width: 300px) 100vw, 300px\" \/> Naturaleza\u201d, que incluye un hermoso libro de mandalas con 36 dise\u00f1os inspirados en mandalas, flores y formas org\u00e1nicas, adem\u00e1s de 72 plumones Fiesta 45, perfectos para disfrutar de la temporada y de las pr\u00f3ximas vacaciones navide\u00f1as.<br \/>\nEst\u00e1 comprobado que iluminar estimula la creatividad y promueve la concentraci\u00f3n y la relajaci\u00f3n, ya que esta actividad ayuda a concectar con el interior. Esto ayuda a disminuir la sensaci\u00f3n de estr\u00e9s y centrar toda la atenci\u00f3n en el dibujo.<br \/>\nEl uso de los colores, pone en manifiesto sentimientos, <img decoding=\"async\" class=\"size-medium wp-image-437478 alignleft\" src=\"https:\/\/dimensionturistica.com\/es\/wp-content\/uploads\/2022\/12\/IMG_9595-297x300.jpg\" alt=\"\" width=\"297\" height=\"300\" srcset=\"https:\/\/dimensionturistica.com\/es\/wp-content\/uploads\/2022\/12\/IMG_9595-297x300.jpg 297w, https:\/\/dimensionturistica.com\/es\/wp-content\/uploads\/2022\/12\/IMG_9595-1014x1024.jpg 1014w, https:\/\/dimensionturistica.com\/es\/wp-content\/uploads\/2022\/12\/IMG_9595-768x776.jpg 768w, https:\/\/dimensionturistica.com\/es\/wp-content\/uploads\/2022\/12\/IMG_9595-75x75.jpg 75w, https:\/\/dimensionturistica.com\/es\/wp-content\/uploads\/2022\/12\/IMG_9595-750x758.jpg 750w, https:\/\/dimensionturistica.com\/es\/wp-content\/uploads\/2022\/12\/IMG_9595-1140x1152.jpg 1140w, https:\/\/dimensionturistica.com\/es\/wp-content\/uploads\/2022\/12\/IMG_9595.jpg 1283w\" sizes=\"(max-width: 297px) 100vw, 297px\" \/>pensamientos y emociones. Dibujar e iluminar es la mejor forma de aprender tambi\u00e9n.<br \/>\nLos plumones Fiesta 45 de Faber-Castell impresionan por sus vivos colores, que permiten llevar a cabo una variedad de t\u00e9nicas y mezclas, que dan lugar a la creatividad y a la diversi\u00f3n sin limite. La gama de 72 colores (que tambi\u00e9n se venden por separado), incluyen 6 tonos ne\u00f3n, 6 pastel y 6 piel. Su tinta al agua a base de colores alimentarios los hace no-t\u00f3xicos y que la ropa o la piel no se manchen. Tienen dise\u00f1o contempor\u00e1neo y espacio en blanco para colocar el nombre del usuario.<br \/>\nEl set \u201cAlma Naturaleza\u201d que ya se encuentra disponible en Costco M\u00e9xico dentro de una hermosa caja de cart\u00f3n reciclado, es el detalle perfecto para regalar en esta navidad.<\/p>\n","protected":false},"excerpt":{"rendered":"<p>Para esta navidad, Faber-Castell marca internacional l\u00edder en productos de escritura presenta el set \u201cAlma Naturaleza\u201d, que incluye un hermoso libro de mandalas con 36 dise\u00f1os inspirados en mandalas, flores y formas org\u00e1nicas, adem\u00e1s de 72 plumones Fiesta 45, perfectos para disfrutar de la temporada y de las pr\u00f3ximas vacaciones navide\u00f1as. Est\u00e1 comprobado que iluminar [&hellip;]<\/p>\n","protected":false},"author":1,"featured_media":437476,"comment_status":"open","ping_status":"closed","sticky":false,"template":"","format":"standard","meta":{"om_disable_all_campaigns":false,"jnews-multi-image_gallery":[],"jnews_single_post":{"source_name":"","source_url":"","via_name":"","via_url":"","override_template":"0","override":[{"template":"1","single_blog_custom":"","parallax":"1","fullscreen":"1","layout":"right-sidebar","sidebar":"default-sidebar","second_sidebar":"default-sidebar","sticky_sidebar":"1","share_position":"top","share_float_style":"share-monocrhome","show_share_counter":"1","show_view_counter":"1","show_featured":"1","show_post_meta":"1","show_post_author":"1","show_post_author_image":"1","show_post_date":"1","post_date_format":"default","post_date_format_custom":"Y\/m\/d","show_post_category":"1","show_post_reading_time":"0","post_reading_time_wpm":"300","show_zoom_button":"0","zoom_button_out_step":"2","zoom_button_in_step":"3","show_post_tag":"1","show_prev_next_post":"1","show_popup_post":"1","number_popup_post":"1","show_author_box":"0","show_post_related":"0","show_inline_post_related":"0"}],"override_image_size":"0","image_override":[{"single_post_thumbnail_size":"crop-500","single_post_gallery_size":"crop-500"}],"trending_post":"0","trending_post_position":"meta","trending_post_label":"Trending","sponsored_post":"0","sponsored_post_label":"Sponsored by","sponsored_post_name":"","sponsored_post_url":"","sponsored_post_logo_enable":"0","sponsored_post_logo":"","sponsored_post_desc":"","disable_ad":"0"},"jnews_primary_category":{"id":"","hide":""},"jnews_social_meta":{"fb_title":"","fb_description":"","fb_image":"","twitter_title":"","twitter_description":"","twitter_image":""},"footnotes":""},"categories":[40],"tags":[],"class_list":["post-437472","post","type-post","status-publish","format-standard","has-post-thumbnail","hentry","category-industria"],"_links":{"self":[{"href":"https:\/\/dimensionturistica.com\/es\/wp-json\/wp\/v2\/posts\/437472","targetHints":{"allow":["GET"]}}],"collection":[{"href":"https:\/\/dimensionturistica.com\/es\/wp-json\/wp\/v2\/posts"}],"about":[{"href":"https:\/\/dimensionturistica.com\/es\/wp-json\/wp\/v2\/types\/post"}],"author":[{"embeddable":true,"href":"https:\/\/dimensionturistica.com\/es\/wp-json\/wp\/v2\/users\/1"}],"replies":[{"embeddable":true,"href":"https:\/\/dimensionturistica.com\/es\/wp-json\/wp\/v2\/comments?post=437472"}],"version-history":[{"count":0,"href":"https:\/\/dimensionturistica.com\/es\/wp-json\/wp\/v2\/posts\/437472\/revisions"}],"wp:featuredmedia":[{"embeddable":true,"href":"https:\/\/dimensionturistica.com\/es\/wp-json\/wp\/v2\/media\/437476"}],"wp:attachment":[{"href":"https:\/\/dimensionturistica.com\/es\/wp-json\/wp\/v2\/media?parent=437472"}],"wp:term":[{"taxonomy":"category","embeddable":true,"href":"https:\/\/dimensionturistica.com\/es\/wp-json\/wp\/v2\/categories?post=437472"},{"taxonomy":"post_tag","embeddable":true,"href":"https:\/\/dimensionturistica.com\/es\/wp-json\/wp\/v2\/tags?post=437472"}],"curies":[{"name":"wp","href":"https:\/\/api.w.org\/{rel}","templated":true}]}}