{"id":437441,"date":"2022-12-03T13:22:14","date_gmt":"2022-12-03T13:22:14","guid":{"rendered":"https:\/\/dimensionturistica.com\/es\/?p=437441"},"modified":"2022-12-03T13:22:14","modified_gmt":"2022-12-03T13:22:14","slug":"la-capital-verde-europea-en-2023","status":"publish","type":"post","link":"https:\/\/dimensionturistica.com\/es\/la-capital-verde-europea-en-2023\/","title":{"rendered":"La Capital Verde Europea en 2023"},"content":{"rendered":"<p> <br \/>\n<\/p>\n<div>\n<div id=\"involveds\" class=\"involveds wrap\">\n<div class=\"involved-authors only-author\">\n<div class=\"first-author\">\n<figure class=\"thumb col-xs-3\">&#13;<img loading=\"lazy\" decoding=\"async\" src=\"https:\/\/news.google.com\/medio\/2021\/12\/15\/xell_b48658f1_600x600.png\" alt=\"Xell\" class=\"lazyload\" width=\"600\" height=\"600\" data-aspectratio=\"600\/600\"\/><noscript><img decoding=\"async\" src=\"https:\/\/news.google.com\/medio\/2021\/12\/15\/xell_b48658f1_600x600.png\" alt=\"Xell\"\/><\/noscript>&#13;<\/figure>\n<\/div>\n<\/div>\n<\/div>\n<p class=\"date\"> <time itemprop=\"dateModified\" datetime=\"2022-12-03T07:00:00+01:00\" data-timestamp=\"1670050800\">&#13;03 de diciembre de 2022 \u00b7 07:00<\/time>&#13;<\/p>\n<\/div>\n<div id=\"article-text\">\n<div class=\"txt\">\n<aside class=\"subscription-highlighted\">\n<div class=\"subscription-container\">\n<div class=\"non-subscribed\">\n<p class=\"description\">Cyber Monday. Suscr\u00edbete hoy al -50% a la revista Viajes Nationwide Geographic y explora nuevos destinos<\/p>\n<p><a rel=\"nofollow noopener\" target=\"_blank\" href=\"https:\/\/tienda.rba.es\/revistas\/viajes-national-geographic?rba_source=viajes.nationalgeographic.com.es&amp;rba_medium=referral&amp;rba_campaign=NGMV&amp;rba_content=frase-articulo\" class=\"more-link\">EMPIEZA YA<\/a><\/div>\n<\/div>\n<\/aside>\n<p style=\"display: none;\"><img decoding=\"async\" id=\"ctl01_ctl00_phMain_phMain_ctl00_ctl02_ctl17_ctl01_imgContent\" src=\"https:\/\/news.google.com\/medio\/2022\/12\/02\/tallin_5f0e3264_800x800.jpg\" alt=\"Tallin\" style=\"border-width:0px;\"\/><\/p>\n<aside class=\"add300x250 publi-interior-top ad-container-r1 ad-inline\"\/>\n<p>Las ciudades de los 15 minutos ya son una realidad. Desde que la alcaldesa de Par\u00eds, Anne Hidalgo, populariz\u00f3 el t\u00e9rmino en 2015 en la COP21, cada vez son m\u00e1s las urbes que trabajan para construir un modelo en el que se pueda llegar a todos los servicios esenciales en un cuarto de hora a pie o en bici. Esta es una de las estrategias de <a rel=\"nofollow noopener\" target=\"_blank\" href=\"https:\/\/viajes.nationalgeographic.com.es\/a\/tallin-14000-pasos-y-muchos-encantos-medievales_18416\">Tallin<\/a> para reducir sus emisiones de cara a 2035 y que le han llevado a ser Capital Verde Europea en 2023.<\/p>\n<p>Su ubicaci\u00f3n en el centro del Golfo de Finlandia del Mar B\u00e1ltico convirti\u00f3 Tallin en un enclave portuario importante ya en el siglo X. Hoy, aunque su puerto sigue siendo uno de los mayores de la regi\u00f3n del B\u00e1ltico, el comercio ha dado el relieve a las nuevas tecnolog\u00edas como primera fuente de ingresos de la ciudad. No en vano, <a rel=\"nofollow noopener\" target=\"_blank\" href=\"https:\/\/viajes.nationalgeographic.com.es\/a\/estonia-parques-naturales-y-ciudades-conexion-wifi_14432\">Estonia est\u00e1 considerada como el Silicon Valley del Mar B\u00e1ltico<\/a>. Gracias a esto, ha conseguido adoptar la ambiciosa estrategia de desarrollo Tallin 2035, con el que se aborda la neutralidad de carbono, la adaptaci\u00f3n al clima, la innovaci\u00f3n, la salud, la movilidad, la biodiversidad, la econom\u00eda round, la energ\u00eda sostenible y la producci\u00f3n de alimentos. Adem\u00e1s, fue la primera capital del continente en ofrecer transporte p\u00fablico gratuito a sus ciudadanos.<\/p>\n<p>Esta estrategia y otras medidas han alzado Tallin como la Capital Verde Europea 2023. Seg\u00fan informa el jurado de la Comisi\u00f3n Europea en una nota de prensa, &#8220;Tallin ha mostrado un enfoque sist\u00e9mico en su transici\u00f3n hacia la sostenibilidad con objetivos estrat\u00e9gicos interconectados para 2035, vinculados a los Objetivos de Desarrollo Sostenible de la ONU. Adem\u00e1s, la ciudad es la \u00fanica de las finalistas que ha firmado el Acuerdo de Ciudad Verde&#8221;.<\/p>\n<p>La ciudad -donde se habl\u00f3 por primera vez sobre la capitalidad verde europea por iniciativa del antiguo alcalde, J\u00fcri Ratas, en 2006- toma el testigo de Grenoble, y en 2024 lo pasar\u00e1 a <a rel=\"nofollow noopener\" target=\"_blank\" href=\"https:\/\/viajes.nationalgeographic.com.es\/lifestyle\/por-que-valencia-sera-capital-verde-europea-2024_18718\">Valencia, una ciudad a la que le sobran motivos para alzarse con este t\u00edtulo.<\/a><\/p>\n<aside class=\"add300x600 publi-interior-bot ad-inline ad-container-r2\"\/><\/div>\n<p><!-- START:toolbar --><!-- END:toolbar --><\/div>\n\n<p><em> &#8221; Fuentes news.google.com &#8221; <\/em><\/p>\n","protected":false},"excerpt":{"rendered":"<p>&#13;&#13; &#13;03 de diciembre de 2022 \u00b7 07:00&#13; Cyber Monday. Suscr\u00edbete hoy al -50% a la revista Viajes Nationwide Geographic y explora nuevos destinos EMPIEZA YA Las ciudades de los 15 minutos ya son una realidad. Desde que la alcaldesa de Par\u00eds, Anne Hidalgo, populariz\u00f3 el t\u00e9rmino en 2015 en la COP21, cada vez son [&hellip;]<\/p>\n","protected":false},"author":4,"featured_media":437442,"comment_status":"open","ping_status":"closed","sticky":false,"template":"","format":"standard","meta":{"om_disable_all_campaigns":false,"jnews-multi-image_gallery":[],"jnews_single_post":[],"jnews_primary_category":[],"jnews_social_meta":[],"footnotes":""},"categories":[39],"tags":[47258,47257],"class_list":["post-437441","post","type-post","status-publish","format-standard","has-post-thumbnail","hentry","category-viajes","tag-cargado-desde-el-fichero-de-recursos","tag-keywords-por-defecto"],"_links":{"self":[{"href":"https:\/\/dimensionturistica.com\/es\/wp-json\/wp\/v2\/posts\/437441","targetHints":{"allow":["GET"]}}],"collection":[{"href":"https:\/\/dimensionturistica.com\/es\/wp-json\/wp\/v2\/posts"}],"about":[{"href":"https:\/\/dimensionturistica.com\/es\/wp-json\/wp\/v2\/types\/post"}],"author":[{"embeddable":true,"href":"https:\/\/dimensionturistica.com\/es\/wp-json\/wp\/v2\/users\/4"}],"replies":[{"embeddable":true,"href":"https:\/\/dimensionturistica.com\/es\/wp-json\/wp\/v2\/comments?post=437441"}],"version-history":[{"count":0,"href":"https:\/\/dimensionturistica.com\/es\/wp-json\/wp\/v2\/posts\/437441\/revisions"}],"wp:featuredmedia":[{"embeddable":true,"href":"https:\/\/dimensionturistica.com\/es\/wp-json\/wp\/v2\/media\/437442"}],"wp:attachment":[{"href":"https:\/\/dimensionturistica.com\/es\/wp-json\/wp\/v2\/media?parent=437441"}],"wp:term":[{"taxonomy":"category","embeddable":true,"href":"https:\/\/dimensionturistica.com\/es\/wp-json\/wp\/v2\/categories?post=437441"},{"taxonomy":"post_tag","embeddable":true,"href":"https:\/\/dimensionturistica.com\/es\/wp-json\/wp\/v2\/tags?post=437441"}],"curies":[{"name":"wp","href":"https:\/\/api.w.org\/{rel}","templated":true}]}}