{"id":437379,"date":"2022-12-03T09:34:23","date_gmt":"2022-12-03T09:34:23","guid":{"rendered":"https:\/\/dimensionturistica.com\/es\/?p=437379"},"modified":"2022-12-03T09:34:23","modified_gmt":"2022-12-03T09:34:23","slug":"seis-exposiciones-imprescindibles-para-visitar-este-puente-de-diciembre","status":"publish","type":"post","link":"https:\/\/dimensionturistica.com\/es\/seis-exposiciones-imprescindibles-para-visitar-este-puente-de-diciembre\/","title":{"rendered":"Seis exposiciones imprescindibles para visitar este puente de diciembre"},"content":{"rendered":"<p> <br \/>\n<\/p>\n<div>\n<aside class=\"subscription-highlighted\">\n<div class=\"subscription-container\">\n<div class=\"non-subscribed\">\n<p class=\"description\">Cyber Monday. Suscr\u00edbete hoy al -50% a la revista Viajes Nationwide Geographic y explora nuevos destinos<\/p>\n<p><a rel=\"nofollow noopener\" target=\"_blank\" href=\"https:\/\/tienda.rba.es\/revistas\/viajes-national-geographic?rba_source=viajes.nationalgeographic.com.es&amp;rba_medium=referral&amp;rba_campaign=NGMV&amp;rba_content=frase-articulo\" class=\"more-link\">EMPIEZA YA<\/a><\/div>\n<\/div>\n<\/aside>\n<p style=\"display: none;\"><img decoding=\"async\" id=\"ctl01_ctl00_phMain_phMain_ctl00_ctl02_ctl17_ctl01_imgContent\" src=\"https:\/\/news.google.com\/medio\/2022\/12\/01\/viena-albertina_45cedac1_800x800.jpg\" alt=\"Viena Albertina\" style=\"border-width:0px;\"\/><\/p>\n<aside class=\"add300x250 publi-interior-top ad-container-r1 ad-inline\"\/>\n<figure class=\"thumb zoom\"><img loading=\"lazy\" decoding=\"async\" sizes=\"auto, 100vw\" srcset=\"https:\/\/news.google.com\/medio\/2022\/11\/30\/captura-de-pantalla-2022-11-30-a-las-104953_a99536e6_720x514.png 720w,https:\/\/news.google.com\/medio\/2022\/11\/30\/captura-de-pantalla-2022-11-30-a-las-104953_55085f47_1200x858.png 1200w\" src=\"https:\/\/news.google.com\/medio\/2022\/11\/30\/captura-de-pantalla-2022-11-30-a-las-104953_55085f47_1200x858.png\" class=\"lazyload\" width=\"1200\" height=\"858\" data-aspectratio=\"1200\/858\"\/><noscript><img decoding=\"async\" src=\"https:\/\/news.google.com\/medio\/2022\/11\/30\/captura-de-pantalla-2022-11-30-a-las-104953_55085f47_1200x858.png\"\/><\/noscript><\/p>\n<p>&#13;<figcaption class=\"by\">&#13;\u00ab24 cabezas\u00bb (1957), Antonio Saura. Museo Guggemheim de Bilbao.<\/figcaption>&#13;<\/p>\n<\/figure>\n<h2>25 a\u00f1os del Guggenheim de Bilbao<\/h2>\n<p>Hasta last de a\u00f1o se puede aprovechar para contemplar la exposici\u00f3n \u00abSecciones \/ Intersecciones\u00bb que ha organizado el <a rel=\"nofollow noopener\" target=\"_blank\" href=\"https:\/\/viajes.nationalgeographic.com.es\/gastronomia\/nerua-unico-restaurante-estrella-michelin-que-se-encuentra-museo_18576\"><strong>Museo Guggenheim <\/strong><\/a>para conmemorar el 25 aniversario desde su inauguraci\u00f3n en 1997. La exposici\u00f3n bilba\u00edna, nutrida por la propia colecci\u00f3n del museo y centrada en arte contempor\u00e1neo, est\u00e1 dise\u00f1ada como un gran tr\u00edptico expositivo, con tres tem\u00e1ticas que dialogan entre ellas y permiten redescubrir las obras que han marcado hist\u00f3ricamente tanto el inside como el exterior del centro. Cada planta ofrece una tem\u00e1tica de la colecci\u00f3n: <em>Secciones\/Intersecciones. La vida materials<\/em> en la galer\u00eda 105; <em>Desplegando narrativas <\/em>en la segunda planta; y <em>Marcando la historia <\/em>en la tercera son los ejes que ofrecen por vez primera una revisi\u00f3n panor\u00e1mica del fondo del museo y sus grandes adquisiciones desde su fundaci\u00f3n a nuestros d\u00edas. <strong>Hasta el 22 de enero de 2023<\/strong>.<\/p>\n<figure class=\"thumb zoom\"><img loading=\"lazy\" decoding=\"async\" sizes=\"auto, 100vw\" srcset=\"https:\/\/news.google.com\/medio\/2022\/11\/30\/1-bloc-de-paroi-scene-de-boulangerie_80d2f142_720x640.jpg 720w,https:\/\/news.google.com\/medio\/2022\/11\/30\/1-bloc-de-paroi-scene-de-boulangerie_49344395_1200x1067.jpg 1200w\" src=\"https:\/\/news.google.com\/medio\/2022\/11\/30\/1-bloc-de-paroi-scene-de-boulangerie_49344395_1200x1067.jpg\" class=\"lazyload\" width=\"1200\" height=\"1067\" data-aspectratio=\"1200\/1067\"\/><noscript><img decoding=\"async\" src=\"https:\/\/news.google.com\/medio\/2022\/11\/30\/1-bloc-de-paroi-scene-de-boulangerie_49344395_1200x1067.jpg\"\/><\/noscript><\/p>\n<p>&#13;<figcaption class=\"by\">&#13;\u00abEscena de panader\u00eda\u00bb (2500.2350 a.C.). RMN Grand Palais \/ Museo del Louvre de Par\u00eds. Foto: Franck Raux.<\/figcaption>&#13;<\/p>\n<\/figure>\n<h2>De Egipto a Uzbekist\u00e1n en el Louvre de Par\u00eds<\/h2>\n<p>El <strong>Louvre parisino<\/strong> presenta dos exposici\u00f3n estrella. \u00ab<a rel=\"nofollow noopener\" target=\"_blank\" href=\"https:\/\/viajes.nationalgeographic.com.es\/lifestyle\/louvre-resucita-naturaleza-muerta-pintura_18757\">Cosas. Una historia de la naturaleza muerta<\/a>\u00bb, es una unique muestra dedicada a este g\u00e9nero art\u00edstico, desde el arte egipcio al siglo XXI. <strong>Programada hasta el 23 de enero del 2023.<\/strong> La segunda propuesta es \u00abEsplendor de los oasis de Uzbekist\u00e1n\u00bb, un viaje de 16 siglos por el arte fabuloso de aquella regi\u00f3n de Asia Central: se han reunido 180 piezas nunca antes expuestas fuera del pa\u00eds, todas recuperadas de enclaves arqueol\u00f3gicos y de destinos m\u00edticos como <a rel=\"nofollow noopener\" target=\"_blank\" href=\"https:\/\/viajes.nationalgeographic.com.es\/a\/video-samarcanda-90-segundos_17635\">Samarcanda<\/a> y Bujara. <strong>Puede verse hasta el 6 de marzo de 2023<\/strong>. Y un apunte last en el Louvre Lens, al norte de Par\u00eds, que acoge la importante exposici\u00f3n de 350 piezas egipcias en \u00abCaminos de los jerogl\u00edficos\u00bb, con motivo del bicentenario en 2022 de su desciframiento por Jean-Fran\u00e7ois Champollion. <strong>Hasta el 16 de enero de 2023.<\/strong><\/p>\n<figure class=\"thumb zoom\"><img loading=\"lazy\" decoding=\"async\" sizes=\"auto, 100vw\" srcset=\"https:\/\/news.google.com\/medio\/2022\/11\/30\/jmw-turner-going-to-the-ball-san-martino-photo-c-tate_49ad8a20_720x478.jpg 720w,https:\/\/news.google.com\/medio\/2022\/11\/30\/jmw-turner-going-to-the-ball-san-martino-photo-c-tate_100af5bc_780x518.jpg 780w\" src=\"https:\/\/news.google.com\/medio\/2022\/11\/30\/jmw-turner-going-to-the-ball-san-martino-photo-c-tate_100af5bc_780x518.jpg\" class=\"lazyload\" width=\"780\" height=\"518\" data-aspectratio=\"780\/518\"\/><noscript><img decoding=\"async\" src=\"https:\/\/news.google.com\/medio\/2022\/11\/30\/jmw-turner-going-to-the-ball-san-martino-photo-c-tate_100af5bc_780x518.jpg\"\/><\/noscript><\/p>\n<p>&#13;<figcaption class=\"by\">&#13;\u00abIr al baile. San Martino\u00bb (1775-1851), J.M.W. Turner (1775-1851. Foto: Tate.<\/figcaption>&#13;<\/p>\n<\/figure>\n<h2>La luz de Turner ilumina Dubl\u00edn<\/h2>\n<p>Cerca de 90 obras del artista ingl\u00e9s J.M.W. Turner se exhiben por vez primera juntas en la <strong>Galer\u00eda Nacional de Irlanda<\/strong>, en la exposici\u00f3n \u00abTurner: el sol es Dios\u00bb, con piezas procedentes de la colecci\u00f3n de la Tate londinense. La muestra <a rel=\"nofollow noopener\" target=\"_blank\" href=\"https:\/\/viajes.nationalgeographic.com.es\/a\/dia-mas-literario-dublin_7412\">dublinesa<\/a> explora la fascinaci\u00f3n del artista por el coloration, la luminosidad del sol o la luna y por los cielos feroces que se dan durante los fen\u00f3menos atm\u00f3sfericos de la naturaleza. Una oportunidad imperdible para ver el trabajo de uno de los m\u00e1s grandes pintores del per\u00edodo rom\u00e1ntico, con pinturas al \u00f3leo y gran variedad de acuarelas. <strong>Hasta el 6 de febrero de 2023<\/strong>.<\/p>\n<figure class=\"thumb zoom\"><img loading=\"lazy\" decoding=\"async\" sizes=\"auto, 100vw\" srcset=\"https:\/\/news.google.com\/medio\/2022\/11\/30\/viena-albertina_a9c44f3c_720x480.jpg 720w,https:\/\/news.google.com\/medio\/2022\/11\/30\/viena-albertina_6d4fdc21_1200x800.jpg 1200w\" src=\"https:\/\/news.google.com\/medio\/2022\/11\/30\/viena-albertina_6d4fdc21_1200x800.jpg\" class=\"lazyload\" width=\"1200\" height=\"800\" data-aspectratio=\"1200\/800\"\/><noscript><img decoding=\"async\" src=\"https:\/\/news.google.com\/medio\/2022\/11\/30\/viena-albertina_6d4fdc21_1200x800.jpg\"\/><\/noscript><\/p>\n<p>&#13;<figcaption class=\"by\">&#13;Sala de la exposici\u00f3n \u00abBasquiat. The retrospectiva\u00bb, en el Museo Albertina de Viena.<\/figcaption>&#13;<\/p>\n<\/figure>\n<h2>Viena y el coloration de los 80<\/h2>\n<p>El <strong>Museo Albertina de <a rel=\"nofollow noopener\" target=\"_blank\" href=\"https:\/\/news.google.com\/c\/viena\">Viena<\/a><\/strong> exhibe \u00abBasquiat. La retrospectiva\u00bb, la primera gran muestra en Austria sobre el artista de fulgurante trayectoria Jean-Michel Basquiat. Se han conseguido reunir alrededor de 50 obras de colecciones p\u00fablicas y privadas de renombre, brindando nuevos conocimientos sobre el lenguaje pict\u00f3rico \u00fanico del artista neoyorquino, una est\u00e9tica representativa de la d\u00e9cada de 1980 y de la vibrante escena art\u00edstica en la Gran Manzana. Su carrera mete\u00f3rica, impulsada por famosos amigos como David Bowie o Madonna, pronto obtuvo una demanda extremadamente alta y, en 1982, se hab\u00eda convertido en el participante m\u00e1s joven de la Documenta 7 y en el primer artista de fama mundial con ra\u00edces afroamericanas y caribe\u00f1as. Sin embargo, Basquiat no pudo soportar el desaf\u00edo durante mucho tiempo y muri\u00f3 de una sobredosis en 1988. <strong>Hasta el 8 de enero de 2023.<\/strong><\/p>\n<figure class=\"thumb zoom\"><img loading=\"lazy\" decoding=\"async\" sizes=\"auto, 100vw\" srcset=\"https:\/\/news.google.com\/medio\/2022\/11\/30\/captura-de-pantalla-2022-11-30-a-las-105812_5cef4fd9_720x985.png 720w,https:\/\/news.google.com\/medio\/2022\/11\/30\/captura-de-pantalla-2022-11-30-a-las-105812_c9f9054a_1200x1642.png 1200w\" src=\"https:\/\/news.google.com\/medio\/2022\/11\/30\/captura-de-pantalla-2022-11-30-a-las-105812_c9f9054a_1200x1642.png\" class=\"lazyload\" width=\"1200\" height=\"1642\" data-aspectratio=\"1200\/1642\"\/><noscript><img decoding=\"async\" src=\"https:\/\/news.google.com\/medio\/2022\/11\/30\/captura-de-pantalla-2022-11-30-a-las-105812_c9f9054a_1200x1642.png\"\/><\/noscript><\/p>\n<p>&#13;<figcaption class=\"by\">&#13;\u00abJoven con rosas\u00bb (1947-48), Lucian Freud. Cortes\u00eda British Council Assortment. The Lucian Freud Archive. Derechos de Bridgeman Photographs.<\/figcaption>&#13;<\/p>\n<\/figure>\n<h2>Freud en la Nationwide Gallery de Londres<\/h2>\n<p>\u00abLucian Freud. Nuevas perspectivas\u00bb re\u00fane en la <strong>Nationwide Gallery londinense<\/strong> obras de este pol\u00e9mico artista. A trav\u00e9s de m\u00e1s de 60 cuadros, principalmente retratos de amigos y familiares, se exhiben los mejores trabajos del que fue uno de los pintores figurativos m\u00e1s importase de Gran Breta\u00f1a, Lucian Freud (1922\u20132011), trazando un periplo por los 70 a\u00f1os de pr\u00e1ctica, desde sus inicios e \u00edntimos trabajos a sus famosos lienzos a gran escala y monumentales retratos desnudos. La celebridad del personaje a menudo eclips\u00f3 el trabajo que produjo y el contexto hist\u00f3rico en el que se hicieron sus creaciones. Al sacar a la luz nuevas perspectivas, esta exposici\u00f3n de <a rel=\"nofollow noopener\" target=\"_blank\" href=\"https:\/\/viajes.nationalgeographic.com.es\/a\/londres-segun-todas-bellas-artes_15172\">Londres<\/a> mira m\u00e1s all\u00e1 de la fama y la infamia de Freud para centrarse en este pintor del siglo XX. <strong>Hasta el 22 de enero de 2023<\/strong>.<\/p>\n<figure class=\"thumb zoom\"><img loading=\"lazy\" decoding=\"async\" sizes=\"auto, 100vw\" srcset=\"https:\/\/news.google.com\/medio\/2022\/11\/30\/captura-de-pantalla-2022-11-30-a-las-113006_fef9a3fa_720x942.png 720w,https:\/\/news.google.com\/medio\/2022\/11\/30\/captura-de-pantalla-2022-11-30-a-las-113006_0cbbad4b_1200x1571.png 1200w\" src=\"https:\/\/news.google.com\/medio\/2022\/11\/30\/captura-de-pantalla-2022-11-30-a-las-113006_0cbbad4b_1200x1571.png\" class=\"lazyload\" width=\"1200\" height=\"1571\" data-aspectratio=\"1200\/1571\"\/><noscript><img decoding=\"async\" src=\"https:\/\/news.google.com\/medio\/2022\/11\/30\/captura-de-pantalla-2022-11-30-a-las-113006_0cbbad4b_1200x1571.png\"\/><\/noscript><\/p>\n<p>&#13;<figcaption class=\"by\">&#13;\u00abHombre en la ventana\u00bb (1922), Lajos Tihanyi. Museo de Bellas Artes, Budapest.<\/figcaption>&#13;<\/p>\n<\/figure>\n<h2>Berl\u00edn rinde homenaje al modernismo centroeuropeo<\/h2>\n<p>Por primera vez, la <strong>Galer\u00eda de Arte Moderno berlinesa <\/strong>centra una de sus exposiciones estrella en la contribuci\u00f3n de la vecina Hungr\u00eda al arte moderno centroeuropeo con la exposici\u00f3n \u00abModernismo magiar. Artistas h\u00fangaros en Berl\u00edn. 1910-1933\u00bb. <a rel=\"nofollow noopener\" target=\"_blank\" href=\"https:\/\/viajes.nationalgeographic.com.es\/a\/paseo-por-berlin-20-visitas-esenciales_9365\">Berl\u00edn<\/a> juega un papel especial en la historia del arte y la cultura h\u00fangaras. En las primeras d\u00e9cadas del siglo XX, los artistas magiares tomaron la vibrante metr\u00f3polis alemana como escenario para mostrar sus trabajos a una audiencia internacional. Despu\u00e9s de que las fuerzas reaccionarias pusieran fin a la reorganizaci\u00f3n pol\u00edtica de Hungr\u00eda en 1919, la cosmopolita Berl\u00edn result\u00f3 ser un exilio para muchos artistas progresistas, que all\u00ed hallaron libertad para expresar sus vanguardias. El objetivo de la exposici\u00f3n es dar a conocer la mutua inspiraci\u00f3n cultural a trav\u00e9s de pinturas, esculturas, fotograf\u00edas y dibujos. <strong>Hasta el 6 de febrero de 2023.<\/strong><\/p>\n<figure class=\"thumb zoom\"><img loading=\"lazy\" decoding=\"async\" sizes=\"auto, 100vw\" srcset=\"https:\/\/news.google.com\/medio\/2022\/11\/30\/img20221124161514_31b07906_720x540.jpg 720w,https:\/\/news.google.com\/medio\/2022\/11\/30\/img20221124161514_e0943883_1200x900.jpg 1200w\" src=\"https:\/\/news.google.com\/medio\/2022\/11\/30\/img20221124161514_e0943883_1200x900.jpg\" alt=\"IMG20221124161514\" class=\"lazyload\" width=\"1200\" height=\"900\" data-aspectratio=\"1200\/900\"\/><noscript><img decoding=\"async\" src=\"https:\/\/news.google.com\/medio\/2022\/11\/30\/img20221124161514_e0943883_1200x900.jpg\" alt=\"IMG20221124161514\"\/><\/noscript><\/p>\n<p>&#13;<figcaption class=\"by\">&#13;Sala de la exposici\u00f3n \u00abEl ojo del hurac\u00e1n. Vanguardia ucranianas\u00bb, en el Museo Nacional Thyssen Bornemisza de Madrid.<\/figcaption>&#13;<\/p>\n<\/figure>\n<h2>Vanguardias de Ucrania en el Thyssen de Madrid<\/h2>\n<p>\u00ab<a rel=\"nofollow noopener\" target=\"_blank\" href=\"https:\/\/viajes.nationalgeographic.com.es\/lifestyle\/thyssen-homenajea-a-ucrania-exposicion-sobre-sus-vanguardias_18800\">En el ojo del hurac\u00e1n. Vanguardia en Ucrania, 1900-1930<\/a>\u00bb es el t\u00edtulo de la nueva exposici\u00f3n del Museo Nacional Thysssen-Bornemisza inaugurada en Madrid el 29 de noviembre. La muestra, que re\u00fane 69 obras, se centra en las vanguardias que imperaron en ese territorio durante las primeras d\u00e9cadas del siglo XX, desde el arte figurativo hasta el futurismo o el constructivismo. A pesar del tr\u00e1gico contexto hist\u00f3rico que tambi\u00e9n se viv\u00eda en aquella regi\u00f3n a inicios del siglo XX, el arte ucraniano vivi\u00f3 en las primeras d\u00e9cadas una avalancha de nuevos artistas, movimientos y un periodo de gran experimentaci\u00f3n. La exposici\u00f3n recupera ese periodo de gran creatividad, aunque poco conocido, de un arte surgido en ese extremo de Europa, reuniendo pinturas, dibujos, <em>collages<\/em> o dise\u00f1os para escenograf\u00edas teatrales. <strong>Hasta el 30 de abril de 2023<\/strong>.<\/p>\n<aside class=\"add300x600 publi-interior-bot ad-inline ad-container-r2\"\/><\/div>\n\n<p><em> &#8221; Fuentes news.google.com &#8221; <\/em><\/p>\n","protected":false},"excerpt":{"rendered":"<p>Cyber Monday. Suscr\u00edbete hoy al -50% a la revista Viajes Nationwide Geographic y explora nuevos destinos EMPIEZA YA &#13;&#13;\u00ab24 cabezas\u00bb (1957), Antonio Saura. Museo Guggemheim de Bilbao.&#13; 25 a\u00f1os del Guggenheim de Bilbao Hasta last de a\u00f1o se puede aprovechar para contemplar la exposici\u00f3n \u00abSecciones \/ Intersecciones\u00bb que ha organizado el Museo Guggenheim para conmemorar [&hellip;]<\/p>\n","protected":false},"author":4,"featured_media":437380,"comment_status":"open","ping_status":"closed","sticky":false,"template":"","format":"standard","meta":{"om_disable_all_campaigns":false,"jnews-multi-image_gallery":[],"jnews_single_post":[],"jnews_primary_category":[],"jnews_social_meta":[],"footnotes":""},"categories":[39],"tags":[47258,47257],"class_list":["post-437379","post","type-post","status-publish","format-standard","has-post-thumbnail","hentry","category-viajes","tag-cargado-desde-el-fichero-de-recursos","tag-keywords-por-defecto"],"_links":{"self":[{"href":"https:\/\/dimensionturistica.com\/es\/wp-json\/wp\/v2\/posts\/437379","targetHints":{"allow":["GET"]}}],"collection":[{"href":"https:\/\/dimensionturistica.com\/es\/wp-json\/wp\/v2\/posts"}],"about":[{"href":"https:\/\/dimensionturistica.com\/es\/wp-json\/wp\/v2\/types\/post"}],"author":[{"embeddable":true,"href":"https:\/\/dimensionturistica.com\/es\/wp-json\/wp\/v2\/users\/4"}],"replies":[{"embeddable":true,"href":"https:\/\/dimensionturistica.com\/es\/wp-json\/wp\/v2\/comments?post=437379"}],"version-history":[{"count":0,"href":"https:\/\/dimensionturistica.com\/es\/wp-json\/wp\/v2\/posts\/437379\/revisions"}],"wp:featuredmedia":[{"embeddable":true,"href":"https:\/\/dimensionturistica.com\/es\/wp-json\/wp\/v2\/media\/437380"}],"wp:attachment":[{"href":"https:\/\/dimensionturistica.com\/es\/wp-json\/wp\/v2\/media?parent=437379"}],"wp:term":[{"taxonomy":"category","embeddable":true,"href":"https:\/\/dimensionturistica.com\/es\/wp-json\/wp\/v2\/categories?post=437379"},{"taxonomy":"post_tag","embeddable":true,"href":"https:\/\/dimensionturistica.com\/es\/wp-json\/wp\/v2\/tags?post=437379"}],"curies":[{"name":"wp","href":"https:\/\/api.w.org\/{rel}","templated":true}]}}