{"id":437162,"date":"2022-12-02T20:10:24","date_gmt":"2022-12-02T20:10:24","guid":{"rendered":"https:\/\/dimensionturistica.com\/es\/?p=437162"},"modified":"2022-12-02T20:10:24","modified_gmt":"2022-12-02T20:10:24","slug":"viajes-en-metrobus-pudieran-ser-gratuitos-el-proximo-ano-telemundo-washington-dc-44","status":"publish","type":"post","link":"https:\/\/dimensionturistica.com\/es\/viajes-en-metrobus-pudieran-ser-gratuitos-el-proximo-ano-telemundo-washington-dc-44\/","title":{"rendered":"Viajes en Metrobus pudieran ser gratuitos el pr\u00f3ximo a\u00f1o \u2013 Telemundo Washington DC (44)"},"content":{"rendered":"<p> <br \/>\n<\/p>\n<div>\n<p>Washington DC podr\u00eda convertirse en la primera ciudad de Estados Unidos en ofrecer viajes gratuitos en autob\u00fas para todos los pasajeros a partir del pr\u00f3ximo a\u00f1o. Sin embargo, la medida ha generado opiniones encontradas. <\/p>\n<p>La propuesta, presentada el jueves por el presidente del Concejo de DC, Phil Mendelson, y por el miembro del Distrito 6, Charles Allen, le costar\u00eda a la ciudad cerca de $42 millones por a\u00f1o, acci\u00f3n que la alcaldesa Muriel Bowser no favorece del todo. <\/p>\n<p>La funcionaria le dijo a los periodistas el viernes que no est\u00e1 lista para avalar el proyecto al tiempo que enfatiz\u00f3 en que otros programas necesitar\u00e1n financiaci\u00f3n el pr\u00f3ximo a\u00f1o de modo que esta medida tambi\u00e9n deber\u00e1 pasar por el cedazo del presupuesto. <\/p>\n<p>La legislaci\u00f3n tambi\u00e9n cubrir\u00eda el costo de la expansi\u00f3n del servicio nocturno para 12 rutas principales de autobuses, incluida la ruta de Georgia Avenue. El proyecto, adem\u00e1s, propone extender el horario de servicios las 24 horas del d\u00eda. <\/p>\n<p>\n\t\t\t\t\t\t\t\tFuncionarios de Metros celebraron la inauguraci\u00f3n de la fase dos de la nueva extensi\u00f3n de la Linea Plateada que se extender\u00e1 hasta el Aeropuerto Internacional Dulles.\n\t\t\t\t\t\t\t<\/p>\n<p>\u201cEs parte de que DC sea una ciudad de 24 horas, y ser\u00e1 crucial para nuestra recuperaci\u00f3n\u201d, recalc\u00f3 Allen.<\/p>\n<p>Sin embargo, la medida no incluir\u00eda viajes en el autob\u00fas DC Circulator. Los viajes en el Circulator fueron gratuitos durante varios meses en 2019. Despu\u00e9s de que comenz\u00f3 la pandemia, Bowser quer\u00eda volver a hacer que el Circulator fuera gratuito, pero el Concejo rechaz\u00f3 esa thought. Mendelson ahora cube que est\u00e1 abierto a revisar ese asunto.<\/p>\n<p>Por su parte, un portavoz de la Autoridad de Tr\u00e1nsito del \u00c1rea Metropolitana de Washington (WMATA, en ingl\u00e9s) emiti\u00f3 un comunicado en el que dec\u00eda: &#8220;Agradecemos el liderazgo y el compromiso del Concejo de DC para hacer que el tr\u00e1nsito sea m\u00e1s accesible para nuestros clientes. Estos son conceptos grandes y audaces que fomentar\u00e1n el n\u00famero de pasajeros en toda la regi\u00f3n&#8221;.<\/p>\n<p>La pieza legislativa avanzar\u00e1 a una votaci\u00f3n del comit\u00e9 del Concejo el martes con las nuevas incorporaciones sobre tarifas de autob\u00fas gratuitas y servicio nocturno. De aprobarse, la medida podr\u00eda comenzar en julio del 2023. <\/p>\n<h2 class=\"wp-block-nbc-section-heading\">RESIDENTES AVALAN LA MEDIDA<\/h2>\n<p>Algunos residentes dijeron a Telemundo 44 que este proyecto podr\u00eda ayudar a equilibrar sus finanzas en medio de una recrudecida inflaci\u00f3n.<\/p>\n<p>\u201cDeber\u00eda ser siempre gratuito, porque nos ayuda\u2026 Pues ojal\u00e1 que nos ayuden porque la situaci\u00f3n est\u00e1 un poquito dif\u00edcil, como todo\u201d, destac\u00f3 Gloria Torres.<\/p>\n<p>&#8220;A m\u00ed me parece que es muy beneficioso para todas las personas, sobretodo las que no tenemos transporte y todo eso significa que se preocupan por la sociedad, por las comunidades m\u00e1s necesitadas\u201d, expres\u00f3, por su parte, Cecilia Ch\u00e1vez.<\/p>\n<p>Otros ven con recelo esta opci\u00f3n y dicen que aunque no sea gratuito al menos se pueda establecer una tarifa fija para poder transportarse.<\/p>\n<p>\u201cSer\u00eda muy dif\u00edcil que sea free of charge el metro, pienso yo que no sea free of charge pero que tambi\u00e9n sea un solo pago del precio. No que en la ma\u00f1ana tienen un precio alto, despu\u00e9s un precio m\u00e1s bajo y cuando todos salen del trabajo, m\u00e1s alto&#8221;, propuso Avelino L\u00f3pez.<\/p>\n<p>Aunque para muchos es s\u00f3lo una forma de evitar el tr\u00e1fico, para otros es la \u00fanica opci\u00f3n de transporte por lo que, si se aprueba la medida, beneficiar\u00eda a far de residentes y visitantes. <\/p>\n<\/p><\/div>\n\n<p><em> &#8221; Fuentes news.google.com &#8221; <\/em><\/p>\n","protected":false},"excerpt":{"rendered":"<p>Washington DC podr\u00eda convertirse en la primera ciudad de Estados Unidos en ofrecer viajes gratuitos en autob\u00fas para todos los pasajeros a partir del pr\u00f3ximo a\u00f1o. Sin embargo, la medida ha generado opiniones encontradas. La propuesta, presentada el jueves por el presidente del Concejo de DC, Phil Mendelson, y por el miembro del Distrito 6, [&hellip;]<\/p>\n","protected":false},"author":4,"featured_media":437163,"comment_status":"open","ping_status":"closed","sticky":false,"template":"","format":"standard","meta":{"om_disable_all_campaigns":false,"jnews-multi-image_gallery":[],"jnews_single_post":[],"jnews_primary_category":[],"jnews_social_meta":[],"footnotes":""},"categories":[39],"tags":[58278,58279],"class_list":["post-437162","post","type-post","status-publish","format-standard","has-post-thumbnail","hentry","category-viajes","tag-metro-de-dc","tag-muriel-bowser"],"_links":{"self":[{"href":"https:\/\/dimensionturistica.com\/es\/wp-json\/wp\/v2\/posts\/437162","targetHints":{"allow":["GET"]}}],"collection":[{"href":"https:\/\/dimensionturistica.com\/es\/wp-json\/wp\/v2\/posts"}],"about":[{"href":"https:\/\/dimensionturistica.com\/es\/wp-json\/wp\/v2\/types\/post"}],"author":[{"embeddable":true,"href":"https:\/\/dimensionturistica.com\/es\/wp-json\/wp\/v2\/users\/4"}],"replies":[{"embeddable":true,"href":"https:\/\/dimensionturistica.com\/es\/wp-json\/wp\/v2\/comments?post=437162"}],"version-history":[{"count":0,"href":"https:\/\/dimensionturistica.com\/es\/wp-json\/wp\/v2\/posts\/437162\/revisions"}],"wp:featuredmedia":[{"embeddable":true,"href":"https:\/\/dimensionturistica.com\/es\/wp-json\/wp\/v2\/media\/437163"}],"wp:attachment":[{"href":"https:\/\/dimensionturistica.com\/es\/wp-json\/wp\/v2\/media?parent=437162"}],"wp:term":[{"taxonomy":"category","embeddable":true,"href":"https:\/\/dimensionturistica.com\/es\/wp-json\/wp\/v2\/categories?post=437162"},{"taxonomy":"post_tag","embeddable":true,"href":"https:\/\/dimensionturistica.com\/es\/wp-json\/wp\/v2\/tags?post=437162"}],"curies":[{"name":"wp","href":"https:\/\/api.w.org\/{rel}","templated":true}]}}