{"id":437009,"date":"2022-12-02T17:23:47","date_gmt":"2022-12-02T17:23:47","guid":{"rendered":"https:\/\/dimensionturistica.com\/es\/?p=437009"},"modified":"2022-12-02T17:23:47","modified_gmt":"2022-12-02T17:23:47","slug":"amlo-confirma-viaje-a-colombia-para-revisar-con-petro-estrategia-antidrogas","status":"publish","type":"post","link":"https:\/\/dimensionturistica.com\/es\/amlo-confirma-viaje-a-colombia-para-revisar-con-petro-estrategia-antidrogas\/","title":{"rendered":"AMLO confirma viaje a Colombia para revisar con Petro estrategia antidrogas"},"content":{"rendered":"<p> <br \/>\n<\/p>\n<div>\n<p>El presidente L\u00f3pez Obrador coment\u00f3 que Colombia tiene un plan contra las drogas, el cual quiere conocer a detalle con una visi\u00f3n desde Am\u00e9rica Latina.<\/p>\n<p>&#8220;Ellos tienen mucha experiencia en el da\u00f1o que causan las drogas y han hecho planes y saben qu\u00e9 es lo que puede ayudar a enfrentar lo del cultivo de, en este caso, la coca y el tr\u00e1fico de la droga. Entonces, \u00e9l trae ese plan y coincidimos en que es importante verlo, no s\u00f3lo con la visi\u00f3n de Estados Unidos, sino verlo a partir de la visi\u00f3n de Am\u00e9rica Latina&#8221;, refiri\u00f3 la ma\u00f1ana de ayer.<\/p>\n<p>El encuentro entre el presidente L\u00f3pez Obrador y Petro es un acuerdo que se alcanz\u00f3 la semana pasada durante la visita del mandatario colombiano a M\u00e9xico. En el punto 13 del comunicado conjunto, los jefes de Estado acordaron que &#8220;M\u00e9xico y Colombia convocar\u00e1n una Conferencia Internacional de Mandatarios de Latinoam\u00e9rica con el objetivo de reside\u00f1ar y replantear la pol\u00edtica de drogas&#8221;.<\/p>\n<h2 class=\"cms-Subtitulos-Subtitulo1\">\u00bfQu\u00e9 propone Gustavo Petro sobre las drogas?<\/h2>\n<p>El presidente de Colombia considera que la guerra contra las drogas ha fallado, por lo que <b>ha urgido a cambiar la estrategia,<\/b> pues de no hacerlo los estragos que est\u00e1 causando se mantendr\u00e1n durante al menos 40 a\u00f1os.<\/p>\n<p>\u201cEstados Unidos ver\u00e1 morir de sobredosis a 2.800.000 j\u00f3venes por fentanilo, que no se produce en nuestra Am\u00e9rica Latina. Ver\u00e1 millones de afros norteamericanos ser apresados en sus c\u00e1rceles privadas. El afro preso se convertir\u00e1 en negocio de empresas carceleras, morir\u00e1n asesinados un mill\u00f3n de latinoamericanos m\u00e1s, nos llenar\u00e1n de sangre nuestras aguas y nuestros campos verdes, ver\u00e1n morir el sue\u00f1o de la democracia tanto en mi Am\u00e9rica como en la Am\u00e9rica anglosajona\u201d, vaticin\u00f3 durante su intervenci\u00f3n en la Asamblea Common de las Naciones Unidas.<\/p>\n<p>Uno de los planteamientos de Petro es que se conforme <b>una nueva convenci\u00f3n internacional <\/b>en la que como primer paso,<b> reconozca el fracaso de la estrategia seguida durante los \u00faltimos 40 a\u00f1os en contra de las drogas.<\/b> El jefe de Estado colombiano propone atender el problema a trav\u00e9s de un nuevo enfoque.<\/p>\n<p>&#8220;Disminuir el consumo de drogas no necesita de guerras ni de armas, necesita que todos construyamos una mejor sociedad, una sociedad m\u00e1s solidaria y m\u00e1s afectuosa, donde la intensidad de la vida salve de las adicciones y de las nuevas esclavitudes, \u00bfquieren menos drogas? Piensen en menos ganancias y en m\u00e1s amores, piensen en un ejercicio m\u00e1s racional del poder, no toquen con sus venenos la belleza de mi patria, ay\u00fadennos sin hipocres\u00edas a salvar la selva amaz\u00f3nica para salvar la vida de la humanidad&#8221;, dijo en su intervenci\u00f3n ante la ONU.<\/p>\n<\/p><\/div>\n<p><script>\n    window.fbAsyncInit = function() {\n        FB.init({\n                appId : '322397628250521',\n            cookie     : true,\n            xfbml      : true,\n            version    : 'v8.0'\n        });\n        FB.AppEvents.logPageView();\n    };\n    (function(d, s, id){\n        var js, fjs = d.getElementsByTagName(s)[0];\n        if (d.getElementById(id)) {return;}\n        js = d.createElement(s); js.id = id;\n        js.src = \"https:\/\/connect.facebook.net\/en_US\/sdk.js\";\n        fjs.parentNode.insertBefore(js, fjs);\n    }(document, 'script', 'facebook-jssdk'));\n<\/script><br \/>\n<br \/><\/p>\n<p><em> &#8221; Fuentes news.google.com &#8221; <\/em><\/p>\n","protected":false},"excerpt":{"rendered":"<p>El presidente L\u00f3pez Obrador coment\u00f3 que Colombia tiene un plan contra las drogas, el cual quiere conocer a detalle con una visi\u00f3n desde Am\u00e9rica Latina. &#8220;Ellos tienen mucha experiencia en el da\u00f1o que causan las drogas y han hecho planes y saben qu\u00e9 es lo que puede ayudar a enfrentar lo del cultivo de, en [&hellip;]<\/p>\n","protected":false},"author":4,"featured_media":437010,"comment_status":"open","ping_status":"closed","sticky":false,"template":"","format":"standard","meta":{"om_disable_all_campaigns":false,"jnews-multi-image_gallery":[],"jnews_single_post":[],"jnews_primary_category":[],"jnews_social_meta":[],"footnotes":""},"categories":[39],"tags":[58264,58265,58266,58267,58268,58269,3047,58270],"class_list":["post-437009","post","type-post","status-publish","format-standard","has-post-thumbnail","hentry","category-viajes","tag-amlo-viajara-a-colombia","tag-amlo-viaje-a-peru","tag-amlo-y-petro","tag-cumbre-de-lideres-de-norteamerica","tag-la-mananera-de-amlo-2-de-diciembre","tag-petro-plan-antidrogas","tag-presidencia","tag-salidas-de-amlo-al-extranjero"],"_links":{"self":[{"href":"https:\/\/dimensionturistica.com\/es\/wp-json\/wp\/v2\/posts\/437009","targetHints":{"allow":["GET"]}}],"collection":[{"href":"https:\/\/dimensionturistica.com\/es\/wp-json\/wp\/v2\/posts"}],"about":[{"href":"https:\/\/dimensionturistica.com\/es\/wp-json\/wp\/v2\/types\/post"}],"author":[{"embeddable":true,"href":"https:\/\/dimensionturistica.com\/es\/wp-json\/wp\/v2\/users\/4"}],"replies":[{"embeddable":true,"href":"https:\/\/dimensionturistica.com\/es\/wp-json\/wp\/v2\/comments?post=437009"}],"version-history":[{"count":0,"href":"https:\/\/dimensionturistica.com\/es\/wp-json\/wp\/v2\/posts\/437009\/revisions"}],"wp:featuredmedia":[{"embeddable":true,"href":"https:\/\/dimensionturistica.com\/es\/wp-json\/wp\/v2\/media\/437010"}],"wp:attachment":[{"href":"https:\/\/dimensionturistica.com\/es\/wp-json\/wp\/v2\/media?parent=437009"}],"wp:term":[{"taxonomy":"category","embeddable":true,"href":"https:\/\/dimensionturistica.com\/es\/wp-json\/wp\/v2\/categories?post=437009"},{"taxonomy":"post_tag","embeddable":true,"href":"https:\/\/dimensionturistica.com\/es\/wp-json\/wp\/v2\/tags?post=437009"}],"curies":[{"name":"wp","href":"https:\/\/api.w.org\/{rel}","templated":true}]}}