{"id":436891,"date":"2022-12-02T14:49:52","date_gmt":"2022-12-02T14:49:52","guid":{"rendered":"https:\/\/dimensionturistica.com\/es\/?p=436891"},"modified":"2022-12-02T14:57:46","modified_gmt":"2022-12-02T14:57:46","slug":"sectur-y-quintana-roo-emprenden-acciones-para-fortalecer-el-turismo-en-el-pueblo-magico-de-bacalar","status":"publish","type":"post","link":"https:\/\/dimensionturistica.com\/es\/sectur-y-quintana-roo-emprenden-acciones-para-fortalecer-el-turismo-en-el-pueblo-magico-de-bacalar\/","title":{"rendered":"Sectur y Quintana Roo emprenden acciones para fortalecer el turismo en el Pueblo M\u00e1gico de Bacalar"},"content":{"rendered":"<p>En gira de trabajo por Quintana Roo, el secretario de Turismo del Gobierno de M\u00e9xico, Miguel Torruco Marqu\u00e9s, y el secretario de Turismo de Quintana Roo, Bernardo Cueto Riestra, en representaci\u00f3n de la<img decoding=\"async\" class=\"size-medium wp-image-436903 alignright\" src=\"https:\/\/dimensionturistica.com\/es\/wp-content\/uploads\/2022\/12\/Bacalar-3-300x213.jpg\" alt=\"\" width=\"300\" height=\"213\" srcset=\"https:\/\/dimensionturistica.com\/es\/wp-content\/uploads\/2022\/12\/Bacalar-3-300x213.jpg 300w, https:\/\/dimensionturistica.com\/es\/wp-content\/uploads\/2022\/12\/Bacalar-3-768x545.jpg 768w, https:\/\/dimensionturistica.com\/es\/wp-content\/uploads\/2022\/12\/Bacalar-3-120x86.jpg 120w, https:\/\/dimensionturistica.com\/es\/wp-content\/uploads\/2022\/12\/Bacalar-3-350x250.jpg 350w, https:\/\/dimensionturistica.com\/es\/wp-content\/uploads\/2022\/12\/Bacalar-3-750x533.jpg 750w, https:\/\/dimensionturistica.com\/es\/wp-content\/uploads\/2022\/12\/Bacalar-3.jpg 918w\" sizes=\"(max-width: 300px) 100vw, 300px\" \/> gobernadora Mara Lezama Espinosa, recorrieron el Pueblo M\u00e1gico de Bacalar, con el prop\u00f3sito de supervisar y emprender las acciones que fortalecer\u00e1n la actividad tur\u00edstica en este emblem\u00e1tico destino del sur de la entidad.<br \/>\nDurante el recorrido, en el que tambi\u00e9n participaron el presidente municipal de Bacalar, Jos\u00e9 Alfredo Contreras M\u00e9ndez; la presidenta de la Asociaci\u00f3n de Hoteles y Restaurantes del Municipio de Bacalar, Mar\u00eda de Jes\u00fas Rodr\u00edguez Romero; representantes del Congreso local; entre otras autoridades del Ayuntamiento, el titular de la Secretar\u00eda de Turismo (Sectur) entreg\u00f3 la actualizaci\u00f3n del nombramiento de Pueblo M\u00e1gico al municipio.<br \/>\nLas autoridades de los tres \u00f3rdenes de gobierno verificaron que el destino posee la oferta tur\u00edstica que se<img decoding=\"async\" class=\"size-medium wp-image-436904 alignright\" src=\"https:\/\/dimensionturistica.com\/es\/wp-content\/uploads\/2022\/12\/Bacalar-1-300x225.jpg\" alt=\"\" width=\"300\" height=\"225\" srcset=\"https:\/\/dimensionturistica.com\/es\/wp-content\/uploads\/2022\/12\/Bacalar-1-300x225.jpg 300w, https:\/\/dimensionturistica.com\/es\/wp-content\/uploads\/2022\/12\/Bacalar-1-768x576.jpg 768w, https:\/\/dimensionturistica.com\/es\/wp-content\/uploads\/2022\/12\/Bacalar-1-750x563.jpg 750w, https:\/\/dimensionturistica.com\/es\/wp-content\/uploads\/2022\/12\/Bacalar-1.jpg 1024w\" sizes=\"(max-width: 300px) 100vw, 300px\" \/> ajusta al nuevo perfil del turista, que opta cada vez m\u00e1s por destinos cercanos a su lugar de origen y en estrecho contacto con la naturaleza, la vida comunitaria, las costumbres y tradiciones ancestrales.<br \/>\nTorruco Marqu\u00e9s destac\u00f3 que Bacalar tiene mucho que ofrecer, como sus impactantes cenotes, balnearios, el Fuerte de San Felipe, el Museo de la Pirater\u00eda, interesantes zonas arqueol\u00f3gicas, entre ellas, Kohunlich, y la fiesta patronal de San Joaqu\u00edn, en la que se realizan eventos religiosos, deportivos y culturales.<br \/>\nDestac\u00f3 especialmente la Laguna de los Siete Colores, que por m\u00e1s de nueve a\u00f1os permaneci\u00f3 bloqueada con cadenas para impedir el paso en su parte m\u00e1s angosta; y que en la actual administraci\u00f3n, con el apoyo de la Armada de M\u00e9xico y la Guardia Nacional, se logr\u00f3 liberar para el disfrute de locales y visitantes. \u201cNi<img decoding=\"async\" class=\"size-medium wp-image-436896 alignright\" src=\"https:\/\/dimensionturistica.com\/es\/wp-content\/uploads\/2022\/12\/Bacalar-7-300x179.jpg\" alt=\"\" width=\"300\" height=\"179\" srcset=\"https:\/\/dimensionturistica.com\/es\/wp-content\/uploads\/2022\/12\/Bacalar-7-300x179.jpg 300w, https:\/\/dimensionturistica.com\/es\/wp-content\/uploads\/2022\/12\/Bacalar-7-768x459.jpg 768w, https:\/\/dimensionturistica.com\/es\/wp-content\/uploads\/2022\/12\/Bacalar-7-750x448.jpg 750w, https:\/\/dimensionturistica.com\/es\/wp-content\/uploads\/2022\/12\/Bacalar-7.jpg 1024w\" sizes=\"(max-width: 300px) 100vw, 300px\" \/> las lagunas, ni las playas son propiedad privada; pertenecen al pueblo de M\u00e9xico. En la Cuarta Transformaci\u00f3n se respeta el estado de derecho y nadie est\u00e1 por encima de la ley\u201d, asever\u00f3.<br \/>\nEl secretario de Turismo puntualiz\u00f3 que Bacalar, como los otros 131 Pueblos M\u00e1gicos, se apuntalan como la columna vertebral del turismo interno, y hoy m\u00e1s que nunca en su historia, toman un protagonismo como pilares de la recuperaci\u00f3n econ\u00f3mica de municipios, estados y regiones del pa\u00eds y, por tanto, en una fortaleza para el sector tur\u00edstico de M\u00e9xico.<br \/>\nAgreg\u00f3 que, como parte de la estrategia para impulsarlos, la Secretar\u00eda a su cargo, en coordinaci\u00f3n con otras instancias federales, autoridades estatales y municipales, llevan a cabo acciones como el programa<img decoding=\"async\" class=\"size-medium wp-image-436902 alignright\" src=\"https:\/\/dimensionturistica.com\/es\/wp-content\/uploads\/2022\/12\/Bacalar-4-300x225.jpg\" alt=\"\" width=\"300\" height=\"225\" srcset=\"https:\/\/dimensionturistica.com\/es\/wp-content\/uploads\/2022\/12\/Bacalar-4-300x225.jpg 300w, https:\/\/dimensionturistica.com\/es\/wp-content\/uploads\/2022\/12\/Bacalar-4-768x576.jpg 768w, https:\/\/dimensionturistica.com\/es\/wp-content\/uploads\/2022\/12\/Bacalar-4-750x563.jpg 750w, https:\/\/dimensionturistica.com\/es\/wp-content\/uploads\/2022\/12\/Bacalar-4.jpg 1024w\" sizes=\"(max-width: 300px) 100vw, 300px\" \/> Rutas M\u00e1gicas de Color, puesto en marcha en 2020 para elevar las condiciones de bienestar de estas plazas tur\u00edsticas con la rehabilitaci\u00f3n de su imagen urbana, pintando 140 fachadas de viviendas y 20 murales art\u00edsticos.<br \/>\nEn 2021, Bacalar fue beneficiado con esta iniciativa, y en los dos \u00faltimos a\u00f1os, se fortaleci\u00f3 su infraestructura con diversas obras de construcci\u00f3n, remodelaci\u00f3n y rehabilitaci\u00f3n, a cargo de la Secretar\u00eda de Desarrollo Agrario, Territorial y Urbano (Sedatu), en coordinaci\u00f3n con Sectur, labor que puede observarse en el Mirador Ecol\u00f3gico, el Mercado Artesanal, el Parque Central y el Estadio de B\u00e9isbol, entre otras.<br \/>\nDurante la gira de trabajo por Bacalar, las autoridades hicieron un recorrido por los murales realizados como parte del programa Rutas M\u00e1gicas de Color; adem\u00e1s visitaron el Ecoparque Laguna Bacalar y el Balneario Municipal Aserradero, as\u00ed como el muelle recientemente inaugurado por la gobernadora Mara Lezama, que se suma a los atractivos tur\u00edsticos del destino.<br \/>\n\u201cHoy venimos a esta localidad a refrendar la actualizaci\u00f3n del nombramiento de Bacalar como Pueblo<img decoding=\"async\" class=\"size-medium wp-image-436895 alignright\" src=\"https:\/\/dimensionturistica.com\/es\/wp-content\/uploads\/2022\/12\/Bacalar-8-300x199.jpg\" alt=\"\" width=\"300\" height=\"199\" srcset=\"https:\/\/dimensionturistica.com\/es\/wp-content\/uploads\/2022\/12\/Bacalar-8-300x199.jpg 300w, https:\/\/dimensionturistica.com\/es\/wp-content\/uploads\/2022\/12\/Bacalar-8-768x510.jpg 768w, https:\/\/dimensionturistica.com\/es\/wp-content\/uploads\/2022\/12\/Bacalar-8-750x498.jpg 750w, https:\/\/dimensionturistica.com\/es\/wp-content\/uploads\/2022\/12\/Bacalar-8.jpg 1024w\" sizes=\"(max-width: 300px) 100vw, 300px\" \/> M\u00e1gico, una designaci\u00f3n que sin duda le otorga un valor agregado para atraer la atenci\u00f3n de un mayor n\u00fameros turistas nacionales y extranjeros. Felicidades, y que sea por bien del turismo de Bacalar y de Quintana Roo\u201d, concluy\u00f3 Torruco Marqu\u00e9s.<br \/>\nPor su parte, el titular de Sedetur, Bernardo Cueto Riestra, enfatiz\u00f3 que la actualizaci\u00f3n del nombramiento de Pueblo M\u00e1gico a Bacalar es un distintivo sumamente importante que forma parte de la estrategia nacional de diversificaci\u00f3n del turismo para fortalecer la econom\u00eda en las comunidades, fomentar la preservaci\u00f3n de la cultura e historia de los pueblos, as\u00ed como el cuidado del medio ambiente, objetivos que coinciden plenamente con la visi\u00f3n del gobierno de Quintana Roo.<br \/>\n\u201cNuestra responsabilidad en la Secretar\u00eda de Turismo de Quintana Roo es mantener estos r\u00e9cords y \u00e9xitos<img decoding=\"async\" class=\"size-medium wp-image-436901 alignright\" src=\"https:\/\/dimensionturistica.com\/es\/wp-content\/uploads\/2022\/12\/Bacalar-5-225x300.jpg\" alt=\"\" width=\"225\" height=\"300\" srcset=\"https:\/\/dimensionturistica.com\/es\/wp-content\/uploads\/2022\/12\/Bacalar-5-225x300.jpg 225w, https:\/\/dimensionturistica.com\/es\/wp-content\/uploads\/2022\/12\/Bacalar-5-750x1000.jpg 750w, https:\/\/dimensionturistica.com\/es\/wp-content\/uploads\/2022\/12\/Bacalar-5.jpg 768w\" sizes=\"(max-width: 225px) 100vw, 225px\" \/> de la industria tur\u00edstica pero hoy m\u00e1s que nunca con un enfoque que promueva la justicia social especialmente para el sur del estado\u201d, declar\u00f3.<br \/>\nEn su oportunidad el presidente municipal de Bacalar, Jos\u00e9 Alfredo Contreras M\u00e9ndez, agradeci\u00f3 la presencia del secretario de Turismo federal, as\u00ed como el apoyo que ha brindado a Bacalar, Pueblo M\u00e1gico, como es el programa Rutas M\u00e1gicas de Color, que hoy le brindan una imagen distinta y mejorada.<br \/>\nTambi\u00e9n reconoci\u00f3 la oportunidad para participar en el Tianguis Internacional de Pueblos M\u00e1gicos en Barcelona, Espa\u00f1a, importante escaparate de promoci\u00f3n para las 132 plazas con este nombramiento.<br \/>\nEl alcalde hizo entrega de un reconocimiento al secretario Torruco Marqu\u00e9s, por su contribuci\u00f3n para el desarrollo de Bacalar como un importante destino tur\u00edstico de Quintana Roo y de M\u00e9xico.<\/p>\n","protected":false},"excerpt":{"rendered":"<p>En gira de trabajo por Quintana Roo, el secretario de Turismo del Gobierno de M\u00e9xico, Miguel Torruco Marqu\u00e9s, y el secretario de Turismo de Quintana Roo, Bernardo Cueto Riestra, en representaci\u00f3n de la gobernadora Mara Lezama Espinosa, recorrieron el Pueblo M\u00e1gico de Bacalar, con el prop\u00f3sito de supervisar y emprender las acciones que fortalecer\u00e1n la [&hellip;]<\/p>\n","protected":false},"author":1,"featured_media":436897,"comment_status":"open","ping_status":"closed","sticky":false,"template":"","format":"standard","meta":{"om_disable_all_campaigns":false,"jnews-multi-image_gallery":[],"jnews_single_post":{"source_name":"","source_url":"","via_name":"","via_url":"","override_template":"0","override":[{"template":"1","single_blog_custom":"","parallax":"1","fullscreen":"1","layout":"right-sidebar","sidebar":"default-sidebar","second_sidebar":"default-sidebar","sticky_sidebar":"1","share_position":"top","share_float_style":"share-monocrhome","show_share_counter":"1","show_view_counter":"1","show_featured":"1","show_post_meta":"1","show_post_author":"1","show_post_author_image":"1","show_post_date":"1","post_date_format":"default","post_date_format_custom":"Y\/m\/d","show_post_category":"1","show_post_reading_time":"0","post_reading_time_wpm":"300","show_zoom_button":"0","zoom_button_out_step":"2","zoom_button_in_step":"3","show_post_tag":"1","show_prev_next_post":"1","show_popup_post":"1","number_popup_post":"1","show_author_box":"0","show_post_related":"0","show_inline_post_related":"0"}],"override_image_size":"0","image_override":[{"single_post_thumbnail_size":"crop-500","single_post_gallery_size":"crop-500"}],"trending_post":"0","trending_post_position":"meta","trending_post_label":"Trending","sponsored_post":"0","sponsored_post_label":"Sponsored by","sponsored_post_name":"","sponsored_post_url":"","sponsored_post_logo_enable":"0","sponsored_post_logo":"","sponsored_post_desc":"","disable_ad":"0"},"jnews_primary_category":{"id":"","hide":""},"jnews_social_meta":{"fb_title":"","fb_description":"","fb_image":"","twitter_title":"","twitter_description":"","twitter_image":""},"footnotes":""},"categories":[39],"tags":[],"class_list":["post-436891","post","type-post","status-publish","format-standard","has-post-thumbnail","hentry","category-viajes"],"_links":{"self":[{"href":"https:\/\/dimensionturistica.com\/es\/wp-json\/wp\/v2\/posts\/436891","targetHints":{"allow":["GET"]}}],"collection":[{"href":"https:\/\/dimensionturistica.com\/es\/wp-json\/wp\/v2\/posts"}],"about":[{"href":"https:\/\/dimensionturistica.com\/es\/wp-json\/wp\/v2\/types\/post"}],"author":[{"embeddable":true,"href":"https:\/\/dimensionturistica.com\/es\/wp-json\/wp\/v2\/users\/1"}],"replies":[{"embeddable":true,"href":"https:\/\/dimensionturistica.com\/es\/wp-json\/wp\/v2\/comments?post=436891"}],"version-history":[{"count":0,"href":"https:\/\/dimensionturistica.com\/es\/wp-json\/wp\/v2\/posts\/436891\/revisions"}],"wp:featuredmedia":[{"embeddable":true,"href":"https:\/\/dimensionturistica.com\/es\/wp-json\/wp\/v2\/media\/436897"}],"wp:attachment":[{"href":"https:\/\/dimensionturistica.com\/es\/wp-json\/wp\/v2\/media?parent=436891"}],"wp:term":[{"taxonomy":"category","embeddable":true,"href":"https:\/\/dimensionturistica.com\/es\/wp-json\/wp\/v2\/categories?post=436891"},{"taxonomy":"post_tag","embeddable":true,"href":"https:\/\/dimensionturistica.com\/es\/wp-json\/wp\/v2\/tags?post=436891"}],"curies":[{"name":"wp","href":"https:\/\/api.w.org\/{rel}","templated":true}]}}