{"id":436834,"date":"2022-12-02T13:19:32","date_gmt":"2022-12-02T13:19:32","guid":{"rendered":"https:\/\/dimensionturistica.com\/es\/?p=436834"},"modified":"2022-12-02T13:19:32","modified_gmt":"2022-12-02T13:19:32","slug":"el-belen-de-arena-de-las-palmas-de-gran-canaria-vuelve-con-su-singular-postal-navidena","status":"publish","type":"post","link":"https:\/\/dimensionturistica.com\/es\/el-belen-de-arena-de-las-palmas-de-gran-canaria-vuelve-con-su-singular-postal-navidena\/","title":{"rendered":"El Bel\u00e9n de Arena de Las Palmas de Gran Canaria vuelve con su singular postal navide\u00f1a"},"content":{"rendered":"<p> <br \/>\n<\/p>\n<div id=\"article-sumary\">\n<div class=\"article-txt ad-mobile-top\">\n<p>Un a\u00f1o m\u00e1s, la <strong>playa de las Canteras<\/strong>, en Las Palmas de Gran Canaria, vuelven a ser el escenario pure donde se erige el famoso Bel\u00e9n de Area. Este authentic escenario, que se inaugura\u00a0este a\u00f1o el 2\u00a0de diciembre hasta el 6 de enero,\u00a0refleja anualmente el nacimiento de una forma \u00fanica y ya se ha convertido en una visita obligada tanto para turistas internacionales como para los isle\u00f1os durante las fiestas navide\u00f1as.<\/p>\n<\/div>\n<\/div>\n<div id=\"article-text\">\n<div class=\"txt\">\n<aside class=\"subscription-highlighted\">\n<div class=\"subscription-container\">\n<div class=\"non-subscribed\">\n<p class=\"description\">Cyber Monday. Suscr\u00edbete hoy al -50% a la revista Viajes Nationwide Geographic y explora nuevos destinos<\/p>\n<p><a rel=\"nofollow noopener\" target=\"_blank\" href=\"https:\/\/tienda.rba.es\/revistas\/viajes-national-geographic?rba_source=viajes.nationalgeographic.com.es&amp;rba_medium=referral&amp;rba_campaign=NGMV&amp;rba_content=frase-articulo\" class=\"more-link\">EMPIEZA YA<\/a><\/div>\n<\/div>\n<\/aside>\n<p style=\"display: none;\"><img decoding=\"async\" id=\"ctl01_ctl00_phMain_phMain_ctl00_ctl02_ctl17_ctl01_imgContent\" src=\"https:\/\/news.google.com\/medio\/2021\/11\/30\/belen-de-arena-las-palmas-de-gran-canaria_f67e00be_800x800.jpg\" alt=\"Bele\u0301n de Arena - Las Palmas de Gran Canaria\" style=\"border-width:0px;\"\/><\/p>\n<aside class=\"add300x250 publi-interior-top ad-container-r1 ad-inline\"\/>\n<p>Para construir las esculturas que lo componen, que pueden llegar a medir cuatro metros de altura, se utilizar\u00e1n aproximadamente 2.000 toneladas de area que ocupar\u00e1n un complete de 2.800 metros cuadrados. Sus creadores, diez escultores de ocho nacionalidades diferentes, trabajar\u00e1n durante una semana en esta decimos\u00e9ptima edici\u00f3n. Tradicional, pero cada a\u00f1o el bel\u00e9n de area de Las Palmas de Gran Canaria presenta alguna novedad.<\/p>\n<p>Para esta edici\u00f3n, el bel\u00e9n contar\u00e1 con dos escenas especiales y muy simb\u00f3licas: una la realiza el escultor ruso Aleksei Schitov, que vuelve a participar en Las Plamas de Gran Canaria con una escena de pescadores que viene a representar el esfuerzo en equipo. La otra, es la que moldea la canadiense Karen Jean Fralich seg\u00fan una propuesta dise\u00f1ada por el escultor grancanario F\u00e9lix Reyes.<\/p>\n<figure class=\"thumb zoom\"><img loading=\"lazy\" decoding=\"async\" sizes=\"auto, 100vw\" srcset=\"https:\/\/news.google.com\/medio\/2022\/12\/02\/belen-de-arena-las-palmas-de-gran-canaria-2_a8197611_720x479.jpg 720w,https:\/\/news.google.com\/medio\/2022\/12\/02\/belen-de-arena-las-palmas-de-gran-canaria-2_9d7b9620_1200x799.jpg 1200w\" src=\"https:\/\/news.google.com\/medio\/2022\/12\/02\/belen-de-arena-las-palmas-de-gran-canaria-2_9d7b9620_1200x799.jpg\" alt=\"Bele\u0301n de Arena - Las Palmas de Gran Canaria 2\" class=\"lazyload\" width=\"1200\" height=\"799\" data-aspectratio=\"1200\/799\"\/><noscript><img decoding=\"async\" src=\"https:\/\/news.google.com\/medio\/2022\/12\/02\/belen-de-arena-las-palmas-de-gran-canaria-2_9d7b9620_1200x799.jpg\" alt=\"Bele\u0301n de Arena - Las Palmas de Gran Canaria 2\"\/><\/noscript><\/figure>\n<p>M\u00e1s all\u00e1 de estas estampas, tambi\u00e9n se muestran las tradicionales im\u00e1genes navide\u00f1as t\u00edpicas de cualquier escena de nacimiento, como son la Anunciaci\u00f3n, el portal de Bel\u00e9n y la Adoraci\u00f3n de los Reyes Magos.<\/p>\n<aside class=\"add300x600 publi-interior-bot ad-inline ad-container-r2\"\/><\/div>\n<p><!-- START: tags-rel  --><!-- END: tags-rel   --><br \/>\n<!-- START:toolbar --><!-- END:toolbar --><\/div>\n\n<p><em> &#8221; Fuentes news.google.com &#8221; <\/em><\/p>\n","protected":false},"excerpt":{"rendered":"<p>Un a\u00f1o m\u00e1s, la playa de las Canteras, en Las Palmas de Gran Canaria, vuelven a ser el escenario pure donde se erige el famoso Bel\u00e9n de Area. Este authentic escenario, que se inaugura\u00a0este a\u00f1o el 2\u00a0de diciembre hasta el 6 de enero,\u00a0refleja anualmente el nacimiento de una forma \u00fanica y ya se ha convertido [&hellip;]<\/p>\n","protected":false},"author":4,"featured_media":0,"comment_status":"open","ping_status":"closed","sticky":false,"template":"","format":"standard","meta":{"om_disable_all_campaigns":false,"jnews-multi-image_gallery":[],"jnews_single_post":[],"jnews_primary_category":[],"jnews_social_meta":[],"footnotes":""},"categories":[39],"tags":[47258,47257],"class_list":["post-436834","post","type-post","status-publish","format-standard","hentry","category-viajes","tag-cargado-desde-el-fichero-de-recursos","tag-keywords-por-defecto"],"_links":{"self":[{"href":"https:\/\/dimensionturistica.com\/es\/wp-json\/wp\/v2\/posts\/436834","targetHints":{"allow":["GET"]}}],"collection":[{"href":"https:\/\/dimensionturistica.com\/es\/wp-json\/wp\/v2\/posts"}],"about":[{"href":"https:\/\/dimensionturistica.com\/es\/wp-json\/wp\/v2\/types\/post"}],"author":[{"embeddable":true,"href":"https:\/\/dimensionturistica.com\/es\/wp-json\/wp\/v2\/users\/4"}],"replies":[{"embeddable":true,"href":"https:\/\/dimensionturistica.com\/es\/wp-json\/wp\/v2\/comments?post=436834"}],"version-history":[{"count":0,"href":"https:\/\/dimensionturistica.com\/es\/wp-json\/wp\/v2\/posts\/436834\/revisions"}],"wp:attachment":[{"href":"https:\/\/dimensionturistica.com\/es\/wp-json\/wp\/v2\/media?parent=436834"}],"wp:term":[{"taxonomy":"category","embeddable":true,"href":"https:\/\/dimensionturistica.com\/es\/wp-json\/wp\/v2\/categories?post=436834"},{"taxonomy":"post_tag","embeddable":true,"href":"https:\/\/dimensionturistica.com\/es\/wp-json\/wp\/v2\/tags?post=436834"}],"curies":[{"name":"wp","href":"https:\/\/api.w.org\/{rel}","templated":true}]}}