{"id":436763,"date":"2022-12-02T11:34:36","date_gmt":"2022-12-02T11:34:36","guid":{"rendered":"https:\/\/dimensionturistica.com\/es\/?p=436763"},"modified":"2022-12-02T11:34:37","modified_gmt":"2022-12-02T11:34:37","slug":"australia-fue-como-descubrir-un-mundo-nuevo","status":"publish","type":"post","link":"https:\/\/dimensionturistica.com\/es\/australia-fue-como-descubrir-un-mundo-nuevo\/","title":{"rendered":"&#8220;Australia fue como descubrir un mundo nuevo&#8221;"},"content":{"rendered":"<p> <br \/>\n<\/p>\n<div>\n<aside class=\"subscription-highlighted\">\n<div class=\"subscription-container\">\n<div class=\"non-subscribed\">\n<p class=\"description\">Cyber Monday. Suscr\u00edbete hoy al -50% a la revista Viajes Nationwide Geographic y explora nuevos destinos<\/p>\n<p><a rel=\"nofollow noopener\" target=\"_blank\" href=\"https:\/\/tienda.rba.es\/revistas\/viajes-national-geographic?rba_source=viajes.nationalgeographic.com.es&amp;rba_medium=referral&amp;rba_campaign=NGMV&amp;rba_content=frase-articulo\" class=\"more-link\">EMPIEZA YA<\/a><\/div>\n<\/div>\n<\/aside>\n<p style=\"display: none;\"><img decoding=\"async\" id=\"ctl01_ctl00_phMain_phMain_ctl00_ctl02_ctl17_ctl01_imgContent\" src=\"https:\/\/news.google.com\/medio\/2022\/11\/30\/natalia-de-molina_fd0faa39_800x800.jpeg\" alt=\"Natalia de Molina\" style=\"border-width:0px;\"\/><\/p>\n<aside class=\"add300x250 publi-interior-top ad-container-r1 ad-inline\"\/>\n<p dir=\"ltr\"><strong><span id=\"docs-internal-guid-4fe24cdc-7fff-3ccd-f726-d439f7b466a9\">Tu despegue profesional comienza con un viaje a Almer\u00eda para participar en la pel\u00edcula <\/span><em>Vivir es f\u00e1cil con los ojos cerrados<\/em>. Muchos kil\u00f3metros despu\u00e9s, has llegado hasta hoy. \u00bfC\u00f3mo definir\u00edas estos casi 10 a\u00f1os en la carretera?<\/strong><\/p>\n<p><span id=\"docs-internal-guid-4fe24cdc-7fff-3ccd-f726-d439f7b466a9\">\u00a1Uf! Pues como una monta\u00f1a rusa incre\u00edble, encontrando much\u00edsimos recovecos desconocidos y conociendo a gente maravillosa. Ha sido un viaje apasionante, como muy de ensue\u00f1o\u2026 Es que nunca me hubiera imaginado todo lo que he vivido hasta hoy\u2026 Pero estoy encantad\u00edsima. Est\u00e1 siendo un viaje muy bonito y muy honesto, que no es f\u00e1cil. <\/span><\/p>\n<p><strong><span id=\"docs-internal-guid-4fe24cdc-7fff-3ccd-f726-d439f7b466a9\">Si algo tienen en com\u00fan la inmensa mayor\u00eda de tus personajes es que se tratan todos de mujeres vulnerables en apariencia, pero fuertes y luchadoras en su inside. \u00bfDe d\u00f3nde te nace este compromiso con ese cine m\u00e1s social, de calado m\u00e1s profundo e independiente, muchas veces firmado por directores noveles?<\/span><\/strong><\/p>\n<p><span id=\"docs-internal-guid-4fe24cdc-7fff-3ccd-f726-d439f7b466a9\">Creo que tiene que ver con mi sensibilidad, que conecto con estas historias y tengo la suerte de que directores que quieren hacer proyectos que tienen un calado social piensan en m\u00ed. Me encanta trabajar con gente que est\u00e1 empezando, porque hay una energ\u00eda muy bonita, porque creo que es muy importante confiar y arriesgarse cuando nadie te conoce. Lo hicieron conmigo y yo intento tambi\u00e9n hacerlo con los dem\u00e1s dentro de lo que puedo. Para m\u00ed, la cultura siempre debe tener un compromiso y, en cierta manera, servir como revulsivo. Es importante que haya un mensaje y, dentro de este camino que estoy haciendo y construyendo, cada vez lo tengo m\u00e1s claro: que va conmigo, que es mi sensibilidad, que soy as\u00ed, que en la vida no lo he tenido f\u00e1cil. Vengo de una familia muy humilde, he vivido situaciones muy complicadas desde muy peque\u00f1a y no me olvido de qui\u00e9n soy ni de d\u00f3nde vengo. Ni de lo que para m\u00ed en su d\u00eda signific\u00f3 ver una pel\u00edcula, escuchar una canci\u00f3n o leer un libro. S\u00e9 la importancia que tuvo y lo que me ayud\u00f3. Entonces, yo quiero, dentro de mis posibilidades, ayudar a otra gente. <\/span><\/p>\n<p><strong><span id=\"docs-internal-guid-4fe24cdc-7fff-3ccd-f726-d439f7b466a9\">Vuelves a dar ejemplo de ese compromiso con <\/span>F\u00e1cil. Mostrar la diversidad es el veh\u00edculo del que se sirve la serie para abordar\u2026 \u00bfQu\u00e9 temas?<\/strong><\/p>\n<p><span id=\"docs-internal-guid-4fe24cdc-7fff-3ccd-f726-d439f7b466a9\">Las cuatro protagonistas tienen un grado de discapacidad intelectual. Marga, de las cuatro, es la que mayor grado tiene y la que m\u00e1s dif\u00edcil tiene tambi\u00e9n, por este motivo, pertenecer a la sociedad que se ha construido y al mundo de los c\u00f3digos y las normas que est\u00e1n arraigadas en el sistema. La serie parte de dar visibilidad y voz a un colectivo que est\u00e1 muy marginado y que carece de muchos derechos que el resto de personas hemos conquistado ya; ellas est\u00e1n en ese proceso. Pero la serie va m\u00e1s all\u00e1, no se queda simplemente en mostrar a estas mujeres y su discapacidad. No se trata, como se ha hecho en otras ficciones, de una visi\u00f3n externa, sino que el punto de vista est\u00e1 en ellas, en entenderlas, en empatizar con ellas y en ser capaces, como personas normativas que somos (sea lo que sea eso, porque tambi\u00e9n tengo conflictos sobre qu\u00e9 es regular y sobre por qu\u00e9 yo soy capaz de algo y de muchas otras cosas no) de ponerte en su lugar. Es una historia de sororidad, hermandad, libertad y, sobre todo, de la conquista de una misma. Son personas que quieren ser libres y ya est\u00e1, y no le hacen da\u00f1o a nadie. <\/span><\/p>\n<figure class=\"thumb zoom\"><img loading=\"lazy\" decoding=\"async\" sizes=\"auto, 100vw\" srcset=\"https:\/\/news.google.com\/medio\/2022\/11\/30\/camino-de-santiago_203f009e_720x479.jpg 720w,https:\/\/news.google.com\/medio\/2022\/11\/30\/camino-de-santiago_027066c1_1200x799.jpg 1200w\" src=\"https:\/\/news.google.com\/medio\/2022\/11\/30\/camino-de-santiago_027066c1_1200x799.jpg\" class=\"lazyload\" width=\"1200\" height=\"799\" data-aspectratio=\"1200\/799\"\/><noscript><img decoding=\"async\" src=\"https:\/\/news.google.com\/medio\/2022\/11\/30\/camino-de-santiago_027066c1_1200x799.jpg\"\/><\/noscript><\/p>\n<div class=\"info\">\n<div class=\"credit\">\n<p>&#8220;Cuando era peque\u00f1a, los 15 d\u00edas que pas\u00e1bamos de vacaciones con mi padre eran siempre haciendo trayectos del Camino de Santiago y ya me fascinaba&#8221;, cuenta Natalia de Molina.\u00a0<\/p>\n<\/div><figcaption class=\"by\">&#13;Foto: Shutterstock<\/figcaption><\/div>\n<\/figure>\n<p><strong><span id=\"docs-internal-guid-4fe24cdc-7fff-3ccd-f726-d439f7b466a9\">\u00bfC\u00f3mo de grande ha sido el v\u00e9rtigo de interpretar a un personaje tan extremo?<\/span><\/strong><\/p>\n<p><span id=\"docs-internal-guid-4fe24cdc-7fff-3ccd-f726-d439f7b466a9\">He sentido y sigo sintiendo mucho miedo a d\u00eda de hoy, hasta que se estrene la serie, porque es un personaje muy delicado, con una trama muy inc\u00f3moda de ver en muchos momentos, y de entender. Se mete en terrenos que son muy tab\u00fa. Marga, en basic, es un tab\u00fa en s\u00ed mismo. Eso, de primeras y de segundas y de terceras y de cuartas, te da mucho v\u00e9rtigo. Y hay una parte de ti, una vocecilla que te juzga y te cube: \u201cd\u00f3nde te est\u00e1s metiendo, qu\u00e9 necesidad tienes de arriesgarte tanto\u2026\u201d. Lo que pasa es que, conforme m\u00e1s investigaba y m\u00e1s me acercaba a esta realidad, m\u00e1s me daba cuenta de lo poco que realmente sab\u00eda sobre lo que viven estas personas. Ha sido un proyecto que me ha cambiado, muy fuerte, he vivido cosas incre\u00edbles, he conocido a personas maravillosas\u2026 He basado el personaje en una persona actual que se llama Alma, una chica que tiene el mismo tipo y nivel de discapacidad intelectual que Marga. He pasado tiempo con ella y he basado todo mi trabajo en ella. A d\u00eda de hoy, me siento muy orgullosa, aunque la gente podr\u00e1 pensar lo que quiera. Al last, yo me dedico a ser actriz para poder hacer cosas as\u00ed. Y, como mujer, hay much\u00edsimas m\u00e1s cosas que me unen a Marga de las que me separan. Es un orgullo, la verdad. Me emociono un poco&#8230;<\/span><\/p>\n<p><strong><span id=\"docs-internal-guid-4fe24cdc-7fff-3ccd-f726-d439f7b466a9\">\u00bfEste es el personaje m\u00e1s extremo y complicado de toda tu carrera?<\/span><\/strong><\/p>\n<p dir=\"ltr\"><span id=\"docs-internal-guid-4fe24cdc-7fff-3ccd-f726-d439f7b466a9\">S\u00ed, sin lugar a dudas. Todos son dif\u00edciles porque, al last, construir a una persona que no eres t\u00fa es complicado y yo soy una actriz que voy a los personajes, no los traigo a m\u00ed. Marga supone una complejidad, un riesgo y una exposici\u00f3n en la que es tambi\u00e9n mi primera serie como protagonista. Son muchas cosas las que se suman y a\u00f1aden presi\u00f3n y dificultad. Pero bueno, para eso estamos. \u00a1Soy joven! \u00bfSi no soy rebelde ahora cu\u00e1ndo lo voy a ser [risas]? <\/span><\/p>\n<p><strong><span id=\"docs-internal-guid-4fe24cdc-7fff-3ccd-f726-d439f7b466a9\">La serie se ha grabado en Barcelona y no ser\u00e1 esta la \u00faltima vez en que una ficci\u00f3n te traslada a una ciudad que no es la tuya. <\/span>\u00bfHay alg\u00fan lugar inolvidable que hayas descubierto a ra\u00edz de un rodaje?<\/strong><\/p>\n<p><span id=\"docs-internal-guid-4fe24cdc-7fff-3ccd-f726-d439f7b466a9\">\u00a1Muchos! He viajado bastante con las pel\u00edculas. Yo resido en Madrid, pero all\u00ed creo que solo rod\u00e9 <\/span><em>Kiki<\/em>. Siempre he estado fuera, he hecho muchas cosas en el sur y, \u00a1mira!, yo soy andaluza, pero tambi\u00e9n conoces lugares nuevos. Por ejemplo, ahora que estoy otra vez en Barcelona empezando un proyecto [la serie <em>Mano de hierro<\/em> para Netflix] que se desarrolla en el puerto mar\u00edtimo, de repente, poder estar en un lugar al que solo puede acceder la gente que trabaja all\u00ed, tener el privilegio de ver el puerto por dentro, es incre\u00edble. Pero s\u00ed que cuando hice <em>Elisa y Marcela<\/em> redescubr\u00ed Galicia. Cuando period peque\u00f1a, los 15 d\u00edas que pas\u00e1bamos de vacaciones con mi padre eran siempre haciendo trayectos del Camino de Santiago y ya me fascinaba. Con<em> Elisa y Marcela<\/em> viajamos bastante y llegamos a pueblos que a lo mejor ten\u00edan solo 10 habitantes. Galicia me flipa, tiene un aura muy m\u00e1gica. \u00a1Y se come muy bien!<\/p>\n<p><strong><span id=\"docs-internal-guid-4fe24cdc-7fff-3ccd-f726-d439f7b466a9\">Nacida en Ja\u00e9n, criada en Granada. \u00bfQu\u00e9 te enamora de Andaluc\u00eda?<\/span><\/strong><\/p>\n<p><span id=\"docs-internal-guid-4fe24cdc-7fff-3ccd-f726-d439f7b466a9\">Son mis ra\u00edces, yo soy andaluza por todos los poros de mi piel. Ahora estoy pensando en volver, porque tengo ganas de cambiar un poco y siento que mi tierra me est\u00e1 llamando. No s\u00e9 si al last lo har\u00e9, pero es que est\u00e1 mi familia. El paisaje de Andaluc\u00eda es riqu\u00edsimo y puedes encontrar un desierto, una playa incre\u00edble, la monta\u00f1a en Sierra Nevada o yo qu\u00e9 s\u00e9, C\u00f3rdoba, que es incre\u00edble. Me encanta tambi\u00e9n la manera de vivir. A pesar de ser una tierra muy castigada, donde hay mucho paro, la gente afronta la vida desde un lugar que me gusta, como con alegr\u00eda o gracia. En Granada somos un poco <\/span><em>malafoll\u00e1<\/em>, nos dicen, pero a m\u00ed es que me hace gracia ese humor. \u00a1Hasta la<em> malafoll\u00e1 <\/em>de Granada me gusta!<\/p>\n<figure class=\"thumb zoom\"><img loading=\"lazy\" decoding=\"async\" sizes=\"auto, 100vw\" srcset=\"https:\/\/news.google.com\/medio\/2022\/11\/30\/nueva-york-invierno_b2a57571_720x480.jpg 720w,https:\/\/news.google.com\/medio\/2022\/11\/30\/nueva-york-invierno_0df0dec0_1200x800.jpg 1200w\" src=\"https:\/\/news.google.com\/medio\/2022\/11\/30\/nueva-york-invierno_0df0dec0_1200x800.jpg\" class=\"lazyload\" width=\"1200\" height=\"800\" data-aspectratio=\"1200\/800\"\/><noscript><img decoding=\"async\" src=\"https:\/\/news.google.com\/medio\/2022\/11\/30\/nueva-york-invierno_0df0dec0_1200x800.jpg\"\/><\/noscript><\/p>\n<div class=\"info\">\n<div class=\"credit\">\n<p>&#8220;Ten\u00eda veintipocos a\u00f1os, era muy jovencita y recuerdo llegar all\u00ed y que hac\u00eda much\u00edsimo fr\u00edo, era invierno y estaba todo congelado&#8221;, cuenta Natalia de Molina.<\/p>\n<\/div><figcaption class=\"by\">&#13;Foto: Istock<\/figcaption><\/div>\n<\/figure>\n<p><strong><span id=\"docs-internal-guid-4fe24cdc-7fff-3ccd-f726-d439f7b466a9\">Cuando el tiempo te lo permite, \u00bferes m\u00e1s de viajar dentro o fuera de nuestras fronteras?<\/span><\/strong><\/p>\n<p><span id=\"docs-internal-guid-4fe24cdc-7fff-3ccd-f726-d439f7b466a9\">Me encantar\u00eda viajar fuera, pero lo tengo muy dif\u00edcil, porque tengo animales. Con mi perro peque\u00f1ito, que pesa como tres kilos y medio, s\u00ed que puedo viajar, pero con la otra, que es un galgo, tendr\u00eda que facturar. \u00a1Una movida muy grande! As\u00ed que viajo fuera menos de lo que me gustar\u00eda. Me encantar\u00eda conocer pa\u00edses, culturas, ir a Asia\u2026 pero ahora mismo no podr\u00eda hacerlo. Viajo mucho por aqu\u00ed, por lo cercano, all\u00ed donde puedo ir en coche. Una vez estuve en Francia y period incre\u00edble ver c\u00f3mo los animales est\u00e1n totalmente integrados en la sociedad, en el sentido en que vas en el tren con tu perro, tenga el tama\u00f1o que tenga, o entras a los bares. En Madrid y Barcelona est\u00e1 m\u00e1s avanzado, pero es verdad que cuando vas a Andaluc\u00eda no es tan f\u00e1cil. Es algo que tiene que empezar a cambiar.<\/span><\/p>\n<p><strong><span id=\"docs-internal-guid-4fe24cdc-7fff-3ccd-f726-d439f7b466a9\">\u00bfQu\u00e9 tipo de experiencias prefieres?<\/span><\/strong><\/p>\n<p><span id=\"docs-internal-guid-4fe24cdc-7fff-3ccd-f726-d439f7b466a9\">Me gusta un poco todo. S\u00ed que es verdad que, cuando he tenido una \u00e9poca de mucho estr\u00e9s por trabajo o por lo que sea, he necesitado parar e ir a sitios donde poder estar tranquila, disfrutar de las puestas de sol, caminar por la playa, por ejemplo, en M\u00e1laga, y comer. \u00a1Me encanta comer! Para m\u00ed viajar por gastronom\u00eda es lo mejor. Tambi\u00e9n me gusta andar por la monta\u00f1a. Tengo un poco de fobia al mar. Pasear por la playa y eso, s\u00ed, pero estar dentro del mar o coger barcos me da mucho miedo. <\/span><\/p>\n<p><strong><span id=\"docs-internal-guid-4fe24cdc-7fff-3ccd-f726-d439f7b466a9\">\u00bfCu\u00e1l es el viaje m\u00e1s inolvidable que has hecho en tu vida?<\/span><\/strong><\/p>\n<p><span id=\"docs-internal-guid-4fe24cdc-7fff-3ccd-f726-d439f7b466a9\">La primera y \u00fanica vez que he ido a Nueva York. Fue tambi\u00e9n la primera vez que sal\u00ed de Espa\u00f1a viajando sola. Period algo que me daba mucho respeto, me impone viajar sola. Me fui a vivir all\u00ed dos meses para aprender un poco de ingl\u00e9s despu\u00e9s del rodaje de <\/span><em>Techo y comida<\/em>, fue como un regalo que me hice a m\u00ed misma. Siempre hab\u00eda querido conocer Nueva York y, como ten\u00eda tiempo y me lo pod\u00eda permitir, y hab\u00eda trabajado duro, porque hab\u00eda sido un proyecto muy fuerte, me fui. \u00a1Pero sola! Adem\u00e1s, yo soy s\u00faper t\u00edmida y me cuesta bastante socializar. Ten\u00eda veintipocos a\u00f1os, period muy jovencita y recuerdo llegar all\u00ed y que hac\u00eda much\u00edsimo fr\u00edo, period invierno y estaba todo congelado. \u00a1Filomena se queda corta [risas]! Y recuerdo pasear y tener la sensaci\u00f3n de que ya hab\u00eda estado antes. \u00a1Lo hab\u00eda visto tantas veces en las pel\u00edculas! Es incre\u00edble lo que pueden conseguir el cine y las collection. Fue un viaje muy importante para m\u00ed a nivel private.<\/p>\n<p><strong><span id=\"docs-internal-guid-4fe24cdc-7fff-3ccd-f726-d439f7b466a9\">\u00bfY cu\u00e1l es ese viaje que cada d\u00eda que pasa tienes m\u00e1s pendiente?<\/span><\/strong><\/p>\n<p><span id=\"docs-internal-guid-4fe24cdc-7fff-3ccd-f726-d439f7b466a9\">Me encantar\u00eda ir a Tokio. Ahora mismo me iba con mi madre, porque siempre me ha dicho que le gustar\u00eda.<\/span><\/p>\n<div>\n<div class=\"cuadro-destacado\">\n<p class=\"overtitle\">COORDENADAS VIAJERAS<\/p>\n<h3 class=\"title\">Natalia de Molina<\/h3>\n<ol class=\"destacado-list\">\n<li class=\"destacado-list-item\">\n<p class=\"list-item-title\">\u00bfAd\u00f3nde nos llevas si vamos al norte?<\/p>\n<p dir=\"ltr\"><span id=\"docs-internal-guid-43d292b8-7fff-1a22-7f6e-39f724b1e9b0\">A Navarra, a Pamplona. No la conoc\u00eda y me fascin\u00f3. La ciudad es muy verde. Recuerdo un parque donde hab\u00eda ciervos en plena ciudad. Y est\u00e1 la comida. \u00a1El ajoarriero me ten\u00eda muy enganchada [risas]! Adem\u00e1s, se respiraba aire muy limpio<\/span><\/p>\n<\/li>\n<li class=\"destacado-list-item\">\n<p class=\"list-item-title\">\u00bfQu\u00e9 destino eliges mirando al sur?<\/p>\n<p class=\"list-item-text\"><span id=\"docs-internal-guid-2312dadc-7fff-7e80-b60c-41c87e2bf09a\">Toda Andaluc\u00eda. Es mi tierra. Desde <\/span><em>Vivir es f\u00e1cil con los ojos cerrados<\/em>, no voy a Cabo de Gata, pero he pasado toda mi infancia veraneando all\u00ed porque tengo familia que vive en Almer\u00eda y conservo muchos recuerdos ligados a Cabo de Gata. Me parece un espect\u00e1culo. Es maravilloso\u2026 Esa playa, ese desierto, esas calas, esas puestas de sol\u2026<\/p>\n<\/li>\n<li class=\"destacado-list-item\">\n<p class=\"list-item-title\">\u00bfY si vamos al este?<\/p>\n<p dir=\"ltr\"><span id=\"docs-internal-guid-f8a96702-7fff-db42-057d-f5f711a7d7b5\">Australia. Tuve la suerte de viajar all\u00ed por un pageant de cine y flip\u00e9 con toda la naturaleza, la vegetaci\u00f3n, los animales que no hab\u00eda visto en mi vida&#8230; Period todo nuevo, un para\u00edso muy desconocido. Recuerdo ir andando y asustarme con los<\/span><em>flying-foxes<\/em>, que son como unos murci\u00e9lagos enormes con pelo, de un tama\u00f1o descomunal, hasta que me dijeron que no chupaban sangre [risas]. Todos los animales que hab\u00eda en la ciudad, como aqu\u00ed vemos gorriones o palomas, eran tan distintos y ex\u00f3ticos\u2026 Period como descubrir un mundo nuevo.<\/p>\n<\/li>\n<li class=\"destacado-list-item\">\n<p class=\"list-item-title\">Toca el oeste&#8230;<\/p>\n<p class=\"list-item-text\"><span id=\"docs-internal-guid-f3b96894-7fff-3e17-d508-2803a4ee865c\">No he estado, pero me encantar\u00eda conocer Chile. No s\u00e9 exactamente el lugar exacto ni por qu\u00e9, pero es una cultura que me atrae mucho con todo ese realismo m\u00e1gico. Cada vez que veo pel\u00edculas de Chile, me fascina la mirada que tienen los directores de all\u00ed. Y a M\u00e9xico tambi\u00e9n me gustar\u00eda ir para poder comer todos esos picantes y, sobre todo, vivir el D\u00eda de los Muertos. Trabajar en cualquiera de los dos pa\u00edses ser\u00eda un sue\u00f1o.<\/span><\/p>\n<\/li>\n<\/ol>\n<\/div>\n<\/div>\n<div>\n<p dir=\"ltr\"><strong><span id=\"docs-internal-guid-83ff223f-7fff-a9f1-049f-29cac5156b3a\">\u00bfQu\u00e9 no puede faltar en tu equipaje cuando viajas?<\/span><\/strong><\/p>\n<p dir=\"ltr\"><span>Ropa inside y calcetines [risas], soy muy pr\u00e1ctica. Odio hacer la maleta y siempre lo dejo para el \u00faltimo momento, que es cuando m\u00e1s estresante resulta, pero es que, solo con pesar que tengo que hacerla, me pongo nerviosa. \u00a1Y siempre se me olvida algo! <\/span><\/p>\n<p dir=\"ltr\"><strong><span>\u00bfTienes alguna man\u00eda viajera?<\/span><\/strong><\/p>\n<p dir=\"ltr\"><span>Intento llegar con tiempo, porque alguna vez he ido justa y he perdido un tren, un avi\u00f3n nunca, y es una sensaci\u00f3n tan horrorosa la que siento cuando llegas a dos minutos y no te dejan pasar y ves el tren que se va\u2026 Me entra una frustraci\u00f3n y un enfado conmigo misma, que no quiero experimentar m\u00e1s. A la hora de viajar, me gusta ir en ventana para ver el paisaje, aunque luego me pasa que me puedo dormir en cualquier momento y medio de transporte. \u00a1Tengo una facilidad para quedarme dormida flipante! Cuando fui a Australia, que te tiras un d\u00eda en el avi\u00f3n, estuve despierta solo para comer. <\/span><\/p>\n<p dir=\"ltr\">\n<figure class=\"thumb zoom\"><img loading=\"lazy\" decoding=\"async\" sizes=\"auto, 100vw\" srcset=\"https:\/\/news.google.com\/medio\/2022\/11\/30\/tokio_ad0837ba_720x480.jpg 720w,https:\/\/news.google.com\/medio\/2022\/11\/30\/tokio_5cfd8bb8_1200x800.jpg 1200w\" src=\"https:\/\/news.google.com\/medio\/2022\/11\/30\/tokio_5cfd8bb8_1200x800.jpg\" class=\"lazyload\" width=\"1200\" height=\"800\" data-aspectratio=\"1200\/800\"\/><noscript><img decoding=\"async\" src=\"https:\/\/news.google.com\/medio\/2022\/11\/30\/tokio_5cfd8bb8_1200x800.jpg\"\/><\/noscript><\/p>\n<div class=\"info\">\n<div class=\"credit\">\n<p>&#8220;Me encantar\u00eda ir a Tokio. Ahora mismo me iba con mi madre, porque siempre me ha dicho que le gustar\u00eda&#8221;, cuenta Natalia de Molina.<\/p>\n<\/div><figcaption class=\"by\">&#13;Foto: Istock<\/figcaption><\/div>\n<\/figure>\n<p>&#13;<\/p>\n<p dir=\"ltr\"><strong><span>\u00bfEl memento m\u00e1s preciado que tienes en casa?<\/span><\/strong><\/p>\n<p dir=\"ltr\"><span>Cada vez que voy a un pa\u00eds que no conozco, me tengo que llevar una taza. Tengo una colecci\u00f3n y desayuno con ellas. Me levanto y me digo: \u201choy me voy a ir a Berl\u00edn\u201d. Me conectan con los viajes.<\/span><\/p>\n<p dir=\"ltr\"><strong><span>Comer y viajar es todo uno. \u00bfUn plato que tengas grabado a fuego en el paladar?<\/span><\/strong><\/p>\n<p dir=\"ltr\"><span>Bueno, es que la cocina de mi madre es un espect\u00e1culo. Cuando pienso en algo muy rico, pienso en que mi madre me haga un cocido, un arroz o una cazuela de fideos, que desde peque\u00f1a es mi plato favorito. \u00a1Tiene una mano incre\u00edble para la cocina!<\/span><\/p>\n<p dir=\"ltr\"><strong><span>Toca la \u00faltima pregunta, y no menos importante: \u00bfPor qu\u00e9 viajas?<\/span><\/strong><\/p>\n<p dir=\"ltr\"><span>No existe la teletransportaci\u00f3n a d\u00eda de hoy, pero, en cierta manera, uno puede viajar a donde quiera con la imaginaci\u00f3n y con la mente cuando no puede hacerlo f\u00edsicamente. Yo, desde muy peque\u00f1a, he viajado much\u00edsimo en mi habitaci\u00f3n. Period un lugar donde me sent\u00eda segura y, a la vez, pod\u00eda irme y salir de m\u00ed para ir a donde quisiera, jugando, construyendo personajes o bailando. \u00a1Con la mente viajo mucho! En basic, soy una persona bastante introvertida, callada, muy observadora y mi cabeza va muy r\u00e1pido. Cuando viajo f\u00edsicamente, lo que m\u00e1s me gusta es conocer mundos nuevos, otras maneras de vivir, sentir y expresarse; otros territorios y paisajes&#8230; Creo que viajar, tanto literal como metaf\u00f3ricamente, hace que tu mundo sea m\u00e1s amplio y te hace m\u00e1s tolerante y emp\u00e1tico. Yo viajo con mi trabajo, por trabajo y, cuando no, tambi\u00e9n viajo.<\/span><\/p>\n<\/div>\n<aside class=\"add300x600 publi-interior-bot ad-inline ad-container-r2\"\/><\/div>\n\n<p><em> &#8221; Fuentes news.google.com &#8221; <\/em><\/p>\n","protected":false},"excerpt":{"rendered":"<p>Cyber Monday. Suscr\u00edbete hoy al -50% a la revista Viajes Nationwide Geographic y explora nuevos destinos EMPIEZA YA Tu despegue profesional comienza con un viaje a Almer\u00eda para participar en la pel\u00edcula Vivir es f\u00e1cil con los ojos cerrados. Muchos kil\u00f3metros despu\u00e9s, has llegado hasta hoy. \u00bfC\u00f3mo definir\u00edas estos casi 10 a\u00f1os en la carretera? [&hellip;]<\/p>\n","protected":false},"author":4,"featured_media":436764,"comment_status":"open","ping_status":"closed","sticky":false,"template":"","format":"standard","meta":{"om_disable_all_campaigns":false,"jnews-multi-image_gallery":[],"jnews_single_post":[],"jnews_primary_category":[],"jnews_social_meta":[],"footnotes":""},"categories":[39],"tags":[47258,47257],"class_list":["post-436763","post","type-post","status-publish","format-standard","has-post-thumbnail","hentry","category-viajes","tag-cargado-desde-el-fichero-de-recursos","tag-keywords-por-defecto"],"_links":{"self":[{"href":"https:\/\/dimensionturistica.com\/es\/wp-json\/wp\/v2\/posts\/436763","targetHints":{"allow":["GET"]}}],"collection":[{"href":"https:\/\/dimensionturistica.com\/es\/wp-json\/wp\/v2\/posts"}],"about":[{"href":"https:\/\/dimensionturistica.com\/es\/wp-json\/wp\/v2\/types\/post"}],"author":[{"embeddable":true,"href":"https:\/\/dimensionturistica.com\/es\/wp-json\/wp\/v2\/users\/4"}],"replies":[{"embeddable":true,"href":"https:\/\/dimensionturistica.com\/es\/wp-json\/wp\/v2\/comments?post=436763"}],"version-history":[{"count":0,"href":"https:\/\/dimensionturistica.com\/es\/wp-json\/wp\/v2\/posts\/436763\/revisions"}],"wp:featuredmedia":[{"embeddable":true,"href":"https:\/\/dimensionturistica.com\/es\/wp-json\/wp\/v2\/media\/436764"}],"wp:attachment":[{"href":"https:\/\/dimensionturistica.com\/es\/wp-json\/wp\/v2\/media?parent=436763"}],"wp:term":[{"taxonomy":"category","embeddable":true,"href":"https:\/\/dimensionturistica.com\/es\/wp-json\/wp\/v2\/categories?post=436763"},{"taxonomy":"post_tag","embeddable":true,"href":"https:\/\/dimensionturistica.com\/es\/wp-json\/wp\/v2\/tags?post=436763"}],"curies":[{"name":"wp","href":"https:\/\/api.w.org\/{rel}","templated":true}]}}