{"id":436684,"date":"2022-12-02T08:35:45","date_gmt":"2022-12-02T08:35:45","guid":{"rendered":"https:\/\/dimensionturistica.com\/es\/?p=436684"},"modified":"2022-12-02T08:35:46","modified_gmt":"2022-12-02T08:35:46","slug":"me-barcelona-nuestra-casa-en-la-ciudad-condal","status":"publish","type":"post","link":"https:\/\/dimensionturistica.com\/es\/me-barcelona-nuestra-casa-en-la-ciudad-condal\/","title":{"rendered":"ME Barcelona, nuestra casa en la Ciudad Condal"},"content":{"rendered":"<p> <br \/>\n<\/p>\n<div>\n<p>Adem\u00e1s del dise\u00f1o, la ubicaci\u00f3n y los planes por la ciudad, la <strong>gastronom\u00eda es otro de los puntos fuertes<\/strong> de <strong>ME Barcelona.<\/strong> De hecho, en sus tres restaurantes se ha aliado con el <strong>prestigioso grupo de restauraci\u00f3n BELBO Assortment<\/strong> para crear algunas de las cartas m\u00e1s potentes de la Ciudad Condal. En la imagen, el restaurante <strong>BELBO<\/strong> <strong>Terrenal,<\/strong> cuyo recetario <strong>se inspira en la cuenca del Mediterr\u00e1neo,<\/strong> especialmente en la huerta y el campo.<\/p>\n<\/div>\n\n<p><em> &#8221; Fuentes news.google.com &#8221; <\/em><\/p>\n","protected":false},"excerpt":{"rendered":"<p>Adem\u00e1s del dise\u00f1o, la ubicaci\u00f3n y los planes por la ciudad, la gastronom\u00eda es otro de los puntos fuertes de ME Barcelona. De hecho, en sus tres restaurantes se ha aliado con el prestigioso grupo de restauraci\u00f3n BELBO Assortment para crear algunas de las cartas m\u00e1s potentes de la Ciudad Condal. En la imagen, el [&hellip;]<\/p>\n","protected":false},"author":4,"featured_media":436685,"comment_status":"open","ping_status":"closed","sticky":false,"template":"","format":"standard","meta":{"om_disable_all_campaigns":false,"jnews-multi-image_gallery":[],"jnews_single_post":[],"jnews_primary_category":[],"jnews_social_meta":[],"footnotes":""},"categories":[39],"tags":[2917,1289],"class_list":["post-436684","post","type-post","status-publish","format-standard","has-post-thumbnail","hentry","category-viajes","tag-barcelona","tag-hoteles"],"_links":{"self":[{"href":"https:\/\/dimensionturistica.com\/es\/wp-json\/wp\/v2\/posts\/436684","targetHints":{"allow":["GET"]}}],"collection":[{"href":"https:\/\/dimensionturistica.com\/es\/wp-json\/wp\/v2\/posts"}],"about":[{"href":"https:\/\/dimensionturistica.com\/es\/wp-json\/wp\/v2\/types\/post"}],"author":[{"embeddable":true,"href":"https:\/\/dimensionturistica.com\/es\/wp-json\/wp\/v2\/users\/4"}],"replies":[{"embeddable":true,"href":"https:\/\/dimensionturistica.com\/es\/wp-json\/wp\/v2\/comments?post=436684"}],"version-history":[{"count":0,"href":"https:\/\/dimensionturistica.com\/es\/wp-json\/wp\/v2\/posts\/436684\/revisions"}],"wp:featuredmedia":[{"embeddable":true,"href":"https:\/\/dimensionturistica.com\/es\/wp-json\/wp\/v2\/media\/436685"}],"wp:attachment":[{"href":"https:\/\/dimensionturistica.com\/es\/wp-json\/wp\/v2\/media?parent=436684"}],"wp:term":[{"taxonomy":"category","embeddable":true,"href":"https:\/\/dimensionturistica.com\/es\/wp-json\/wp\/v2\/categories?post=436684"},{"taxonomy":"post_tag","embeddable":true,"href":"https:\/\/dimensionturistica.com\/es\/wp-json\/wp\/v2\/tags?post=436684"}],"curies":[{"name":"wp","href":"https:\/\/api.w.org\/{rel}","templated":true}]}}