{"id":436655,"date":"2022-12-02T07:14:28","date_gmt":"2022-12-02T07:14:28","guid":{"rendered":"https:\/\/dimensionturistica.com\/es\/?p=436655"},"modified":"2022-12-02T07:14:28","modified_gmt":"2022-12-02T07:14:28","slug":"el-volcan-activo-mas-grande-del-mundo","status":"publish","type":"post","link":"https:\/\/dimensionturistica.com\/es\/el-volcan-activo-mas-grande-del-mundo\/","title":{"rendered":"El volc\u00e1n activo m\u00e1s grande del mundo"},"content":{"rendered":"<p> <br \/>\n<\/p>\n<div>\n<div id=\"involveds\" class=\"involveds wrap\">\n<div class=\"involved-authors only-author\">\n<div class=\"first-author\">\n<figure class=\"thumb col-xs-3\">&#13;<img loading=\"lazy\" decoding=\"async\" src=\"https:\/\/news.google.com\/medio\/2021\/12\/15\/xell_b48658f1_600x600.png\" alt=\"Xell\" class=\"lazyload\" width=\"600\" height=\"600\" data-aspectratio=\"600\/600\"\/><noscript><img decoding=\"async\" src=\"https:\/\/news.google.com\/medio\/2021\/12\/15\/xell_b48658f1_600x600.png\" alt=\"Xell\"\/><\/noscript>&#13;<\/figure>\n<\/div>\n<\/div>\n<\/div>\n<p class=\"date\"> <time itemprop=\"dateModified\" datetime=\"2022-12-01T15:05:00+01:00\" data-timestamp=\"1669907100\">&#13;01 de diciembre de 2022 \u00b7 15:05<\/time>&#13;<\/p>\n<\/div>\n<div id=\"article-text\">\n<div class=\"txt\">\n<aside class=\"subscription-highlighted\">\n<div class=\"subscription-container\">\n<div class=\"non-subscribed\">\n<p class=\"description\">Cyber Monday. Suscr\u00edbete hoy al -50% a la revista Viajes Nationwide Geographic y explora nuevos destinos<\/p>\n<p><a rel=\"nofollow noopener\" target=\"_blank\" href=\"https:\/\/tienda.rba.es\/revistas\/viajes-national-geographic?rba_source=viajes.nationalgeographic.com.es&amp;rba_medium=referral&amp;rba_campaign=NGMV&amp;rba_content=frase-articulo\" class=\"more-link\">EMPIEZA YA<\/a><\/div>\n<\/div>\n<\/aside>\n<p style=\"display: none;\"><img decoding=\"async\" id=\"ctl01_ctl00_phMain_phMain_ctl00_ctl02_ctl17_ctl01_imgContent\" src=\"https:\/\/news.google.com\/medio\/2022\/11\/29\/mauna-loa_6eabfe94_800x800.jpg\" alt=\"Mauna Loa\" style=\"border-width:0px;\"\/><\/p>\n<aside class=\"add300x250 publi-interior-top ad-container-r1 ad-inline\"\/>\n<p>A mediados de 2022, el Mauna Loa desbanc\u00f3 al macizo Tamu como el volc\u00e1n m\u00e1s extenso del planeta tras las \u00faltimas investigaciones cient\u00edficas que determinaron que el volc\u00e1n hawaiano, con 5271 km\u00b2, period todav\u00eda m\u00e1s grande. Ahora, vuelve a ser noticia despu\u00e9s de que el pasado 27 de noviembre entrara en erupci\u00f3n, algo que no ocurr\u00eda desde 1984, cuando estuvo escupiendo lava y cenizas durante 22 d\u00edas. Estas dos han sido las \u00faltimas de las 33 erupciones registradas del volc\u00e1n desde el a\u00f1o 1843.<\/p>\n<p>El Mauna Loa (&#8216;Monta\u00f1a grande&#8217; en hawaiano) cubre la mitad de la Isla Grande del archipi\u00e9lago de Haw\u00e1i, formada por cuatro volcanes m\u00e1s: el Kohala, el Hualalai, el Mauna Kea y el Kilauea. En los \u00faltimos d\u00edas, ha expulsado r\u00edos de lava fundida, columnas de vapor y humo en una erupci\u00f3n seen desde la localidad de Kona, a unos 72 kil\u00f3metros de distancia, en la Isla Grande del archipi\u00e9lago de Haw\u00e1i. Seg\u00fan el Servicio Geol\u00f3gico de Estados Unidos (USGS), el volc\u00e1n lleva acumulando presi\u00f3n durante a\u00f1os y, por el momento, las autoridades de Haw\u00e1i no han emitido \u00f3rdenes de evacuaci\u00f3n, aunque s\u00ed que se han cerrado varias carreteras de la regi\u00f3n y se han abierto dos refugios por precauci\u00f3n.<\/p>\n<figure class=\"thumb zoom\"><img loading=\"lazy\" decoding=\"async\" sizes=\"auto, 100vw\" srcset=\"https:\/\/news.google.com\/medio\/2022\/11\/29\/mauna-loa_081fd149_720x480.jpeg 720w,https:\/\/news.google.com\/medio\/2022\/11\/29\/mauna-loa_5fe19275_960x640.jpeg 960w\" src=\"https:\/\/news.google.com\/medio\/2022\/11\/29\/mauna-loa_5fe19275_960x640.jpeg\" alt=\"Mauna Loa\" class=\"lazyload\" width=\"960\" height=\"640\" data-aspectratio=\"960\/640\"\/><noscript><img decoding=\"async\" src=\"https:\/\/news.google.com\/medio\/2022\/11\/29\/mauna-loa_5fe19275_960x640.jpeg\" alt=\"Mauna Loa\"\/><\/noscript><\/p>\n<p>&#13;<figcaption class=\"by\">&#13;Foto: Nationwide Parks Servics \/ J.Wei<\/figcaption>&#13;<\/p>\n<\/figure>\n<p>Sin embargo, el Mauna Loa no es el \u00fanico volc\u00e1n en erupci\u00f3n. Sus r\u00edos de lava se ven desde diferentes puntos de la isla junto a las del <a rel=\"nofollow noopener\" target=\"_blank\" href=\"https:\/\/viajes.nationalgeographic.com.es\/ubicacion-exacta\/volcan-mas-activo-planeta_15866\">Kilauea<\/a>, que est\u00e1 en erupci\u00f3n de forma casi continua desde 1983. Hac\u00eda casi 40 a\u00f1os que no se observaba a ambos volcanes expulsando lava al mismo tiempo, un acontecimiento que el Servicio de Parques Nacionales de Estados Unidos <a rel=\"nofollow noopener\" target=\"_blank\" href=\"https:\/\/www.nps.gov\/havo\/learn\/photosmultimedia\/webcams.htm\">retransmite en directo<\/a> desde varios puntos del Parque Nacional de los Volcanes de Haw\u00e1i.<\/p>\n<aside class=\"add300x600 publi-interior-bot ad-inline ad-container-r2\"\/><\/div>\n<p><!-- START: tags-rel  --><!-- END: tags-rel   --><br \/>\n<!-- START:toolbar --><!-- END:toolbar --><\/div>\n\n<p><em> &#8221; Fuentes news.google.com &#8221; <\/em><\/p>\n","protected":false},"excerpt":{"rendered":"<p>&#13;&#13; &#13;01 de diciembre de 2022 \u00b7 15:05&#13; Cyber Monday. Suscr\u00edbete hoy al -50% a la revista Viajes Nationwide Geographic y explora nuevos destinos EMPIEZA YA A mediados de 2022, el Mauna Loa desbanc\u00f3 al macizo Tamu como el volc\u00e1n m\u00e1s extenso del planeta tras las \u00faltimas investigaciones cient\u00edficas que determinaron que el volc\u00e1n hawaiano, [&hellip;]<\/p>\n","protected":false},"author":4,"featured_media":436656,"comment_status":"open","ping_status":"closed","sticky":false,"template":"","format":"standard","meta":{"om_disable_all_campaigns":false,"jnews-multi-image_gallery":[],"jnews_single_post":[],"jnews_primary_category":[],"jnews_social_meta":[],"footnotes":""},"categories":[39],"tags":[47258,47257],"class_list":["post-436655","post","type-post","status-publish","format-standard","has-post-thumbnail","hentry","category-viajes","tag-cargado-desde-el-fichero-de-recursos","tag-keywords-por-defecto"],"_links":{"self":[{"href":"https:\/\/dimensionturistica.com\/es\/wp-json\/wp\/v2\/posts\/436655","targetHints":{"allow":["GET"]}}],"collection":[{"href":"https:\/\/dimensionturistica.com\/es\/wp-json\/wp\/v2\/posts"}],"about":[{"href":"https:\/\/dimensionturistica.com\/es\/wp-json\/wp\/v2\/types\/post"}],"author":[{"embeddable":true,"href":"https:\/\/dimensionturistica.com\/es\/wp-json\/wp\/v2\/users\/4"}],"replies":[{"embeddable":true,"href":"https:\/\/dimensionturistica.com\/es\/wp-json\/wp\/v2\/comments?post=436655"}],"version-history":[{"count":0,"href":"https:\/\/dimensionturistica.com\/es\/wp-json\/wp\/v2\/posts\/436655\/revisions"}],"wp:featuredmedia":[{"embeddable":true,"href":"https:\/\/dimensionturistica.com\/es\/wp-json\/wp\/v2\/media\/436656"}],"wp:attachment":[{"href":"https:\/\/dimensionturistica.com\/es\/wp-json\/wp\/v2\/media?parent=436655"}],"wp:term":[{"taxonomy":"category","embeddable":true,"href":"https:\/\/dimensionturistica.com\/es\/wp-json\/wp\/v2\/categories?post=436655"},{"taxonomy":"post_tag","embeddable":true,"href":"https:\/\/dimensionturistica.com\/es\/wp-json\/wp\/v2\/tags?post=436655"}],"curies":[{"name":"wp","href":"https:\/\/api.w.org\/{rel}","templated":true}]}}