{"id":436649,"date":"2022-12-02T07:06:06","date_gmt":"2022-12-02T07:06:06","guid":{"rendered":"https:\/\/dimensionturistica.com\/es\/?p=436649"},"modified":"2022-12-02T07:06:07","modified_gmt":"2022-12-02T07:06:07","slug":"la-catedral-mas-pequena-del-mundo","status":"publish","type":"post","link":"https:\/\/dimensionturistica.com\/es\/la-catedral-mas-pequena-del-mundo\/","title":{"rendered":"La catedral m\u00e1s peque\u00f1a del mundo"},"content":{"rendered":"<p> <br \/>\n<\/p>\n<div>\n<div id=\"involveds\" class=\"involveds wrap\">\n<div class=\"involved-authors only-author\">\n<div class=\"first-author\">\n<figure class=\"thumb col-xs-3\">&#13;<img loading=\"lazy\" decoding=\"async\" src=\"https:\/\/news.google.com\/medio\/2021\/12\/15\/xell_b48658f1_600x600.png\" alt=\"Xell\" class=\"lazyload\" width=\"600\" height=\"600\" data-aspectratio=\"600\/600\"\/><noscript><img decoding=\"async\" src=\"https:\/\/news.google.com\/medio\/2021\/12\/15\/xell_b48658f1_600x600.png\" alt=\"Xell\"\/><\/noscript>&#13;<\/figure>\n<\/div>\n<\/div>\n<\/div>\n<p class=\"date\"> <time itemprop=\"dateModified\" datetime=\"2022-12-02T07:00:00+01:00\" data-timestamp=\"1669964400\">&#13;02 de diciembre de 2022 \u00b7 07:00<\/time>&#13;<\/p>\n<\/div>\n<div id=\"article-text\">\n<div class=\"txt\">\n<aside class=\"subscription-highlighted\">\n<div class=\"subscription-container\">\n<div class=\"non-subscribed\">\n<p class=\"description\">Cyber Monday. Suscr\u00edbete hoy al -50% a la revista Viajes Nationwide Geographic y explora nuevos destinos<\/p>\n<p><a rel=\"nofollow noopener\" target=\"_blank\" href=\"https:\/\/tienda.rba.es\/revistas\/viajes-national-geographic?rba_source=viajes.nationalgeographic.com.es&amp;rba_medium=referral&amp;rba_campaign=NGMV&amp;rba_content=frase-articulo\" class=\"more-link\">EMPIEZA YA<\/a><\/div>\n<\/div>\n<\/aside>\n<p style=\"display: none;\"><img decoding=\"async\" id=\"ctl01_ctl00_phMain_phMain_ctl00_ctl02_ctl17_ctl01_imgContent\" src=\"https:\/\/news.google.com\/medio\/2022\/12\/01\/san-basilio-bucarest_33d1cfc3_800x800.jpg\" alt=\"San Basilio Bucarest\" style=\"border-width:0px;\"\/><\/p>\n<aside class=\"add300x250 publi-interior-top ad-container-r1 ad-inline\"\/>\n<p>En la precise calle 50 Polona de Bucarest se erigi\u00f3 hace m\u00e1s de un siglo <strong>una peque\u00f1a iglesia para la comunidad cat\u00f3lica de Ruman\u00eda. <\/strong>La financiaci\u00f3n de su construcci\u00f3n corri\u00f3 a cargo de los fieles greco-cat\u00f3licos de Bucarest y la archidi\u00f3cesis greco-cat\u00f3lica de F\u0103g\u0103ra\u0219, entre otros, convirti\u00e9ndose en la primera iglesia de rito greco-cat\u00f3lico construida en Bucarest.<\/p>\n<p>En 1909, el arzobispo consagr\u00f3 la iglesia, construida por el arquitecto Nicolae Ghica-Bude\u0219ti. Despu\u00e9s de la Primera Guerra Mundial, la iglesia de San Basilio qued\u00f3 bajo la jurisdicci\u00f3n de la archidi\u00f3cesis greco-cat\u00f3lica de F\u0103g\u0103ra\u0219 y Alba Iulia como residencia del arcedianato, y ya en 1940, la iglesia fue elevada a catedral, convirti\u00e9ndose en <strong>la catedral greco-cat\u00f3lica m\u00e1s peque\u00f1a del mundo, <\/strong>aunque posteriormente pasara a la jurisdicci\u00f3n de la Iglesia ortodoxa.<\/p>\n<p>En 2005, el Patriarca de la Iglesia Ortodoxa Rumana, Teoctist Ar\u0103pa\u0219u por aquel entonces, quiso devolver la Iglesia de San Basilio a su leg\u00edtimo propietario cat\u00f3lico. Desde entonces, fue cambiando de jurisdicci\u00f3n hasta que tres a\u00f1os m\u00e1s tarde se instal\u00f3 un nuevo obispo greco-cat\u00f3lico y se volvi\u00f3 a consagrar como catedral.<\/p>\n<aside class=\"add300x600 publi-interior-bot ad-inline ad-container-r2\"\/><\/div>\n<p><!-- START:toolbar --><!-- END:toolbar --><\/div>\n\n<p><em> &#8221; Fuentes news.google.com &#8221; <\/em><\/p>\n","protected":false},"excerpt":{"rendered":"<p>&#13;&#13; &#13;02 de diciembre de 2022 \u00b7 07:00&#13; Cyber Monday. Suscr\u00edbete hoy al -50% a la revista Viajes Nationwide Geographic y explora nuevos destinos EMPIEZA YA En la precise calle 50 Polona de Bucarest se erigi\u00f3 hace m\u00e1s de un siglo una peque\u00f1a iglesia para la comunidad cat\u00f3lica de Ruman\u00eda. La financiaci\u00f3n de su construcci\u00f3n [&hellip;]<\/p>\n","protected":false},"author":4,"featured_media":436650,"comment_status":"open","ping_status":"closed","sticky":false,"template":"","format":"standard","meta":{"om_disable_all_campaigns":false,"jnews-multi-image_gallery":[],"jnews_single_post":[],"jnews_primary_category":[],"jnews_social_meta":[],"footnotes":""},"categories":[39],"tags":[47258,47257],"class_list":["post-436649","post","type-post","status-publish","format-standard","has-post-thumbnail","hentry","category-viajes","tag-cargado-desde-el-fichero-de-recursos","tag-keywords-por-defecto"],"_links":{"self":[{"href":"https:\/\/dimensionturistica.com\/es\/wp-json\/wp\/v2\/posts\/436649","targetHints":{"allow":["GET"]}}],"collection":[{"href":"https:\/\/dimensionturistica.com\/es\/wp-json\/wp\/v2\/posts"}],"about":[{"href":"https:\/\/dimensionturistica.com\/es\/wp-json\/wp\/v2\/types\/post"}],"author":[{"embeddable":true,"href":"https:\/\/dimensionturistica.com\/es\/wp-json\/wp\/v2\/users\/4"}],"replies":[{"embeddable":true,"href":"https:\/\/dimensionturistica.com\/es\/wp-json\/wp\/v2\/comments?post=436649"}],"version-history":[{"count":0,"href":"https:\/\/dimensionturistica.com\/es\/wp-json\/wp\/v2\/posts\/436649\/revisions"}],"wp:featuredmedia":[{"embeddable":true,"href":"https:\/\/dimensionturistica.com\/es\/wp-json\/wp\/v2\/media\/436650"}],"wp:attachment":[{"href":"https:\/\/dimensionturistica.com\/es\/wp-json\/wp\/v2\/media?parent=436649"}],"wp:term":[{"taxonomy":"category","embeddable":true,"href":"https:\/\/dimensionturistica.com\/es\/wp-json\/wp\/v2\/categories?post=436649"},{"taxonomy":"post_tag","embeddable":true,"href":"https:\/\/dimensionturistica.com\/es\/wp-json\/wp\/v2\/tags?post=436649"}],"curies":[{"name":"wp","href":"https:\/\/api.w.org\/{rel}","templated":true}]}}