{"id":436610,"date":"2022-12-02T05:46:42","date_gmt":"2022-12-02T05:46:42","guid":{"rendered":"https:\/\/dimensionturistica.com\/es\/?p=436610"},"modified":"2022-12-02T05:46:42","modified_gmt":"2022-12-02T05:46:42","slug":"la-contranavidad-de-los-viajeros","status":"publish","type":"post","link":"https:\/\/dimensionturistica.com\/es\/la-contranavidad-de-los-viajeros\/","title":{"rendered":"La contranavidad de los viajeros"},"content":{"rendered":"<p> <br \/>\n<\/p>\n<p>\n        Si bien es cierto que Euskadi oferta numerosas actividades en \u00e9pocas decembrinas, hay <strong>quienes prefieren hacer planes fuera<\/strong>. Y es que, precisamente<strong> el mes de diciembre,<\/strong> se caracteriza por ser<strong> uno de los meses m\u00e1s llenos del a\u00f1o en cuanto a reservas se refiere<\/strong>.<strong> Nochebuena y Nochevieja juegan un papel elementary en la industria tur\u00edstica<\/strong>, y las agencias de viajes est\u00e1n al tanto de ello.  A estos d\u00edas tan simb\u00f3licos, se junta el bienquerido puente de diciembre. La oportunidad que muchos esperan desde verano para poder salir fuera, tomarse un descanso y desconectar es inminente y bien lo saben las agencias de viajes desde hace varias semanas por la afluencia de interesados con tiempo libre.\n<\/p>\n<div>\n<p class=\"article-body__text \">\n        <strong>\u201cQuien tiene intenci\u00f3n de viajar en estas \u00e9pocas ya habr\u00e1 hecho las reservas\u201d<\/strong>, asegura <strong>Mar\u00eda, agente de viajes de El Corte Ingl\u00e9s.<\/strong> La realidad de las navidades es que la demanda hostelera y tur\u00edstica es brutal. <strong>Quienes desean viajar en estas fechas lo organizan con meses previos de anticipaci\u00f3n<\/strong>, porque obedeciendo directamente a la ley de oferta y demanda, mientras m\u00e1s se acerca la fecha, m\u00e1s dif\u00edcil es conseguir o costear un viaje para las festividades. En el caso de la bien conocida agencia de viajes<strong> han estado recibiendo reservas desde mayo, aunque la mayor\u00eda se interesan al finalizar el verano. <\/strong>\n<\/p>\n<p class=\"article-body__text \">\n        <strong>Liber Garc\u00eda, agente de la compa\u00f1\u00eda Viajes Bilbao Expres<\/strong>s, comenta que<strong> la afluencia de reservas \u201cclaramente depende del destino y el producto\u201d<\/strong>, pero<strong> \u201cs\u00ed ha aumentado el n\u00famero desde 2021, aunque no demasiado\u201d<\/strong>. Con respecto a las rebajas espor\u00e1dicas, caracter\u00edsticas de los \u00faltimos meses del a\u00f1o, no afectar\u00e1n en las decisiones de reservas para el \u00faltimo mes de 2022. Garc\u00eda insiste en que para ese momento la mayor\u00eda de viajeros tendr\u00e1n sus billetes comprados. Agrega que<strong> los destinos m\u00e1s solicitados para estas fechas son \u201cEgipto, Estados Unidos y las capitales europeas\u201d.<\/strong> Sin embargo, otras agencias suman a la listado lugares y zonas con temperaturas m\u00e1s altas.\n<\/p>\n<p class=\"article-body__text \">\n        <strong>\u201cLa gente suele buscar el sol\u201d, comenta Azucena Deliras de Nautalia Viajes<\/strong>. Por eso mismo, lejos de unas blancas navidades, llenas de goodies calientes y monta\u00f1as con nieve, muchos viajeros optan por destinos m\u00e1s c\u00e1lidos como las Islas Canarias o el Caribe. Adem\u00e1s,<strong> para las navidades, las reservas suelen atribuirse a familias y no tanto a viajeros individuales. <\/strong>\u201cLa mayor\u00eda de personas hacen sus reservas desde agosto, las ofertas de ahora influyen m\u00e1s que todo en los viajes a realizar en el 2023\u201d, se\u00f1ala. La<strong> agencia Viajes Garc\u00eda<\/strong> especifica que, a pesar de la existencia de unas cuentas reservas para Nochebuena, en estas fechas \u201cson muy pocos los que quieren viajar, a la mayor\u00eda le gusta m\u00e1s quedarse en casa con la familia\u201d. Carlos Garc\u00eda, agente de la empresa, indica que \u201cno hay muchos viajes familiares\u201d. Referente a las estad\u00edsticas de este a\u00f1o, el especialista explica que<strong> los n\u00fameros \u201cs\u00ed han subido con respecto al a\u00f1o anterior<\/strong>\u201d, aunque debe considerarse el hecho de que \u201cdurante 2021 la gente ten\u00eda m\u00e1s miedo a viajar, por temas de contagio\u201d.  A pesar de que ahora las restricciones son cada vez menores, las cifras a\u00fan no igualan a las registradas en a\u00f1os prepand\u00e9micos.\n<\/p>\n<p class=\"article-body__text \">\n        En l\u00ednea con lo anterior, numerosas agencias se\u00f1alan que realmente, el auge de las vacaciones en diciembre lo tiene el puente.<strong> Arantxa L\u00f3pez Ezkaria, agente de B Journey &amp; Cata<\/strong>i, comenta que \u201c<strong>los precios m\u00e1s accesibles para diciembre son los del puente\u201d<\/strong> e igualmente<strong> \u201clas reservas se hacen con bastante anticipaci\u00f3n\u201d<\/strong>.\n<\/p>\n<p class=\"article-body__text \">\n        Las agentes de viajes han dejado claro que en estas fechas, lo mucho o poco que pueda estar ocupado, ha sido previamente reservado y que, quienes deseen realizar planes de \u00faltimo minuto, lo tendr\u00e1n bastante dif\u00edcil.\n<\/p>\n<\/p><\/div>\n\n<p><em> &#8221; Fuentes news.google.com &#8221; <\/em><\/p>\n","protected":false},"excerpt":{"rendered":"<p>Si bien es cierto que Euskadi oferta numerosas actividades en \u00e9pocas decembrinas, hay quienes prefieren hacer planes fuera. Y es que, precisamente el mes de diciembre, se caracteriza por ser uno de los meses m\u00e1s llenos del a\u00f1o en cuanto a reservas se refiere. Nochebuena y Nochevieja juegan un papel elementary en la industria tur\u00edstica, [&hellip;]<\/p>\n","protected":false},"author":4,"featured_media":436611,"comment_status":"open","ping_status":"closed","sticky":false,"template":"","format":"standard","meta":{"om_disable_all_campaigns":false,"jnews-multi-image_gallery":[],"jnews_single_post":[],"jnews_primary_category":[],"jnews_social_meta":[],"footnotes":""},"categories":[40],"tags":[58221,1298],"class_list":["post-436610","post","type-post","status-publish","format-standard","has-post-thumbnail","hentry","category-industria","tag-contranavidad","tag-viajeros"],"_links":{"self":[{"href":"https:\/\/dimensionturistica.com\/es\/wp-json\/wp\/v2\/posts\/436610","targetHints":{"allow":["GET"]}}],"collection":[{"href":"https:\/\/dimensionturistica.com\/es\/wp-json\/wp\/v2\/posts"}],"about":[{"href":"https:\/\/dimensionturistica.com\/es\/wp-json\/wp\/v2\/types\/post"}],"author":[{"embeddable":true,"href":"https:\/\/dimensionturistica.com\/es\/wp-json\/wp\/v2\/users\/4"}],"replies":[{"embeddable":true,"href":"https:\/\/dimensionturistica.com\/es\/wp-json\/wp\/v2\/comments?post=436610"}],"version-history":[{"count":0,"href":"https:\/\/dimensionturistica.com\/es\/wp-json\/wp\/v2\/posts\/436610\/revisions"}],"wp:featuredmedia":[{"embeddable":true,"href":"https:\/\/dimensionturistica.com\/es\/wp-json\/wp\/v2\/media\/436611"}],"wp:attachment":[{"href":"https:\/\/dimensionturistica.com\/es\/wp-json\/wp\/v2\/media?parent=436610"}],"wp:term":[{"taxonomy":"category","embeddable":true,"href":"https:\/\/dimensionturistica.com\/es\/wp-json\/wp\/v2\/categories?post=436610"},{"taxonomy":"post_tag","embeddable":true,"href":"https:\/\/dimensionturistica.com\/es\/wp-json\/wp\/v2\/tags?post=436610"}],"curies":[{"name":"wp","href":"https:\/\/api.w.org\/{rel}","templated":true}]}}