{"id":436422,"date":"2022-12-01T21:34:59","date_gmt":"2022-12-01T21:34:59","guid":{"rendered":"https:\/\/dimensionturistica.com\/es\/?p=436422"},"modified":"2022-12-01T21:34:59","modified_gmt":"2022-12-01T21:34:59","slug":"enamorate-de-la-ruta-del-dragon-una-aventura-por-el-centro-historico-de-mexicali","status":"publish","type":"post","link":"https:\/\/dimensionturistica.com\/es\/enamorate-de-la-ruta-del-dragon-una-aventura-por-el-centro-historico-de-mexicali\/","title":{"rendered":"Enam\u00f3rate de la Ruta del Dragon, una aventura por el Centro Hist\u00f3rico de Mexicali"},"content":{"rendered":"<p>Como parte de las acciones para mejorar y reactivar el centro hist\u00f3rico de Mexicali un nuevo proyecto se prepara y se trata de la Ruta del Drag\u00f3n, un tour para acercarse a la historia, cultura y arte de la ciudad<img decoding=\"async\" class=\"size-medium wp-image-436429 alignright\" src=\"https:\/\/dimensionturistica.com\/es\/wp-content\/uploads\/2022\/12\/Foto-de-facebook-Espacio-Wok-300x225.jpg\" alt=\"\" width=\"300\" height=\"225\" srcset=\"https:\/\/dimensionturistica.com\/es\/wp-content\/uploads\/2022\/12\/Foto-de-facebook-Espacio-Wok-300x225.jpg 300w, https:\/\/dimensionturistica.com\/es\/wp-content\/uploads\/2022\/12\/Foto-de-facebook-Espacio-Wok-1024x768.jpg 1024w, https:\/\/dimensionturistica.com\/es\/wp-content\/uploads\/2022\/12\/Foto-de-facebook-Espacio-Wok-768x576.jpg 768w, https:\/\/dimensionturistica.com\/es\/wp-content\/uploads\/2022\/12\/Foto-de-facebook-Espacio-Wok-1536x1152.jpg 1536w, https:\/\/dimensionturistica.com\/es\/wp-content\/uploads\/2022\/12\/Foto-de-facebook-Espacio-Wok-750x563.jpg 750w, https:\/\/dimensionturistica.com\/es\/wp-content\/uploads\/2022\/12\/Foto-de-facebook-Espacio-Wok-1140x855.jpg 1140w, https:\/\/dimensionturistica.com\/es\/wp-content\/uploads\/2022\/12\/Foto-de-facebook-Espacio-Wok.jpg 2048w\" sizes=\"(max-width: 300px) 100vw, 300px\" \/> fronteriza cachanilla.<br \/>\nEste recorrido contempla una ruta peatonal y por tren de aproximadamente 2 kil\u00f3metros para conocer los espacios m\u00e1s emblem\u00e1ticos de la capital bajacaliforniana que integra su catedral, cines, corredores culturales y comerciales, museos, monumentos, murales y edificaciones llenas de memorias, por eso algunos de los lugares que puedes ver son:<br \/>\nLa Chinesca<br \/>\nUna parada imperdible de tu visita a Mexicali es La Chinesca o el barrio chino de esta entidad, un callej\u00f3n emblem\u00e1tico ya que fue parte importante del desarrollo econ\u00f3mico, social y cultural en la zona centro. Este fue el hogar de los primeros pobladores de la comunidad china que llegaron para trabajar y crear su hogar; y actualmente es posible hacer un tour, que inicia desde su umbral de arquitectura cl\u00e1sica oriental, un camino de 14 murales realizados por artistas mexicalenses en donde se cuenta la historia y las tradiciones de la comunidad asi\u00e1tica; visita a sus construcciones subterr\u00e1neas conectadas entre s\u00ed, museo, tiendas, caf\u00e9s y mucho m\u00e1s.<br \/>\nCinema Curto Mercado<br \/>\nCine Curto es un edificio \u00fanico que naci\u00f3 para proyectar lo mejor del s\u00e9ptimo arte en 1946, que en sus<img decoding=\"async\" class=\"size-medium wp-image-436427 alignleft\" src=\"https:\/\/dimensionturistica.com\/es\/wp-content\/uploads\/2022\/12\/Fotos-facebook-Mercado-Cine-Curto-3-300x300.jpg\" alt=\"\" width=\"300\" height=\"300\" srcset=\"https:\/\/dimensionturistica.com\/es\/wp-content\/uploads\/2022\/12\/Fotos-facebook-Mercado-Cine-Curto-3-300x300.jpg 300w, https:\/\/dimensionturistica.com\/es\/wp-content\/uploads\/2022\/12\/Fotos-facebook-Mercado-Cine-Curto-3-1024x1024.jpg 1024w, https:\/\/dimensionturistica.com\/es\/wp-content\/uploads\/2022\/12\/Fotos-facebook-Mercado-Cine-Curto-3-150x150.jpg 150w, https:\/\/dimensionturistica.com\/es\/wp-content\/uploads\/2022\/12\/Fotos-facebook-Mercado-Cine-Curto-3-768x768.jpg 768w, https:\/\/dimensionturistica.com\/es\/wp-content\/uploads\/2022\/12\/Fotos-facebook-Mercado-Cine-Curto-3-75x75.jpg 75w, https:\/\/dimensionturistica.com\/es\/wp-content\/uploads\/2022\/12\/Fotos-facebook-Mercado-Cine-Curto-3-350x350.jpg 350w, https:\/\/dimensionturistica.com\/es\/wp-content\/uploads\/2022\/12\/Fotos-facebook-Mercado-Cine-Curto-3-750x750.jpg 750w, https:\/\/dimensionturistica.com\/es\/wp-content\/uploads\/2022\/12\/Fotos-facebook-Mercado-Cine-Curto-3.jpg 1080w\" sizes=\"(max-width: 300px) 100vw, 300px\" \/> tiempos de gloria fue un lugar muy recurrido, ya que ten\u00eda una capacidad para m\u00e1s de 1 mil 300 personas y vio pasar celebridades como Pedro Infante, Luis Aguilar y Agust\u00edn Lara, por mencionar algunos. Tras los a\u00f1os este lugar fue un centro de espect\u00e1culos y despu\u00e9s de una restauraci\u00f3n que respet\u00f3 su fachada, hoy es un mercado gastron\u00f3mico artesanal donde podr\u00e1s encontrar 26 espacios de productores locales, vinos, cervecer\u00edas artesanales locales y comida t\u00edpica de la regi\u00f3n, as\u00ed como Cine Club, talleres, d\u00edas de fiesta con m\u00fasica para bailar y d\u00edas de karaoke.<br \/>\nMuseo Wok<br \/>\nSe trata de un museo que rinde homenaje a la cultura y la gastronom\u00eda china, ya que esta metr\u00f3poli debe gran parte de su fundaci\u00f3n a esta naci\u00f3n, adem\u00e1s de ser hogar de por lo menos 300 restaurantes que ofrecen la \u201cmejor comida oriental\u201d con la rica mezcla de ingredientes mexicanos. Este sitio concentra una exposici\u00f3n de m\u00e1s de 60 elementos originales de los primeros pobladores, pinturas, atuendos y elementos culinarios como cajas gigantes de la t\u00edpica comida china.<br \/>\nHotel del Norte<br \/>\nUna edificaci\u00f3n hist\u00f3rica que data de 1948 aguarda como un legado y hasta el d\u00eda de hoy es considerado uno de los mejores hoteles de la ciudad. Por \u00e9l han pasado grandes figuras de la pol\u00edtica y del espect\u00e1culo como Mario Moreno &#8220;Cantinflas&#8221;, Pedro Infante, Jos\u00e9 Alfredo Jim\u00e9nez, Juan Gabriel, Libertad Lamarque, D\u00e1maso P\u00e9rez Prado, entre otros. Actualmente es posible hospedarse aqu\u00ed o recorrer cuatro pisos de<img decoding=\"async\" class=\"size-medium wp-image-436426 alignright\" src=\"https:\/\/dimensionturistica.com\/es\/wp-content\/uploads\/2022\/12\/La-Chinesca-Murales-300x204.jpeg\" alt=\"\" width=\"300\" height=\"204\" srcset=\"https:\/\/dimensionturistica.com\/es\/wp-content\/uploads\/2022\/12\/La-Chinesca-Murales-300x204.jpeg 300w, https:\/\/dimensionturistica.com\/es\/wp-content\/uploads\/2022\/12\/La-Chinesca-Murales-1024x695.jpeg 1024w, https:\/\/dimensionturistica.com\/es\/wp-content\/uploads\/2022\/12\/La-Chinesca-Murales-768x521.jpeg 768w, https:\/\/dimensionturistica.com\/es\/wp-content\/uploads\/2022\/12\/La-Chinesca-Murales-750x509.jpeg 750w, https:\/\/dimensionturistica.com\/es\/wp-content\/uploads\/2022\/12\/La-Chinesca-Murales-1140x774.jpeg 1140w, https:\/\/dimensionturistica.com\/es\/wp-content\/uploads\/2022\/12\/La-Chinesca-Murales.jpeg 1280w\" sizes=\"(max-width: 300px) 100vw, 300px\" \/> pasillos llenos de leyendas ya que, tras la prohibici\u00f3n de los juegos y el alcohol en Estados Unidos \u2013 desde la d\u00e9cada de los veinte\u2013, este sitio fue el punto de reuni\u00f3n de interesantes personajes extranjeros.<br \/>\nCatedral de Nuestra Se\u00f1ora de Guadalupe<br \/>\nFundada desde 1917, se trata del primer templo construido en el coraz\u00f3n de la ciudad que funciona como sede del obispado, creyentes cat\u00f3licos, as\u00ed como punto de visita de turistas curiosos. Su estructura sublime fue construida por los arquitectos Ana Margarita Gonz\u00e1lez Gonz\u00e1lez y Cuauht\u00e9moc Robles Cairo, los cuales intentaron plasmar una cl\u00e1sica fachada de adobe, caracter\u00edstica de las \u00f3rdenes religiosas de la Alta California, e internamente posee arcos enormes de gran belleza.<br \/>\nPagoda China<br \/>\nMonumento ic\u00f3nico de la ciudad que simboliza la hermandad entre la cultura china \u2013particularmente de la provincia de Jiangsu\u2013 y la mexicana. Esta representaci\u00f3n fue construida en 1991 en la avenida Madero y trasladada en el a\u00f1o 2000 al centro cachanilla, como testimonio de la vida de los migrantes chinos que impulsaron el crecimiento del valle. Se trata de una estructura de arquitectura oriental de colores rojos y dorados que decora el escenario urbano, un maravilloso spot para obtener las mejores fotos.<img decoding=\"async\" class=\"size-medium wp-image-436424 alignright\" src=\"https:\/\/dimensionturistica.com\/es\/wp-content\/uploads\/2022\/12\/Tren-300x191.jpeg\" alt=\"\" width=\"300\" height=\"191\" srcset=\"https:\/\/dimensionturistica.com\/es\/wp-content\/uploads\/2022\/12\/Tren-300x191.jpeg 300w, https:\/\/dimensionturistica.com\/es\/wp-content\/uploads\/2022\/12\/Tren.jpeg 591w\" sizes=\"(max-width: 300px) 100vw, 300px\" \/><br \/>\nTren tur\u00edstico<br \/>\nUn viaje en tren aguarda para acercarte a la identidad e historia del ferrocarril en Mexicali, ya que durante 1948 la movilidad de Baja California era posible gracias al ferrocarril Sonora-Baja California, una ruta que en la antig\u00fcedad pasaba sobre el Blvd. L\u00f3pez Mateos de la ciudad cachanilla, por ello, con la intensi\u00f3n de brindar a los visitantes una experiencia acercada a usar transporte en ferrocarril se crearon dos unidades \u201cTrolley Bus\u201d, vagones dise\u00f1ados como m\u00e1quina de tren con cupo para 40 personas que te llevan a un recorrido guiado por algunos de los puntos m\u00e1s emblem\u00e1ticos como el Museo Sol del Ni\u00f1o, pante\u00f3n #1 \u2013un sitio con mucha historia\u2013, restaurante Victoria, Museo Wok, La Chinesca, Hotel del Norte, la catedral, Casa de la Cultura, Cinema Curto, escuela Leona Vicario, Colorado River Land Co., edificio Rector\u00eda y la antigua Cervecer\u00eda Mexicali.<br \/>\n\u201cLa \u00faltima del desierto\u201d<br \/>\nUn espacio agradable decorada al puro estilo de los a\u00f1os 50\u00b4s te espera en \u201cLa \u00faltima del desierto\u201d, un establecimiento con tem\u00e1tica de la primera refresquer\u00eda que existi\u00f3 en el estado, es decir Coca-cola. Se trata de una fuente de sodas vintage para pasar un buen rato entre familia y amigos; y acompa\u00f1ar el momento con papas fritas, chili dogs, nachos, malteadas, por mencionar algunos de sus platillos.<br \/>\nEsta ruta puede ser la mejor opci\u00f3n para encontrar encanto en este punto del pa\u00eds y pronto contar\u00e1 con<img decoding=\"async\" class=\"size-medium wp-image-436423 alignright\" src=\"https:\/\/dimensionturistica.com\/es\/wp-content\/uploads\/2022\/12\/unnamed-300x211.png\" alt=\"\" width=\"300\" height=\"211\" srcset=\"https:\/\/dimensionturistica.com\/es\/wp-content\/uploads\/2022\/12\/unnamed-300x211.png 300w, https:\/\/dimensionturistica.com\/es\/wp-content\/uploads\/2022\/12\/unnamed-1024x721.png 1024w, https:\/\/dimensionturistica.com\/es\/wp-content\/uploads\/2022\/12\/unnamed-768x541.png 768w, https:\/\/dimensionturistica.com\/es\/wp-content\/uploads\/2022\/12\/unnamed-750x528.png 750w, https:\/\/dimensionturistica.com\/es\/wp-content\/uploads\/2022\/12\/unnamed-1140x803.png 1140w, https:\/\/dimensionturistica.com\/es\/wp-content\/uploads\/2022\/12\/unnamed.png 1207w\" sizes=\"(max-width: 300px) 100vw, 300px\" \/> gu\u00edas en idioma espa\u00f1ol, ingl\u00e9s y chino mandar\u00edn. El recorrido incluye otros puntos relevantes como Parque H\u00e9roes de Chapultepec 1915, Teatro Lux de Mexicali, edificios hist\u00f3ricos como \u201cEl Tecolote\u201d, el Hotel Imperial, el primer Palacio Municipal, oficinas del centro hist\u00f3rico; Asociaci\u00f3n China de Mexicali, Casa de la Cultura Mexicali y el Umbral Mexicali Rose \u2013 un arco que nace de la referencia de la famosa canci\u00f3n &#8220;Mexicali Rose&#8221;, tambi\u00e9n conocida como Rosa de Mexicali, compuesta por compositor y pol\u00edtico estadounidense Jack B. Tenney e interpretada por m\u00fasicos como Bing Crosby, Gene Autry y Jerry Lee Lewis\u2013.<\/p>\n","protected":false},"excerpt":{"rendered":"<p>Como parte de las acciones para mejorar y reactivar el centro hist\u00f3rico de Mexicali un nuevo proyecto se prepara y se trata de la Ruta del Drag\u00f3n, un tour para acercarse a la historia, cultura y arte de la ciudad fronteriza cachanilla. Este recorrido contempla una ruta peatonal y por tren de aproximadamente 2 kil\u00f3metros [&hellip;]<\/p>\n","protected":false},"author":1,"featured_media":436428,"comment_status":"open","ping_status":"closed","sticky":false,"template":"","format":"standard","meta":{"om_disable_all_campaigns":false,"jnews-multi-image_gallery":[],"jnews_single_post":{"source_name":"","source_url":"","via_name":"","via_url":"","override_template":"0","override":[{"template":"1","single_blog_custom":"","parallax":"1","fullscreen":"1","layout":"right-sidebar","sidebar":"default-sidebar","second_sidebar":"default-sidebar","sticky_sidebar":"1","share_position":"top","share_float_style":"share-monocrhome","show_share_counter":"1","show_view_counter":"1","show_featured":"1","show_post_meta":"1","show_post_author":"1","show_post_author_image":"1","show_post_date":"1","post_date_format":"default","post_date_format_custom":"Y\/m\/d","show_post_category":"1","show_post_reading_time":"0","post_reading_time_wpm":"300","show_zoom_button":"0","zoom_button_out_step":"2","zoom_button_in_step":"3","show_post_tag":"1","show_prev_next_post":"1","show_popup_post":"1","number_popup_post":"1","show_author_box":"0","show_post_related":"0","show_inline_post_related":"0"}],"override_image_size":"0","image_override":[{"single_post_thumbnail_size":"crop-500","single_post_gallery_size":"crop-500"}],"trending_post":"0","trending_post_position":"meta","trending_post_label":"Trending","sponsored_post":"0","sponsored_post_label":"Sponsored by","sponsored_post_name":"","sponsored_post_url":"","sponsored_post_logo_enable":"0","sponsored_post_logo":"","sponsored_post_desc":"","disable_ad":"0"},"jnews_primary_category":{"id":"","hide":""},"jnews_social_meta":{"fb_title":"","fb_description":"","fb_image":"","twitter_title":"","twitter_description":"","twitter_image":""},"footnotes":""},"categories":[39],"tags":[],"class_list":["post-436422","post","type-post","status-publish","format-standard","has-post-thumbnail","hentry","category-viajes"],"_links":{"self":[{"href":"https:\/\/dimensionturistica.com\/es\/wp-json\/wp\/v2\/posts\/436422","targetHints":{"allow":["GET"]}}],"collection":[{"href":"https:\/\/dimensionturistica.com\/es\/wp-json\/wp\/v2\/posts"}],"about":[{"href":"https:\/\/dimensionturistica.com\/es\/wp-json\/wp\/v2\/types\/post"}],"author":[{"embeddable":true,"href":"https:\/\/dimensionturistica.com\/es\/wp-json\/wp\/v2\/users\/1"}],"replies":[{"embeddable":true,"href":"https:\/\/dimensionturistica.com\/es\/wp-json\/wp\/v2\/comments?post=436422"}],"version-history":[{"count":0,"href":"https:\/\/dimensionturistica.com\/es\/wp-json\/wp\/v2\/posts\/436422\/revisions"}],"wp:featuredmedia":[{"embeddable":true,"href":"https:\/\/dimensionturistica.com\/es\/wp-json\/wp\/v2\/media\/436428"}],"wp:attachment":[{"href":"https:\/\/dimensionturistica.com\/es\/wp-json\/wp\/v2\/media?parent=436422"}],"wp:term":[{"taxonomy":"category","embeddable":true,"href":"https:\/\/dimensionturistica.com\/es\/wp-json\/wp\/v2\/categories?post=436422"},{"taxonomy":"post_tag","embeddable":true,"href":"https:\/\/dimensionturistica.com\/es\/wp-json\/wp\/v2\/tags?post=436422"}],"curies":[{"name":"wp","href":"https:\/\/api.w.org\/{rel}","templated":true}]}}