{"id":436233,"date":"2022-12-01T15:01:11","date_gmt":"2022-12-01T15:01:11","guid":{"rendered":"https:\/\/dimensionturistica.com\/es\/?p=436233"},"modified":"2022-12-01T15:01:11","modified_gmt":"2022-12-01T15:01:11","slug":"los-centros-turisticos-lanza-una-advertencia-a-la-federacion-turistica-de-susana-perez","status":"publish","type":"post","link":"https:\/\/dimensionturistica.com\/es\/los-centros-turisticos-lanza-una-advertencia-a-la-federacion-turistica-de-susana-perez\/","title":{"rendered":"Los Centros Tur\u00edsticos lanza una advertencia a la Federaci\u00f3n Tur\u00edstica de Susana P\u00e9rez"},"content":{"rendered":"<p> <br \/>\n<\/p>\n<div>\n<p>                <span itemprop=\"articleBody\"><\/p>\n<div class=\"jeg_video_container jeg_video_content\"><iframe loading=\"lazy\" title=\"Los Centros Tur\u00edsticos lanza una advertencia a la Federaci\u00f3n Tur\u00edstica de Susana P\u00e9rez\" width=\"500\" height=\"281\" src=\"https:\/\/www.youtube.com\/embed\/AjRNXxD_-Ks?feature=oembed\" frameborder=\"0\" allow=\"accelerometer; autoplay; clipboard-write; encrypted-media; gyroscope; picture-in-picture; web-share\" referrerpolicy=\"strict-origin-when-cross-origin\" allowfullscreen><\/iframe><\/div>\n<p>&#13;<\/p>\n<p><strong>Benjam\u00edn Perdomo asegur\u00f3 en Caf\u00e9 de Periodistas que se va a replantear su colaboraci\u00f3n en ese ente empresarial tras su comunicado contra la extracci\u00f3n de estatuas<\/strong><\/p>\n<p>&#13;<br \/>\n&#13;<br \/>\n&#13;<br \/>\n &#13;<\/p>\n<p>\u00a0<\/p>\n<p>&#13;<\/p>\n<li class=\"texto\"><i class=\"fa fa-file-text-o\"\/>Lancelot Digital<\/li>\n<p>\u00a0&#13;<\/p>\n<p>\u00a0<\/p>\n<p>&#13;<\/p>\n<p>El consejero delegado de los CACTS, Benjam\u00edn Perdomo, lanz\u00f3 ayer mi\u00e9rcoles, en Caf\u00e9 de Periodistas, una advertencia a la Junta Directiva de la Federaci\u00f3n Tur\u00edstica de Lanzarote, qui\u00e9n denunci\u00f3 y mostr\u00f3 su desacuerdo con la acci\u00f3n pol\u00edtica del Cabildo de extraer dos figuras del Museo del Atl\u00e1ntico de Playa Blanca. Perdomo se\u00f1ala que los Centros Tur\u00edsticos del Cabildo se van a plantear su participaci\u00f3n en esa Federaci\u00f3n que representa a todos los sectores relacionados con la industria tur\u00edstica. \u201cNosotros con la Federaci\u00f3n Tur\u00edstica tendremos una reuni\u00f3n en dos semanas para ver cu\u00e1les son nuestras relaciones a partir de ahora. Nosotros somos socios y lo que no podemos permitir es que se nos est\u00e9 constantemente criticando<\/p>\n<p>&#13;<\/p>\n<p>\u00a0<\/p>\n<p>&#13;<\/p>\n<p>Perdomo reiter\u00f3 que se trata de una decisi\u00f3n pol\u00edtica del Cabildo que entiende que es authorized sacar unas esculturas que no son dignas de estar en unas instalaciones propiedad de una empresa p\u00fablica. \u201cEntendemos que esa figura de Ignacio Calatayud no deben estar en ninguna instalaci\u00f3n p\u00fablica\u201d, afirmaba.<\/p>\n<p>&#13;<\/p>\n<p>\u00a0<\/p>\n<p>&#13;<\/p>\n<p>Asimismo, confirm\u00f3 que van a por otras dos figuras m\u00e1s de Catalayud que no se pudieron extraer en la operaci\u00f3n de la semana pasada.<\/p>\n<p>&#13;<\/p>\n<p>\u00a0<\/p>\n<p>&#13;<\/p>\n<p>Por \u00faltimo, aclar\u00f3 que s\u00f3lo cost\u00f3 a los Centros Tur\u00edsticos 6.700 euros extraer esas dos primeras figuras a trav\u00e9s de un barco-gr\u00faa.<\/p>\n<p>&#13;<\/p>\n<p>\u00a0<\/p>\n<p>&#13;<\/p>\n<p>La pol\u00e9mica extracci\u00f3n o ataque a la obra del artista Jason deCaires sigue en el candelero de la actualidad. Hoy jueves, el que fuera presidente del Gobierno de Canarias, Fernando Clavijo, asegur\u00f3 que esa acci\u00f3n es la prueba de que el PSOE quiere borrar toda la obra realizada por CC en Lanzarote. \u201cCreo que no se puede gobernar desde el odio y el rencor y esto define lo que ha sido una legislatura perdida para Lanzarote. El actual equipo de gobierno y su presidenta han estado m\u00e1s preocupados por destruir, no de aprovecharlo y mejorarlo, todo lo que se construy\u00f3 en a\u00f1os pasados, y se hicieron muchas cosas buenas, que de hacer cosas\u201d, se\u00f1ala.<\/p>\n<p>&#13;<\/p>\n<p>\u00a0<\/p>\n<p>&#13;<\/p>\n<p>\u00a0<\/p>\n<p>&#13;<\/p>\n<p>Los clubes de ocio y buceo de la isla est\u00e1n estudiando la posibilidad de ir a los tribunales de Justicia por lo que ellos consideran un ataque a una obra cultural y medioambiental.<\/p>\n<p>                    <\/span><\/p><\/div>\n<p><script src=\"https:\/\/connect.facebook.net\/es_ES\/all.js#xfbml=1\" type=\"text\/javascript\"><\/script><script type=\"text\/javascript\">\n\/\/<![CDATA[\n   \twindow.fbAsyncInit = function() {\n\t\tFB.init({ appId: '171342606239806', \n\t\t\tstatus: true, \n\t\t\tcookie: true,\n\t\t\txfbml: true,\n\t\t\toauth: true\n\t\t});\n   \t\t    \n\t  \t\t};\n    \/\/      \n    jQuery(window).load(function() {\n    \t(function(){\n    \t\tif(!document.getElementById('fb-root')) {\n    \t\t\tvar root = document.createElement('div');\n    \t\t\troot.id = 'fb-root';\n    \t\t\tdocument.getElementById('gkfb-root').appendChild(root);\n    \t\t\tvar e = document.createElement('script');\n    \t\t\te.src = document.location.protocol + '\/\/connect.facebook.net\/es_ES\/all.js';\n    \t\t\te.async = true;\n    \t\t\tdocument.getElementById('fb-root').appendChild(e);\n    \t\t}  \n    \t})();\n    });\n    \/\/]]>\n<\/script><br \/>\n<br \/><\/p>\n<p><em> &#8221; Fuentes news.google.com &#8221; <\/em><\/p>\n","protected":false},"excerpt":{"rendered":"<p>&#13; Benjam\u00edn Perdomo asegur\u00f3 en Caf\u00e9 de Periodistas que se va a replantear su colaboraci\u00f3n en ese ente empresarial tras su comunicado contra la extracci\u00f3n de estatuas &#13; &#13; &#13; &#13; \u00a0 &#13; Lancelot Digital \u00a0&#13; \u00a0 &#13; El consejero delegado de los CACTS, Benjam\u00edn Perdomo, lanz\u00f3 ayer mi\u00e9rcoles, en Caf\u00e9 de Periodistas, una advertencia [&hellip;]<\/p>\n","protected":false},"author":4,"featured_media":436234,"comment_status":"open","ping_status":"closed","sticky":false,"template":"","format":"standard","meta":{"om_disable_all_campaigns":false,"jnews-multi-image_gallery":[],"jnews_single_post":[],"jnews_primary_category":[],"jnews_social_meta":[],"footnotes":""},"categories":[40],"tags":[946],"class_list":["post-436233","post","type-post","status-publish","format-standard","has-post-thumbnail","hentry","category-industria","tag-lancelot-digital-noticias-lanzarote-diario-digital-periodico-canarias-sucesos-deportes-cultura-vida-social-opinion-semanario-revista"],"_links":{"self":[{"href":"https:\/\/dimensionturistica.com\/es\/wp-json\/wp\/v2\/posts\/436233","targetHints":{"allow":["GET"]}}],"collection":[{"href":"https:\/\/dimensionturistica.com\/es\/wp-json\/wp\/v2\/posts"}],"about":[{"href":"https:\/\/dimensionturistica.com\/es\/wp-json\/wp\/v2\/types\/post"}],"author":[{"embeddable":true,"href":"https:\/\/dimensionturistica.com\/es\/wp-json\/wp\/v2\/users\/4"}],"replies":[{"embeddable":true,"href":"https:\/\/dimensionturistica.com\/es\/wp-json\/wp\/v2\/comments?post=436233"}],"version-history":[{"count":0,"href":"https:\/\/dimensionturistica.com\/es\/wp-json\/wp\/v2\/posts\/436233\/revisions"}],"wp:featuredmedia":[{"embeddable":true,"href":"https:\/\/dimensionturistica.com\/es\/wp-json\/wp\/v2\/media\/436234"}],"wp:attachment":[{"href":"https:\/\/dimensionturistica.com\/es\/wp-json\/wp\/v2\/media?parent=436233"}],"wp:term":[{"taxonomy":"category","embeddable":true,"href":"https:\/\/dimensionturistica.com\/es\/wp-json\/wp\/v2\/categories?post=436233"},{"taxonomy":"post_tag","embeddable":true,"href":"https:\/\/dimensionturistica.com\/es\/wp-json\/wp\/v2\/tags?post=436233"}],"curies":[{"name":"wp","href":"https:\/\/api.w.org\/{rel}","templated":true}]}}