{"id":436100,"date":"2022-12-01T12:28:04","date_gmt":"2022-12-01T12:28:04","guid":{"rendered":"https:\/\/dimensionturistica.com\/es\/?p=436100"},"modified":"2022-12-01T12:28:05","modified_gmt":"2022-12-01T12:28:05","slug":"50-escapadas-para-viajar-por-espana-este-puente-de-diciembre","status":"publish","type":"post","link":"https:\/\/dimensionturistica.com\/es\/50-escapadas-para-viajar-por-espana-este-puente-de-diciembre\/","title":{"rendered":"50 escapadas para viajar por Espa\u00f1a este puente de diciembre"},"content":{"rendered":"<p> <br \/>\n<\/p>\n<div id=\"main\">&#13;<\/p>\n<div id=\"detail\" class=\"ng-container\">\n<div class=\"row\">\n<div class=\"col-xs-12 col-sm-12 col-md-12 col-lg-12 main-content\">\n<article class=\"entry-main ng-container\">&#13;&#13;<\/p>\n<div class=\"entry-author ng-container-text\">\n<p class=\"date\"> <time itemprop=\"dateModified\" datetime=\"2022-12-01T13:12:00+01:00\" data-timestamp=\"1669900320\">&#13;01 de diciembre de 2022 \u00b7 13:12&#13;<\/time>&#13;<\/p>\n<\/div>\n<p><!-- START: detail-->&#13;&#13;<\/p>\n<div class=\"entry-summary ng-container-text\" id=\"article-sumary\">\n<div class=\"article-txt ad-mobile-top\">\n<p>El puente de diciembre de este a\u00f1o es una oportunidad \u00fanica para animarse a descubrir nuestro pa\u00eds con calma y tranquilidad. Una ocasi\u00f3n perfecta para descubrir algunos de\u00a0<strong><a rel=\"nofollow noopener\" target=\"_blank\" href=\"https:\/\/viajes.nationalgeographic.com.es\/a\/pueblos-mas-bonitos-espana_10107\">los pueblos m\u00e1s bonitos de Espa\u00f1a<\/a><\/strong>, visitar<strong> <a rel=\"nofollow noopener\" target=\"_blank\" href=\"https:\/\/viajes.nationalgeographic.com.es\/lifestyle\/estaciones-esqui-que-estan-abiertas-para-puente-diciembre_18807\">las estaciones de esqu\u00ed que est\u00e1n abiertas este puente<\/a><\/strong> o degustar <strong><a rel=\"nofollow noopener\" target=\"_blank\" href=\"https:\/\/viajes.nationalgeographic.com.es\/gastronomia\/restaurantes-espana-estrella-michelin-2023-listado-completo_18743\">los nuevos restaurantes con Estrella Michelin<\/a><\/strong>. Esta es una selecci\u00f3n de ciudades y rutas, de comarcas apasionantes y de <a rel=\"nofollow noopener\" target=\"_blank\" href=\"https:\/\/viajes.nationalgeographic.com.es\/a\/30-maravillas-naturales-espana_11142\"><strong>maravillas naturale<\/strong><\/a>s para nutrir los deseos viajeros para los pr\u00f3ximos d\u00edas.\u00a0<\/p>\n<\/div>\n<\/div>\n<p>&#13;<\/p>\n<div class=\"entry-media ng-container-media\">\n<div class=\"fgs\">\n<div class=\"fgs-slider\">\n<div class=\"slide horizontal\" data-slide=\"0\" id=\"slide-0\">\n<figure class=\"thumb photo\">&#13;<\/p>\n<div class=\"photo-container\">\n<img loading=\"lazy\" decoding=\"async\" sizes=\"auto, 100vw\" srcset=\"https:\/\/news.google.com\/medio\/2019\/06\/06\/las-villuercas-caceres_422342e1_473x354.jpg 473w,https:\/\/news.google.com\/medio\/2019\/06\/06\/las-villuercas-caceres_e397b91e_710x532.jpg 710w,https:\/\/news.google.com\/medio\/2019\/06\/06\/las-villuercas-caceres_4cf0031e_1183x887.jpg 1183w\" src=\"https:\/\/news.google.com\/medio\/2019\/06\/06\/las-villuercas-caceres_4cf0031e_1183x887.jpg\" class=\"lazyload lazyload\" width=\"1183\" height=\"887\" data-aspectratio=\"1183\/887\"\/><noscript><img decoding=\"async\" src=\"https:\/\/news.google.com\/medio\/2019\/06\/06\/las-villuercas-caceres_4cf0031e_1183x887.jpg\"\/><\/noscript>\n<\/div>\n<p>&#13;<figcaption>&#13;&#13;<\/figcaption>&#13;<\/figure>\n<div class=\"txt\">\n<h3 class=\"title\">&#13;Las Villuercas (C\u00e1ceres)&#13;<\/h3>\n<p>La comarca de Las Villuercas, <strong>un d\u00e9dalo de peque\u00f1os valles al sudeste de C\u00e1ceres, <\/strong>es una de las \u00e1reas naturales m\u00e1s valiosas de Extremadura. En este rinc\u00f3n donde las serran\u00edas se tapizan de casta\u00f1os, robles, rebollos, alcornoques y encinas, miles de aves migratorias encuentran su hogar cada invierno. Las Villuercas son pr\u00f3digas en pinturas rupestres, ermitas e iglesias mud\u00e9jares (Humilladero, Santa Catalina)<strong>, pueblos famosos por su artesan\u00eda o sus alimentos <\/strong>(Al\u00eda, Ca\u00f1amero) o sus necr\u00f3polis, castros y fortalezas (Berzocana, Caba\u00f1as del Castillo). El enclave m\u00e1s famoso y emblema de la comarca es <strong>Guadalupe<\/strong>, con su monasterio fortificado del siglo XIV y su virgen negra, que dar\u00eda nombre a una isla del Caribe y a la virgen m\u00e1s venerada de M\u00e9xico.<\/p>\n<p><em>Josan Ruiz, director de Viajes Nationwide Geographic.<\/em><\/p>\n<\/div>\n<\/div>\n<div class=\"slide horizontal\" data-slide=\"1\" id=\"slide-1\">\n<figure class=\"thumb photo\">&#13;<\/p>\n<div class=\"photo-container\">\n<img loading=\"lazy\" decoding=\"async\" sizes=\"auto, 100vw\" srcset=\"https:\/\/news.google.com\/medio\/2019\/06\/06\/selva-de-oza-huesca_384ceab4_456x190.jpg 456w,https:\/\/news.google.com\/medio\/2019\/06\/06\/selva-de-oza-huesca_63fca753_684x285.jpg 684w,https:\/\/news.google.com\/medio\/2019\/06\/06\/selva-de-oza-huesca_f6ee5089_1140x475.jpg 1140w\" src=\"https:\/\/news.google.com\/medio\/2019\/06\/06\/selva-de-oza-huesca_f6ee5089_1140x475.jpg\" class=\"lazyload lazyload\" width=\"1140\" height=\"475\" data-aspectratio=\"1140\/475\"\/><noscript><img decoding=\"async\" src=\"https:\/\/news.google.com\/medio\/2019\/06\/06\/selva-de-oza-huesca_f6ee5089_1140x475.jpg\"\/><\/noscript>\n<\/div>\n<p>&#13;<figcaption>&#13;<\/p>\n<div class=\"txt\">\n<p class=\"copy\">Foto: Selva de Oz<\/p>\n<p class=\"slide-number\">2  \/  50<\/p>\n<\/div>\n<p>&#13;<\/figcaption>&#13;<\/figure>\n<div class=\"txt\">\n<h3 class=\"title\">&#13;Selva de Oz (Huesca)&#13;<\/h3>\n<p><strong>En la Boca del Infierno,<\/strong> la garganta que forma el r\u00edo Arag\u00f3n Subord\u00e1n al norte del pueblo de <strong>Siresa<\/strong> (Huesca), hay espacio para el r\u00edo y poco m\u00e1s<strong>. Las hayas, abetos y pinos que se encaraman por el desfiladero son la antesala de uno de los bosques m\u00e1s notables de Arag\u00f3n.<\/strong> Al ensancharse el valle se llega al refugio y la zona de acampada de la Selva de Oz. De aqu\u00ed parten dos excursiones memorables: la que lleva al ib\u00f3n de Acherito (un lago a 1870 m) y la de Aguas Tuertas. Esta \u00faltima puede acortarse remontando en aut\u00f3movil el valle de Guarrinza por una pista. Luego el sendero trepa hasta un inmenso circo glaciar, donde el Arag\u00f3n Subord\u00e1n traza fantasiosos meandros en una pradera a 1615 m. Un dolmen a\u00f1ade m\u00e1s trascendencia al paraje, por si su belleza no bastara. <strong>Estamos en el lugar con m\u00e1s monumentos megal\u00edticos del Pirineo,<\/strong> como se explica en el Centro de Interpretaci\u00f3n del Megalitismo Pirenaico y de la Val d&#8217;Echo, junto al c\u00e1mping de Oz.<\/p>\n<p><em>Josan Ruiz, director de Viajes Nationwide Geographic.<\/em><\/p>\n<\/div>\n<\/div>\n<div class=\"slide horizontal\" data-slide=\"2\" id=\"slide-2\">\n<figure class=\"thumb photo\">&#13;<\/p>\n<div class=\"photo-container\">\n<img loading=\"lazy\" decoding=\"async\" sizes=\"auto, 100vw\" srcset=\"https:\/\/news.google.com\/medio\/2019\/06\/06\/los-arribes-del-duero-zamora-y-salamanca_4ec41d35_585x286.jpg 585w,https:\/\/news.google.com\/medio\/2019\/06\/06\/los-arribes-del-duero-zamora-y-salamanca_d8b7f72d_878x430.jpg 878w,https:\/\/news.google.com\/medio\/2019\/06\/06\/los-arribes-del-duero-zamora-y-salamanca_9767bb67_1463x717.jpg 1463w\" src=\"https:\/\/news.google.com\/medio\/2019\/06\/06\/los-arribes-del-duero-zamora-y-salamanca_9767bb67_1463x717.jpg\" class=\"lazyload lazyload\" width=\"1463\" height=\"717\" data-aspectratio=\"1463\/717\"\/><noscript><img decoding=\"async\" src=\"https:\/\/news.google.com\/medio\/2019\/06\/06\/los-arribes-del-duero-zamora-y-salamanca_9767bb67_1463x717.jpg\"\/><\/noscript>\n<\/div>\n<p>&#13;<figcaption>&#13;&#13;<\/figcaption>&#13;<\/figure>\n<div class=\"txt\">\n<h3 class=\"title\">&#13;Los Arribes del Duero (Zamora y Salamanca)&#13;<\/h3>\n<p>Al oeste de Salamanca y Zamora, las dehesas de la penillanura que se despliega hasta la frontera con Portugal se ven cortadas s\u00fabitamente por <strong>los amplios ca\u00f1ones que el Duero y sus afluentes (\u00c1gueda, Esla, Huebra, Tormes, Uces) han excavado en el z\u00f3calo de rocas gran\u00edticas. <\/strong>El desnivel puede alcanzar los 400 m y en ocasiones el agua se precipita bramando por saltos extraordinarios, como el del r\u00edo Uces en el Pozo de los Humos. <strong>Navegar por el Duero<\/strong> en esta zona o recorrer sus orillas por el sendero GR-14 es la mejor forma de apreciar estos paisajes primigenios d<strong>el \u201cFar West\u201d peninsular. <\/strong>A poca distancia del agua hay aldeas donde el tiempo parece detenido, ideales para el turismo rural<\/p>\n<p><em>Josan Ruiz, director de Viajes Nationwide Geographic.<\/em><\/p>\n<\/div>\n<\/div>\n<div class=\"slide horizontal\" data-slide=\"3\" id=\"slide-3\">\n<figure class=\"thumb photo\">&#13;<\/p>\n<div class=\"photo-container\">\n<img loading=\"lazy\" decoding=\"async\" sizes=\"auto, 100vw\" srcset=\"https:\/\/news.google.com\/medio\/2019\/06\/06\/sierra-de-cazorla-jaen_5a44c488_502x334.jpg 502w,https:\/\/news.google.com\/medio\/2019\/06\/06\/sierra-de-cazorla-jaen_c29fba49_752x501.jpg 752w,https:\/\/news.google.com\/medio\/2019\/06\/06\/sierra-de-cazorla-jaen_35b5296c_1254x836.jpg 1254w\" src=\"https:\/\/news.google.com\/medio\/2019\/06\/06\/sierra-de-cazorla-jaen_35b5296c_1254x836.jpg\" class=\"lazyload lazyload\" width=\"1254\" height=\"836\" data-aspectratio=\"1254\/836\"\/><noscript><img decoding=\"async\" src=\"https:\/\/news.google.com\/medio\/2019\/06\/06\/sierra-de-cazorla-jaen_35b5296c_1254x836.jpg\"\/><\/noscript>\n<\/div>\n<p>&#13;<figcaption>&#13;&#13;<\/figcaption>&#13;<\/figure>\n<div class=\"txt\">\n<h3 class=\"title\">&#13;Sierra de Cazorla (Ja\u00e9n)&#13;<\/h3>\n<p>El wadi Al-Kabir, el \u201cr\u00edo grande\u201d, nace a casi 1400 m en Cazorla y recibe la ofrenda del Aguamulas, el Hornos y el Borosa antes de abrirse camino hacia C\u00f3rdoba, Sevilla y Sanl\u00facar. En el siglo XVIII los robles y encinas de la imponente <a rel=\"nofollow noopener\" target=\"_blank\" href=\"https:\/\/viajes.nationalgeographic.com.es\/a\/jaen-escapada-perfecta-para-mezclar-cultura-y-naturaleza_16065\">Sierra de Cazorla<\/a> fueron talados para abastecer a los astilleros de Cartagena. Luego se repoblaron con pino laricio y el territorio fue declarado coto nacional de caza en 1960.<strong> Rodr\u00edguez de la Fuente populariz\u00f3 Cazorla con sus documentales de las cabras montesas<\/strong> y sobre todo de la berrea de los ciervos, que cada oto\u00f1o cautiva a los naturalistas en el embalse del Tranco o la laguna de Valdeazores. Cazorla da para muchas excursiones. <strong>Caminar por el r\u00edo Borosa y el Madera o aventurarse por los Campos de Hern\u00e1n Pelea <\/strong>(la mayor altiplanicie peninsular, a 1600 m altitud) se cuentan entre las m\u00e1s inolvidables.<\/p>\n<p><em>Josan Ruiz, director de Viajes Nationwide Geographic.<\/em><\/p>\n<\/div>\n<\/div>\n<div class=\"slide horizontal\" data-slide=\"4\" id=\"slide-4\">\n<figure class=\"thumb photo\">&#13;<\/p>\n<div class=\"photo-container\">\n<img loading=\"lazy\" decoding=\"async\" sizes=\"auto, 100vw\" srcset=\"https:\/\/news.google.com\/medio\/2019\/06\/06\/el-hierro_f2b6af0c_502x334.jpg 502w,https:\/\/news.google.com\/medio\/2019\/06\/06\/el-hierro_99fa78b3_752x501.jpg 752w,https:\/\/news.google.com\/medio\/2019\/06\/06\/el-hierro_cd530cb7_1254x836.jpg 1254w\" src=\"https:\/\/news.google.com\/medio\/2019\/06\/06\/el-hierro_cd530cb7_1254x836.jpg\" class=\"lazyload lazyload\" width=\"1254\" height=\"836\" data-aspectratio=\"1254\/836\"\/><noscript><img decoding=\"async\" src=\"https:\/\/news.google.com\/medio\/2019\/06\/06\/el-hierro_cd530cb7_1254x836.jpg\"\/><\/noscript>\n<\/div>\n<p>&#13;<figcaption>&#13;&#13;<\/figcaption>&#13;<\/figure>\n<div class=\"txt\">\n<h3 class=\"title\">&#13;El Hierro<\/h3>\n<p><strong>La isla m\u00e1s joven y peque\u00f1a de las Canarias<\/strong> constituye un destino excepcional para quien busque lugares aut\u00e9nticos, naturales y remotos.<strong> <a rel=\"nofollow noopener\" target=\"_blank\" href=\"https:\/\/viajes.nationalgeographic.com.es\/a\/hierro-o-isla-fin-mundo_13984\">El Hierro<\/a> es una isla de miradores, que se asoman al Atl\u00e1ntico desde vertiginosos acantilados,<\/strong> y un lugar \u00f3ptimo para vivir a un ritmo tranquilo. El Mar de las Calmas, con la asombrosa transparencia de sus aguas, est\u00e1 considerado el mejor enclave de submarinismo de Europa.\u00a0En las alturas de La Dehesa, sabinas gigantes enroscadas por el viento seducen con sus fantasiosas formas. Por el Camino del Jinama, un fant\u00e1stico sendero empedrado se encarama entre los <strong>bosques de laurisiva. <\/strong>En La Restinga, el campo de lava de El Lajial permite disfrutar del espect\u00e1culo de la tierra cre\u00e1ndose a s\u00ed misma.<\/p>\n<p>Josan Ruiz, director de Viajes Nationwide Geographic.<\/p>\n<\/div>\n<\/div>\n<div class=\"slide horizontal\" data-slide=\"5\" id=\"slide-5\">\n<figure class=\"thumb photo\">&#13;<\/p>\n<div class=\"photo-container\">\n<img loading=\"lazy\" decoding=\"async\" sizes=\"auto, 100vw\" srcset=\"https:\/\/news.google.com\/medio\/2019\/06\/06\/rioja-alta-y-rioja-alavesa_6a6f0ebb_502x334.jpg 502w,https:\/\/news.google.com\/medio\/2019\/06\/06\/rioja-alta-y-rioja-alavesa_87e95747_752x501.jpg 752w,https:\/\/news.google.com\/medio\/2019\/06\/06\/rioja-alta-y-rioja-alavesa_c2dd5ae5_1254x836.jpg 1254w\" src=\"https:\/\/news.google.com\/medio\/2019\/06\/06\/rioja-alta-y-rioja-alavesa_c2dd5ae5_1254x836.jpg\" class=\"lazyload lazyload\" width=\"1254\" height=\"836\" data-aspectratio=\"1254\/836\"\/><noscript><img decoding=\"async\" src=\"https:\/\/news.google.com\/medio\/2019\/06\/06\/rioja-alta-y-rioja-alavesa_c2dd5ae5_1254x836.jpg\"\/><\/noscript>\n<\/div>\n<p>&#13;<figcaption>&#13;&#13;<\/figcaption>&#13;<\/figure>\n<div class=\"txt\">\n<h3 class=\"title\">&#13;Rioja Alta y Rioja Alavesa<\/h3>\n<p>S\u00ed, el vino outline la Pen\u00ednsula Ib\u00e9rica como ning\u00fan otro cultivo, pero en esta zona ubicada entre la Sierra Cebollera y la de Cantabria su cultura se ha sublimado hasta la perfecci\u00f3n. <strong>Vi\u00f1edos que ondulan burlando al Ebro, aldeas horadadas por decenas de calados y bodegas que han liderado la revoluci\u00f3n enotur\u00edstica del pa\u00eds <\/strong>son sus principales reclamos visuales. pero aqu\u00ed lo que impera es el sentido del gusto, de ah\u00ed que <strong>sea un pecado obviar los <a rel=\"nofollow noopener\" target=\"_blank\" href=\"https:\/\/viajes.nationalgeographic.com.es\/gastronomia\/guia-para-comer-y-disfrutar-gastronomia-ezcaray_17318\">pintxos en Ezcaray<\/a>, <\/strong>las chuletillas asadas al sarmiento en cualquier vi\u00f1edo o los restaurantes modernos que, ya sea en Haro, Briones, <a rel=\"nofollow noopener\" target=\"_blank\" href=\"https:\/\/viajes.nationalgeographic.com.es\/a\/laguardia-encantador-pueblo-sobre-vinas_17282\">Laguardia<\/a> o en Elciego, sofistican a un vino que cada vez es m\u00e1s vanguardista.\u00a0<\/p>\n<p><em>Javier Zori del Amo, director digital de Viajes Nationwide Geographic.<\/em><\/p>\n<\/div>\n<\/div>\n<div class=\"slide horizontal\" data-slide=\"6\" id=\"slide-6\">\n<figure class=\"thumb photo\">&#13;<\/p>\n<div class=\"photo-container\">\n<img loading=\"lazy\" decoding=\"async\" sizes=\"auto, 100vw\" srcset=\"https:\/\/news.google.com\/medio\/2019\/06\/06\/el-bierzo-y-ribeira-sacra_dbca0e71_502x334.jpg 502w,https:\/\/news.google.com\/medio\/2019\/06\/06\/el-bierzo-y-ribeira-sacra_727a2afc_753x501.jpg 753w,https:\/\/news.google.com\/medio\/2019\/06\/06\/el-bierzo-y-ribeira-sacra_a5f6ea61_1255x836.jpg 1255w\" src=\"https:\/\/news.google.com\/medio\/2019\/06\/06\/el-bierzo-y-ribeira-sacra_a5f6ea61_1255x836.jpg\" class=\"lazyload lazyload\" width=\"1255\" height=\"836\" data-aspectratio=\"1255\/836\"\/><noscript><img decoding=\"async\" src=\"https:\/\/news.google.com\/medio\/2019\/06\/06\/el-bierzo-y-ribeira-sacra_a5f6ea61_1255x836.jpg\"\/><\/noscript>\n<\/div>\n<p>&#13;<figcaption>&#13;&#13;<\/figcaption>&#13;<\/figure>\n<div class=\"txt\">\n<h3 class=\"title\">&#13;El Bierzo y Ribeira Sacra<\/h3>\n<p>El Sil es un r\u00edo terco y caprichoso, de ah\u00ed que haya sido capaz de excavar dos de las comarcas m\u00e1s asombrosas del pa\u00eds y unirlas con una ribera rica y espectacular. Un viaje que comienza en Ponferrada, que se pierde entre los peregrinos que a\u00fan tienen fuerzas para encarar el Poio y que se desv\u00eda para descubrir <strong>las impresionantes M\u00e9dulas.<\/strong> Y que contin\u00faa a trav\u00e9s de los\u00a0<strong>ca\u00f1ones profundos de este r\u00edo y del Mi\u00f1o\u00a0donde la viticultura heroica asegur\u00f3 la prosperidad a decenas de\u00a0monasterios silenciosos y remotos <\/strong>que hoy est\u00e1n m\u00e1s atractivos que nunca.\u00a0<\/p>\n<p><em>Javier Zori del Amo, director digital de Viajes Nationwide Geographic.<\/em><\/p>\n<p><em><\/p>\n<section class=\"related-article-content relacionado\">\n<p class=\"relatedTitle\">Art\u00edculo relacionado<\/p>\n<p><a rel=\"nofollow noopener\" target=\"_blank\" href=\"https:\/\/news.google.com\/a\/ribeira-sacra-es-mucho-mas-que-viticultura-heroica_16931\" class=\"rel\"><\/p>\n<article class=\"article\">&#13;<\/p>\n<figure class=\"thumb\">&#13;<img decoding=\"async\" src=\"https:\/\/news.google.com\/medio\/2021\/06\/10\/istock-1287963373_9da4d113_1280x720.jpg\" alt=\"iStock-1287963373\" class=\"imagenRelacionado lazyload\"\/><noscript><img decoding=\"async\" src=\"https:\/\/news.google.com\/medio\/2021\/06\/10\/istock-1287963373_9da4d113_1280x720.jpg\" alt=\"iStock-1287963373\"\/><\/noscript>&#13;<\/figure>\n<p>&#13;<\/p>\n<div class=\"relacionadoTxt\">\n<p>&#13;<\/p>\n<h4 class=\"supertitle\">&#13;Vino y vuelta<\/h4>\n<h4 class=\"title\">&#13;Ribeira Sacra sin pisar una bodega<\/h4>\n<p>&#13;<\/p>\n<\/div>\n<\/article>\n<p><\/a><\/section>\n<p><\/em><\/p>\n<p><em><\/p>\n<section class=\"related-article-content relacionado\">\n<p class=\"relatedTitle\">Art\u00edculo relacionado<\/p>\n<p><a rel=\"nofollow noopener\" target=\"_blank\" href=\"https:\/\/news.google.com\/a\/por-que-bierzo-es-comarca-fascinante_17259\" class=\"rel\"><\/p>\n<article class=\"article\">&#13;<\/p>\n<figure class=\"thumb\">&#13;<img decoding=\"async\" src=\"https:\/\/news.google.com\/medio\/2021\/09\/15\/shutterstock-322252103_a48ccd7d_1280x720.jpg\" alt=\"shutterstock 322252103\" class=\"imagenRelacionado lazyload\"\/><noscript><img decoding=\"async\" src=\"https:\/\/news.google.com\/medio\/2021\/09\/15\/shutterstock-322252103_a48ccd7d_1280x720.jpg\" alt=\"shutterstock 322252103\"\/><\/noscript>&#13;<\/figure>\n<p>&#13;<\/p>\n<div class=\"relacionadoTxt\">\n<p>&#13;<\/p>\n<h4 class=\"supertitle\">&#13;Un gran viaje<\/h4>\n<h4 class=\"title\">&#13;Por qu\u00e9 El Bierzo es una comarca fascinante<\/h4>\n<p>&#13;<\/p>\n<\/div>\n<\/article>\n<p><\/a><\/section>\n<p><\/em><\/p>\n<\/div>\n<\/div>\n<div class=\"slide horizontal\" data-slide=\"7\" id=\"slide-7\">\n<figure class=\"thumb photo\">&#13;<\/p>\n<div class=\"photo-container\">\n<img loading=\"lazy\" decoding=\"async\" sizes=\"auto, 100vw\" srcset=\"https:\/\/news.google.com\/medio\/2019\/06\/07\/ribadesella-y-llanes_e654197b_501x334.jpg 501w,https:\/\/news.google.com\/medio\/2019\/06\/07\/ribadesella-y-llanes_ffb351f5_751x502.jpg 751w,https:\/\/news.google.com\/medio\/2019\/06\/07\/ribadesella-y-llanes_8cef345e_1252x837.jpg 1252w\" src=\"https:\/\/news.google.com\/medio\/2019\/06\/07\/ribadesella-y-llanes_8cef345e_1252x837.jpg\" class=\"lazyload lazyload\" width=\"1252\" height=\"837\" data-aspectratio=\"1252\/837\"\/><noscript><img decoding=\"async\" src=\"https:\/\/news.google.com\/medio\/2019\/06\/07\/ribadesella-y-llanes_8cef345e_1252x837.jpg\"\/><\/noscript>\n<\/div>\n<p>&#13;<figcaption>&#13;&#13;<\/figcaption>&#13;<\/figure>\n<div class=\"txt\">\n<h3 class=\"title\">&#13;Ribadesella y Llanes<\/h3>\n<p>El hedonismo puro se despliega entre estas dos localidades asturianas. Cualquiera que ame la buena vida no necesita m\u00e1s: <strong>playas v\u00edrgenes y serpenteantes, pueblos marineros sin tonter\u00edas y chigres donde los cachopos no atosigan.<\/strong> Una combinaci\u00f3n con las monta\u00f1as de fondo, que aligeran cualquier horizonte, y con la que se podr\u00eda considerar como <strong>mayor concentraci\u00f3n de belleza litoral de todo el Principado.\u00a0<\/strong><\/p>\n<p><em>Javier Zori del Amo, director digital de Viajes Nationwide Geographic.<\/em><\/p>\n<p><em><\/p>\n<section class=\"related-article-content relacionado\">\n<p class=\"relatedTitle\">Art\u00edculo relacionado<\/p>\n<p><a rel=\"nofollow noopener\" target=\"_blank\" href=\"https:\/\/news.google.com\/a\/llanes-a-ribadesella-secretos-litoral-asturiano_17139\" class=\"rel\"><\/p>\n<article class=\"article\">&#13;<\/p>\n<figure class=\"thumb\">&#13;<img decoding=\"async\" src=\"https:\/\/news.google.com\/medio\/2021\/08\/03\/playa-de-torimbia_c3db5651_1280x720.jpg\" alt=\"Playa de Torimbia\" class=\"imagenRelacionado lazyload\"\/><noscript><img decoding=\"async\" src=\"https:\/\/news.google.com\/medio\/2021\/08\/03\/playa-de-torimbia_c3db5651_1280x720.jpg\" alt=\"Playa de Torimbia\"\/><\/noscript>&#13;<\/figure>\n<p>&#13;<\/p>\n<div class=\"relacionadoTxt\">\n<p>&#13;<\/p>\n<h4 class=\"supertitle\">&#13;Gu\u00eda playera<\/h4>\n<h4 class=\"title\">&#13;De Llanes a Ribadesella: secretos del litoral asturiano<\/h4>\n<p>&#13;<\/p>\n<\/div>\n<\/article>\n<p><\/a><\/section>\n<p><\/em><\/p>\n<\/div>\n<\/div>\n<div class=\"slide horizontal\" data-slide=\"8\" id=\"slide-8\">\n<figure class=\"thumb photo\">&#13;<\/p>\n<div class=\"photo-container\">\n<img loading=\"lazy\" decoding=\"async\" sizes=\"auto, 100vw\" srcset=\"https:\/\/news.google.com\/medio\/2019\/06\/06\/sierra-norte-de-guadalajara_60ee1ca4_502x334.jpg 502w,https:\/\/news.google.com\/medio\/2019\/06\/06\/sierra-norte-de-guadalajara_0b0de1d3_752x501.jpg 752w,https:\/\/news.google.com\/medio\/2019\/06\/06\/sierra-norte-de-guadalajara_9270e435_1254x836.jpg 1254w\" src=\"https:\/\/news.google.com\/medio\/2019\/06\/06\/sierra-norte-de-guadalajara_9270e435_1254x836.jpg\" class=\"lazyload lazyload\" width=\"1254\" height=\"836\" data-aspectratio=\"1254\/836\"\/><noscript><img decoding=\"async\" src=\"https:\/\/news.google.com\/medio\/2019\/06\/06\/sierra-norte-de-guadalajara_9270e435_1254x836.jpg\"\/><\/noscript>\n<\/div>\n<p>&#13;<figcaption>&#13;&#13;<\/figcaption>&#13;<\/figure>\n<div class=\"txt\">\n<h3 class=\"title\">&#13;Sierra Norte de Guadalajara<\/h3>\n<p>La Espa\u00f1a vac\u00eda no est\u00e1 as\u00ed por su patrimonio pure ni por sus encantos rurales. Y quiz\u00e1s el mejor ejemplo de ello sea esta comarca que, sin tener un nombre marketiniano, es delimitada a la perfecci\u00f3n por el Henares. Al otro lado de este r\u00edo esperan <strong>hayedos, pinares, picos amables y hoces inesperadas. <\/strong>Pero, sobre todo, un conjunto de <strong>localidades como Atienza o Sig\u00fcenza<\/strong> donde el arte y las gastronom\u00eda sorprende en cada esquina. Y eso sin hablar, a\u00fan, de los pueblos negros, el ep\u00edtome de un ruralismo pobret\u00f3n&#8230; que est\u00e1 m\u00e1s de moda que nunca.\u00a0<\/p>\n<section class=\"related-article-content relacionado\">\n<p class=\"relatedTitle\">Art\u00edculo relacionado<\/p>\n<p><a rel=\"nofollow noopener\" target=\"_blank\" href=\"https:\/\/news.google.com\/a\/guadalajara-viaje-por-provincia-esquivada_17203\" class=\"rel\"><\/p>\n<article class=\"article\">&#13;<\/p>\n<figure class=\"thumb\">&#13;<img decoding=\"async\" src=\"https:\/\/news.google.com\/medio\/2022\/09\/02\/tejera-negra_82f27d12_1280x720.jpg\" alt=\"Tejera Negra\" class=\"imagenRelacionado lazyload\"\/><noscript><img decoding=\"async\" src=\"https:\/\/news.google.com\/medio\/2022\/09\/02\/tejera-negra_82f27d12_1280x720.jpg\" alt=\"Tejera Negra\"\/><\/noscript>&#13;<\/figure>\n<p>&#13;<\/p>\n<div class=\"relacionadoTxt\">\n<p>&#13;<\/p>\n<h4 class=\"supertitle\">&#13;De Molina de Arag\u00f3n a Tejera Negra<\/h4>\n<h4 class=\"title\">&#13;Guadalajara: un viaje por la provincia esquivada<\/h4>\n<p>&#13;<\/p>\n<\/div>\n<\/article>\n<p><\/a><\/section>\n<p><em>Javier Zori del Amo, director digital de Viajes Nationwide Geographic.<\/em><\/p>\n<\/div>\n<\/div>\n<div class=\"slide horizontal\" data-slide=\"9\" id=\"slide-9\">\n<figure class=\"thumb photo\">&#13;<\/p>\n<div class=\"photo-container\">\n<img loading=\"lazy\" decoding=\"async\" sizes=\"auto, 100vw\" srcset=\"https:\/\/news.google.com\/medio\/2019\/06\/06\/bilbao_915348ea_502x334.jpg 502w,https:\/\/news.google.com\/medio\/2019\/06\/06\/bilbao_88299c3f_752x501.jpg 752w,https:\/\/news.google.com\/medio\/2019\/06\/06\/bilbao_97d6501d_1254x836.jpg 1254w\" src=\"https:\/\/news.google.com\/medio\/2019\/06\/06\/bilbao_97d6501d_1254x836.jpg\" class=\"lazyload lazyload\" width=\"1254\" height=\"836\" data-aspectratio=\"1254\/836\"\/><noscript><img decoding=\"async\" src=\"https:\/\/news.google.com\/medio\/2019\/06\/06\/bilbao_97d6501d_1254x836.jpg\"\/><\/noscript>\n<\/div>\n<p>&#13;<figcaption>&#13;&#13;<\/figcaption>&#13;<\/figure>\n<div class=\"txt\">\n<h3 class=\"title\">&#13;Bilbao<\/h3>\n<p>La metr\u00f3polis vizca\u00edna deber\u00eda de estar<strong> prescrita por los m\u00e9dicos. <\/strong>Aunque sea, una visita anual para <strong>recargar pilas, comer en sus barras y alimentarse en sus museos. <\/strong>No en vano, esta ciudad ha protagonizado el mayor milagro urban\u00edstico de la Espa\u00f1a contempor\u00e1nea, transformando todos sus rincones en paseos agradables y estimulantes. De hecho, se trata de la \u00fanica ciudad del dise\u00f1o en Espa\u00f1a seg\u00fan la UNESCO&#8230;\u00a0<\/p>\n<p><em>Javier Zori del Amo, Director Digital de Viajes Nationwide Geographic.<\/em><\/p>\n<p><em><\/p>\n<section class=\"related-article-content relacionado\">\n<p class=\"relatedTitle\">Art\u00edculo relacionado<\/p>\n<p><a rel=\"nofollow noopener\" target=\"_blank\" href=\"https:\/\/news.google.com\/multimedia\/bilbao-que-turista-no-ve_16475\" class=\"rel\"><\/p>\n<article class=\"article\">&#13;<\/p>\n<figure class=\"thumb\">&#13;<img decoding=\"async\" src=\"https:\/\/news.google.com\/medio\/2021\/02\/10\/puente-desk_aa29a16c_1280x720.jpg\" alt=\"Puente-desk\" class=\"imagenRelacionado lazyload\"\/><noscript><img decoding=\"async\" src=\"https:\/\/news.google.com\/medio\/2021\/02\/10\/puente-desk_aa29a16c_1280x720.jpg\" alt=\"Puente-desk\"\/><\/noscript>&#13;<\/figure>\n<p>&#13;<\/p>\n<div class=\"relacionadoTxt\">\n<p>&#13;<\/p>\n<h4 class=\"supertitle\">&#13;La otra capital del mundo<\/h4>\n<h4 class=\"title\">&#13;Bilbao: lo que el turista no ve<\/h4>\n<p>&#13;<\/p>\n<\/div>\n<\/article>\n<p><\/a><\/section>\n<p><\/em><\/p>\n<\/div>\n<\/div>\n<div class=\"slide horizontal\" data-slide=\"10\" id=\"slide-10\">\n<figure class=\"thumb photo\">&#13;<\/p>\n<div class=\"photo-container\">\n<img loading=\"lazy\" decoding=\"async\" sizes=\"auto, 100vw\" srcset=\"https:\/\/news.google.com\/medio\/2019\/06\/07\/menorca_38c32ecf_502x334.jpg 502w,https:\/\/news.google.com\/medio\/2019\/06\/07\/menorca_70478377_752x501.jpg 752w,https:\/\/news.google.com\/medio\/2019\/06\/07\/menorca_8544a236_1254x836.jpg 1254w\" src=\"https:\/\/news.google.com\/medio\/2019\/06\/07\/menorca_8544a236_1254x836.jpg\" class=\"lazyload lazyload\" width=\"1254\" height=\"836\" data-aspectratio=\"1254\/836\"\/><noscript><img decoding=\"async\" src=\"https:\/\/news.google.com\/medio\/2019\/06\/07\/menorca_8544a236_1254x836.jpg\"\/><\/noscript>\n<\/div>\n<p>&#13;<figcaption>&#13;&#13;<\/figcaption>&#13;<\/figure>\n<div class=\"txt\">\n<h3 class=\"title\">&#13;Menorca<\/h3>\n<p>Mah\u00f3n en el este y Ciutadella en el oeste se\u00f1alan los dos extremos de esta isla de contrastes<strong>, donde las playas tienen un car\u00e1cter distinto si se hallan en la acantilada costa norte o entre los pinares del sur. <\/strong>Los pueblos se desperdigan como perlas blancas por la costa y el inside rural, moteado de campos y haciendas que elaboran quesos y embutidos sabrosos, cr\u00edan vacas y caballos que demuestran su porte en los \u201cjaleos\u201d de las fiestas de verano<strong>. La cultura talay\u00f3tica , con sus taulas y navetas de piedra,<\/strong> demuestra que <a rel=\"nofollow noopener\" target=\"_blank\" href=\"https:\/\/news.google.com\/z\/menorca\">Menorca<\/a> ya period considerada un enclave excellent hace miles de a\u00f1os. Las actividades en la isla son numerosas y variadas: recorrer a pie o en bicicleta el Cam\u00ed de Cavalls (el sendero que rodea la isla por la costa), <strong>contemplar la puesta de sol desde la Punta Nati o desde el Cap d\u2019Artrutx, <\/strong>practicar el windsurf, navegar en canoa, bucear en la Reserva Marina del Norte, observar aves en la Albufera des Grau\u2026 <strong>Y lo mejor de todo es que no hay que esperar al verano para disfrutar de todo ello.<\/strong><\/p>\n<p><em>Sandra Mart\u00edn, redactora jefe de Viajes Nationwide Geographic<\/em><\/p>\n<p>\u00a0<\/p>\n<section class=\"related-article-content relacionado\">\n<p class=\"relatedTitle\">Art\u00edculo relacionado<\/p>\n<p><a rel=\"nofollow noopener\" target=\"_blank\" href=\"https:\/\/news.google.com\/a\/menorca-que-turista-no-ve_18352\" class=\"rel\"><\/p>\n<article class=\"article\">&#13;<\/p>\n<figure class=\"thumb\">&#13;<img decoding=\"async\" src=\"https:\/\/news.google.com\/medio\/2022\/06\/30\/istock-1348082647_53434b3e_1280x720.jpg\" alt=\"iStock-1348082647\" class=\"imagenRelacionado lazyload\"\/><noscript><img decoding=\"async\" src=\"https:\/\/news.google.com\/medio\/2022\/06\/30\/istock-1348082647_53434b3e_1280x720.jpg\" alt=\"iStock-1348082647\"\/><\/noscript>&#13;<\/figure>\n<p>&#13;<\/p>\n<div class=\"relacionadoTxt\">\n<p>&#13;<\/p>\n<h4 class=\"supertitle\">&#13;La otra gu\u00eda<\/h4>\n<h4 class=\"title\">&#13;Menorca: lo que el turista no ve<\/h4>\n<p>&#13;<\/p>\n<\/div>\n<\/article>\n<p><\/a><\/section>\n<p>\u00a0<\/p>\n<\/div>\n<\/div>\n<div class=\"slide horizontal\" data-slide=\"11\" id=\"slide-11\">\n<figure class=\"thumb photo\">&#13;<\/p>\n<div class=\"photo-container\">\n<img loading=\"lazy\" decoding=\"async\" sizes=\"auto, 100vw\" srcset=\"https:\/\/news.google.com\/medio\/2019\/06\/07\/sierra-de-guara_9b1dcbed_502x334.jpg 502w,https:\/\/news.google.com\/medio\/2019\/06\/07\/sierra-de-guara_134176cc_752x501.jpg 752w,https:\/\/news.google.com\/medio\/2019\/06\/07\/sierra-de-guara_a00a47e4_1254x836.jpg 1254w\" src=\"https:\/\/news.google.com\/medio\/2019\/06\/07\/sierra-de-guara_a00a47e4_1254x836.jpg\" class=\"lazyload lazyload\" width=\"1254\" height=\"836\" data-aspectratio=\"1254\/836\"\/><noscript><img decoding=\"async\" src=\"https:\/\/news.google.com\/medio\/2019\/06\/07\/sierra-de-guara_a00a47e4_1254x836.jpg\"\/><\/noscript>\n<\/div>\n<p>&#13;<figcaption>&#13;&#13;<\/figcaption>&#13;<\/figure>\n<div class=\"txt\">\n<h3 class=\"title\">&#13;Sierra de Guara (Huesca)&#13;<\/h3>\n<p>Este macizo agujereado por la acci\u00f3n de los r\u00edos emerge como<strong> una isla a medio camino de los picos y valle pirenaicos que asoman por el norte, y las extensiones de campos que anuncian los Monegros por el sur. <\/strong>El Parque Pure de la Sierra y los Ca\u00f1ones de Guara <strong>es un para\u00edso para los aficionados al descenso de barrancos. <\/strong>Los hay de distinta dificultad, con m\u00e1s o menos agua, pero todos requieren de un gu\u00eda experto que conozca los secretos de cada r\u00edo. <strong>El otro tesoro de Guara lo ofrecen sus pueblos, <\/strong>enroscados en torno a una iglesia o a la orilla de un r\u00edo, aprovechando el frescor del agua, a la sombra de los olivos y con las vi\u00f1as dorando las uvas con las que luego se elaborar\u00e1n sabrosos vinos del Somontano. Las localidades de referencia para disfrutar de actividades en el r\u00edo son <strong>Alqu\u00e9zar, con su fortaleza morisca transformada en colegiata <\/strong>colgada de un acantilado que se asoma al r\u00edo Vero, y <strong>Rodellar,<\/strong> sobre el espectacular barranco de Masc\u00fan y el valle del r\u00edo Alcanadre.\u00a0<\/p>\n<p><em>Sandra Mart\u00edn, redactora jefe de Viajes Nationwide Geographic<\/em><\/p>\n<p><em><\/p>\n<section class=\"related-article-content relacionado\">\n<p class=\"relatedTitle\">Art\u00edculo relacionado<\/p>\n<p><a rel=\"nofollow noopener\" target=\"_blank\" href=\"https:\/\/news.google.com\/a\/sierra-guara-fantasia-roca-y-agua-prepirineo-huesca_17118\" class=\"rel\"><\/p>\n<article class=\"article\">&#13;<\/p>\n<figure class=\"thumb\">&#13;<img decoding=\"async\" src=\"https:\/\/news.google.com\/medio\/2021\/07\/30\/vadiello_16fedeae_1280x720.jpg\" alt=\"Vadiello\" class=\"imagenRelacionado lazyload\"\/><noscript><img decoding=\"async\" src=\"https:\/\/news.google.com\/medio\/2021\/07\/30\/vadiello_16fedeae_1280x720.jpg\" alt=\"Vadiello\"\/><\/noscript>&#13;<\/figure>\n<p>&#13;<\/p>\n<div class=\"relacionadoTxt\">\n<p>&#13;<\/p>\n<h4 class=\"supertitle\">&#13;Barranco abajo<\/h4>\n<h4 class=\"title\">&#13;Sierra de Guara, una fantas\u00eda de roca y agua<\/h4>\n<p>&#13;<\/p>\n<\/div>\n<\/article>\n<p><\/a><\/section>\n<p><\/em><\/p>\n<\/div>\n<\/div>\n<div class=\"slide horizontal\" data-slide=\"12\" id=\"slide-12\">\n<figure class=\"thumb photo\">&#13;<\/p>\n<div class=\"photo-container\">\n<img loading=\"lazy\" decoding=\"async\" sizes=\"auto, 100vw\" srcset=\"https:\/\/news.google.com\/medio\/2019\/06\/07\/somiedo_f75bcfec_559x300.jpg 559w,https:\/\/news.google.com\/medio\/2019\/06\/07\/somiedo_bcd37908_838x449.jpg 838w,https:\/\/news.google.com\/medio\/2019\/06\/07\/somiedo_d90ee3bd_1397x750.jpg 1397w\" src=\"https:\/\/news.google.com\/medio\/2019\/06\/07\/somiedo_d90ee3bd_1397x750.jpg\" class=\"lazyload lazyload\" width=\"1397\" height=\"750\" data-aspectratio=\"1397\/750\"\/><noscript><img decoding=\"async\" src=\"https:\/\/news.google.com\/medio\/2019\/06\/07\/somiedo_d90ee3bd_1397x750.jpg\"\/><\/noscript>\n<\/div>\n<p>&#13;<figcaption>&#13;&#13;<\/figcaption>&#13;<\/figure>\n<div class=\"txt\">\n<h3 class=\"title\">&#13;P.N. de Somiedo<\/h3>\n<p>Asturias tiene en este parqu<strong>e uno de sus espacios naturales mejor preservados. <\/strong>Declarado Reserva de la Biosfera, Somiedo se considera un ejemplo de la convivencia entre la <strong>actividad humana y la fauna salvaje.<\/strong> Los cuatro valles del parque (los de los r\u00edos Somiedo, Pig\u00fce\u00f1a, Valle y Saliencia) re\u00fanen aldeas donde a\u00fan perviven viejos oficios y donde empiezan numerosas rutas hacia lagos y prados con caba\u00f1as de pastores o bra\u00f1as. Y tambi\u00e9n recorridos guiados para <strong>observar osos, ciervos y urogallos<\/strong>, que han hallado en Somiedo un hogar magn\u00edfico y exuberante.<\/p>\n<p><em>Sandra Mart\u00edn, redactora jefe de Viajes Nationwide Geographic<\/em><\/p>\n<\/div>\n<\/div>\n<div class=\"slide horizontal\" data-slide=\"13\" id=\"slide-13\">\n<figure class=\"thumb photo\">&#13;<\/p>\n<div class=\"photo-container\">\n<img loading=\"lazy\" decoding=\"async\" sizes=\"auto, 100vw\" srcset=\"https:\/\/news.google.com\/medio\/2019\/06\/07\/donosti_50bc31be_473x354.jpg 473w,https:\/\/news.google.com\/medio\/2019\/06\/07\/donosti_aff9658c_710x532.jpg 710w,https:\/\/news.google.com\/medio\/2019\/06\/07\/donosti_5aebe260_1183x887.jpg 1183w\" src=\"https:\/\/news.google.com\/medio\/2019\/06\/07\/donosti_5aebe260_1183x887.jpg\" class=\"lazyload lazyload\" width=\"1183\" height=\"887\" data-aspectratio=\"1183\/887\"\/><noscript><img decoding=\"async\" src=\"https:\/\/news.google.com\/medio\/2019\/06\/07\/donosti_5aebe260_1183x887.jpg\"\/><\/noscript>\n<\/div>\n<p>&#13;<figcaption>&#13;&#13;<\/figcaption>&#13;<\/figure>\n<div class=\"txt\">\n<h3 class=\"title\">&#13;San Sebasti\u00e1n-Donosti<\/h3>\n<p>El mar ha modelado la historia y el <strong>car\u00e1cter abierto de esta ciudad, famosa por su vida cultural y su buen comer. <\/strong>Incrustada en el coraz\u00f3n del golfo de Bizkaia, San Sebasti\u00e1n o Donosti en euskera respira ese aire aristocr\u00e1tico que tienen las ciudades asomadas al mar, con su largo paseo bordeando la playa de la Concha, su on line casino ahora Consistorio, su recoleto puerto y, claro, sus palacios. Y a cualquier hora del d\u00eda, aunque preferentemente por la tarde, <strong>no hay nada como perderse por la Parte Vieja en busca del pintxo m\u00e1s atrevido y del m\u00e1s cl\u00e1sico,<\/strong> acompa\u00f1ado de una sidra o de una cerveza bien fr\u00eda. Y antes o despu\u00e9s, acercarse a contemplar <strong>el Peine del viento o subir al monte Igeldo <\/strong>y contemplar la ciudad desde su centenario parque de atracciones.\u00a0<\/p>\n<p><em>Sandra Mart\u00edn, redactora jefe de Viajes Nationwide Geographic<\/em><\/p>\n<\/div>\n<\/div>\n<div class=\"slide horizontal\" data-slide=\"14\" id=\"slide-14\">\n<figure class=\"thumb photo\">&#13;<\/p>\n<div class=\"photo-container\">\n<img loading=\"lazy\" decoding=\"async\" sizes=\"auto, 100vw\" srcset=\"https:\/\/news.google.com\/medio\/2019\/06\/07\/aiguestortes_50e1adce_502x334.jpg 502w,https:\/\/news.google.com\/medio\/2019\/06\/07\/aiguestortes_d42c1ba1_752x501.jpg 752w,https:\/\/news.google.com\/medio\/2019\/06\/07\/aiguestortes_8ffc7abf_1254x836.jpg 1254w\" src=\"https:\/\/news.google.com\/medio\/2019\/06\/07\/aiguestortes_8ffc7abf_1254x836.jpg\" class=\"lazyload lazyload\" width=\"1254\" height=\"836\" data-aspectratio=\"1254\/836\"\/><noscript><img decoding=\"async\" src=\"https:\/\/news.google.com\/medio\/2019\/06\/07\/aiguestortes_8ffc7abf_1254x836.jpg\"\/><\/noscript>\n<\/div>\n<p>&#13;<figcaption>&#13;&#13;<\/figcaption>&#13;<\/figure>\n<div class=\"txt\">\n<h3 class=\"title\">&#13;Parque Nacional de Aig\u00fcestortes y Estany de Sant Maurici<\/h3>\n<p>&#13;<br \/>\nCon<strong> m\u00e1s de 200 lagos, r\u00edos, cascadas y praderas inundadas,<\/strong> el agua es el protagonista del Parque Nacional de Aig\u00fcestortes i Estany de Sant Maurici, en el Pirineo central. Una <strong>extensa pink de senderos se adentra por sus m\u00faltiples valles y asciende entre bosques de pinos y abetos hasta alcanzar los lagos y prados de las zonas altas. <\/strong>All\u00ed empieza una segunda ronda de caminos que salvan collados, conectan refugios (la ruta Carros de Foc pasa por los 9 refugios del parque) y permiten coronar cuatro cumbres de m\u00e1s de 3000 m y otras menos altas pero emblem\u00e1ticas, como el Gran Tuc de Colom\u00e8rs (2933 m) o el doble pico de Els Encantats (2748 m). Se puede acceder desde las comarcas leridanas del Val d\u2019Aran, la Alta Ribagor\u00e7a, el Pallars Juss\u00e0 o el Pallars Sobir\u00e0. Entre las rutas m\u00e1s sencillas y accesibles para familias con ni\u00f1os peque\u00f1os destaca la vuelta al lago de Sant Maurici (se llega en taxi todoterreno desde Espot), en el sector oriental, y la subida al lago y refugio de Colom\u00e8rs, accesible desde el valle de Ar\u00e1n.<br \/>&#13;<br \/>\n\u00a0<\/p>\n<p><em>Sandra Mart\u00edn, redactora jefe de Viajes Nationwide Geographic<\/em><\/p>\n<\/div>\n<\/div>\n<div class=\"slide horizontal\" data-slide=\"15\" id=\"slide-15\">\n<figure class=\"thumb photo\">&#13;<\/p>\n<div class=\"photo-container\">\n<img loading=\"lazy\" decoding=\"async\" sizes=\"auto, 100vw\" srcset=\"https:\/\/news.google.com\/medio\/2019\/06\/07\/salamanca_0260caf7_470x357.jpg 470w,https:\/\/news.google.com\/medio\/2019\/06\/07\/salamanca_a1257ca6_705x535.jpg 705w,https:\/\/news.google.com\/medio\/2019\/06\/07\/salamanca_88ebee2c_1175x893.jpg 1175w\" src=\"https:\/\/news.google.com\/medio\/2019\/06\/07\/salamanca_88ebee2c_1175x893.jpg\" class=\"lazyload lazyload\" width=\"1175\" height=\"893\" data-aspectratio=\"1175\/893\"\/><noscript><img decoding=\"async\" src=\"https:\/\/news.google.com\/medio\/2019\/06\/07\/salamanca_88ebee2c_1175x893.jpg\"\/><\/noscript>\n<\/div>\n<p>&#13;<figcaption>&#13;&#13;<\/figcaption>&#13;<\/figure>\n<div class=\"txt\">\n<h3 class=\"title\">&#13;Tri\u00e1ngulo castellano: Salamanca, \u00c1vila y Segovia<\/h3>\n<p>\u00c1vila, Segovia y Salamanca pueden configurar una escapada de fin de semana que funda monumentos, paisaje, gastronom\u00eda e historia, mucha historia.\u00a0<\/p>\n<p>\u00a0<\/p>\n<ol>\n<li><strong>\u00c1vila<\/strong>\u00a0conserva<strong> la muralla medieval m\u00e1s completa de la Pen\u00ednsula.<\/strong> Edificada en el siglo XI, desde la distancia impresiona por sus dimensiones, con casi 2,5 km de per\u00edmetro y muros de 12 m de alto. Hasta 2000 hombres trabajando durante 9 a\u00f1os fueron necesarios para levantarla. Y cu\u00e1ndo hoy se contempla uno se pregunta qu\u00e9 tuvo esa ciudad en el pasado para precisar ser tan protegida. En la Edad Media, sus torres garantizaban la defensa cuando la ciudad ten\u00eda que repeler los ataques moriscos. Sus murallas se traspasaban por puertas que tambi\u00e9n serv\u00edan para precintarla en caso de epidemias o para controlar el comercio de v\u00edveres, como revela el nombre de la Puerta del Peso de la Harina. Otras tambi\u00e9n muestran con su nombre la funci\u00f3n que ten\u00edan, como la Puerta de la C\u00e1rcel o la de los Malaventurados, por la que sal\u00edan los condenados a muerte. Hoy el principal acceso al casco hist\u00f3rico de \u00c1vila se realiza por la robusta Puerta del Alc\u00e1zar, muy pr\u00f3xima a la Catedral. El templo, con aspecto de fortaleza, est\u00e1 adosado a la muralla, sobre la que adem\u00e1s discurre un paseo de adarve desde el que se contempla el casco antiguo y varias iglesias rom\u00e1nicas construidas extramuros, como la de San Vicente. Santa Teresa naci\u00f3 en la provincia de \u00c1vila y vivi\u00f3 muchos episodios de su vida en la ciudad, por lo que su figura se recuerda constantemente en puertas, plazas, monumentos, tiendas, mesones y hasta el guisos y dulces como las deliciosas yemas de Santa Teresa.<br \/>&#13;\u00a0<\/li>\n<li>Al este de \u00c1vila se sit\u00faa\u00a0<strong>Segovia<\/strong>, otra capital con famoso monumento. Se trata de su<strong> Alc\u00e1zar, r<\/strong>esidencia de los reyes castellanos entre los siglos XII y XVIII, y el edificio m\u00e1s relevante y elevado de la ciudad medieval. Se cube que desde una de sus torres el rey Alfonso X estudiaba el firmamento. El centro de Segovia se extiende a los pies de su Alc\u00e1zar, como un museo al aire libre de arquitectura. <strong>La obra m\u00e1s antigua del conjunto es el Acueducto romano, <\/strong>con m\u00e1s de veinte siglos de historia, cuya parte m\u00e1s elevada y famosa es la que cruza la Plaza de Azoguejo, rodeada de mesones tradicionales. Un d\u00e9dalo de calles medievales serpentean entre el Alc\u00e1zar y el Acueducto, donde se pueden visitar la C\u00e1tedra g\u00f3tica y las iglesias rom\u00e1nicas de San Esteban y San Andr\u00e9s sobresaliendo sobre los tejados.<br \/>&#13;\u00a0<\/li>\n<li>Cerrando el tr\u00edo por el oeste se llega a\u00a0<strong>Salamanca<\/strong>, una de las ciudades m\u00e1s ilustradas de la Pen\u00ednsula. La Plaza Mayor ha sido fiel testigo de las distintas etapas vividas. Considerada ejemplo de arquitectura civil barroca, a lo largo de su historia ha tenido varias funciones, desde coso taurino a pat\u00edbulo hasta escenario teatral y sede del Ayuntamiento. Hoy sentarse en una de las terrazas de los bares y mesones tradicionales que se cobijan bajo sus p\u00f3rticos es el mejor modo de conocer <strong>el pulso de esta ciudad de alma juvenil por su Universidad,<\/strong> la m\u00e1s antigua de Espa\u00f1a, fundada en el siglo XIII. La plaza suele ser el inicio de muchos paseos que no dejan de pasar junto a rincones famosos, como la Casa de las Conchas renacentista o el Convento de las Due\u00f1as, obra cumbre del <strong>plateresco salmantino. En<\/strong> cualquier caso, todo paseo debe dirigirse a sus catedrales, s\u00ed, en plural, porque Salamanca tiene dos: la Vieja, del siglo XII, y la Nueva, del XVI.<\/li>\n<\/ol>\n<\/div>\n<div class=\"slide horizontal\" data-slide=\"16\" id=\"slide-16\">\n<figure class=\"thumb photo\">&#13;<\/p>\n<div class=\"photo-container\">\n<img loading=\"lazy\" decoding=\"async\" sizes=\"auto, 100vw\" srcset=\"https:\/\/news.google.com\/medio\/2019\/06\/07\/emporda_2cdfd106_513x327.jpg 513w,https:\/\/news.google.com\/medio\/2019\/06\/07\/emporda_51711c01_769x490.jpg 769w,https:\/\/news.google.com\/medio\/2019\/06\/07\/emporda_0fe3314f_1282x818.jpg 1282w\" src=\"https:\/\/news.google.com\/medio\/2019\/06\/07\/emporda_0fe3314f_1282x818.jpg\" class=\"lazyload lazyload\" width=\"1282\" height=\"818\" data-aspectratio=\"1282\/818\"\/><noscript><img decoding=\"async\" src=\"https:\/\/news.google.com\/medio\/2019\/06\/07\/emporda_0fe3314f_1282x818.jpg\"\/><\/noscript>\n<\/div>\n<p>&#13;<figcaption>&#13;&#13;<\/figcaption>&#13;<\/figure>\n<div class=\"txt\">\n<h3 class=\"title\">&#13;Baix Empord\u00e0<\/h3>\n<p>La comarca del Baix Empord\u00e0 es <strong>un mosaico de pueblos medievales, calas intactas, playas y arenales de dunas, <\/strong>mas\u00edas reconvertidas en peque\u00f1os hoteles y restaurantes, de inside o con vistas al mar. De todo su territorio, lo que el escritor Josep Pla llamaba\u00a0l\u2019Empordanet\u00a0es la joya guardada en el cofre. Un tri\u00e1ngulo imaginario que tendr\u00eda en un v\u00e9rtice su pueblo natal, Palafrugell, y en los otros la Vall d\u2019Aro y las Gavarres, con dos archipi\u00e9lagos fijos en el mar, las islas Formigues al sur frente al cabo de Cap Roig, y las Medes al norte. El literario l&#8217;Empordanet\u00a0hay que descubrirlo<strong> a ritmo lento, por carreteras secundarias que se encuentran con pueblos medievales que emergen entre campos de girasoles, t<\/strong>rigo o arroz, o a pie siguiendo el Camino de Ronda, el sendero que bordea toda la Costa Brava desde Blanes a Portbou, y va asom\u00e1ndose a miradores y calas recogidas entre acantilados, donde solo algunos pinos atrevidos se vuelcan a besar el mar. En el litoral del\u00a0l\u2019Empordanet\u00a0tambi\u00e9n se encuentran<strong> enclaves que preservan su esencia marinera, en su fisonom\u00eda y en la gastronom\u00eda, como Tamariu, Sa Tuna o Calella de Palafrugell, <\/strong>una antigua aldea de pescadores donde las barcas a\u00fan reposan junto a la orilla o sobre la enviornment, y en la que se siguen cantando nost\u00e1lgicas habaneras en las tabernas.<\/p>\n<p><em>Asun Luj\u00e1n, redactora de Viajes Nationwide Geographic<\/em><\/p>\n<p><em><\/p>\n<section class=\"related-article-content relacionado\">\n<p class=\"relatedTitle\">Art\u00edculo relacionado<\/p>\n<p><a rel=\"nofollow noopener\" target=\"_blank\" href=\"https:\/\/news.google.com\/a\/costa-brava-que-turista-no-ve_18449\" class=\"rel\"><\/p>\n<article class=\"article\">&#13;<\/p>\n<figure class=\"thumb\">&#13;<img decoding=\"async\" src=\"https:\/\/news.google.com\/medio\/2022\/08\/01\/slide-mooma022x_a764bb31_1280x720.jpeg\" class=\"imagenRelacionado lazyload\"\/><noscript><img decoding=\"async\" src=\"https:\/\/news.google.com\/medio\/2022\/08\/01\/slide-mooma022x_a764bb31_1280x720.jpeg\"\/><\/noscript>&#13;<\/figure>\n<p>&#13;<\/p>\n<div class=\"relacionadoTxt\">\n<p>&#13;<\/p>\n<h4 class=\"supertitle\">&#13;La otra gu\u00eda<\/h4>\n<h4 class=\"title\">&#13;Costa Brava: lo que el turista no ve<\/h4>\n<p>&#13;<\/p>\n<\/div>\n<\/article>\n<p><\/a><\/section>\n<p><\/em><\/p>\n<\/div>\n<\/div>\n<div class=\"slide horizontal\" data-slide=\"17\" id=\"slide-17\">\n<figure class=\"thumb photo\">&#13;<\/p>\n<div class=\"photo-container\">\n<img loading=\"lazy\" decoding=\"async\" sizes=\"auto, 100vw\" srcset=\"https:\/\/news.google.com\/medio\/2019\/06\/07\/toledo_1318b314_501x335.jpg 501w,https:\/\/news.google.com\/medio\/2019\/06\/07\/toledo_184cd009_751x502.jpg 751w,https:\/\/news.google.com\/medio\/2019\/06\/07\/toledo_bb85e9dd_1252x838.jpg 1252w\" src=\"https:\/\/news.google.com\/medio\/2019\/06\/07\/toledo_bb85e9dd_1252x838.jpg\" class=\"lazyload lazyload\" width=\"1252\" height=\"838\" data-aspectratio=\"1252\/838\"\/><noscript><img decoding=\"async\" src=\"https:\/\/news.google.com\/medio\/2019\/06\/07\/toledo_bb85e9dd_1252x838.jpg\"\/><\/noscript>\n<\/div>\n<p>&#13;<figcaption>&#13;&#13;<\/figcaption>&#13;<\/figure>\n<div class=\"txt\">\n<h3 class=\"title\">&#13;Toledo<\/h3>\n<p><strong>Toledo respira historia. <\/strong>Se percibe especialmente cuando se recorren<strong> los callejones de su barrio antiguo, <\/strong>algunos tan solitarios que al traspasarlos hacen sentir escalofr\u00edos al rememorar mil y una leyendas. Aqu\u00ed pervive la herencia de \u00e1rabes, jud\u00edos y cristianos que lo habitaban en el pasado y por los que Toledo fue conocida como la Ciudad de las Tres Culturas. Aquel crisol cultural tambi\u00e9n se plasma en la arquitectura, con mezquitas, sinagogas e iglesias conviviendo de forma ejemplar. Para atestiguarlo ah\u00ed est\u00e1n<strong> la mezquita del Cristo de la Luz, las sinagogas del Tr\u00e1nsito y la de Santa Mar\u00eda la Blanca, <\/strong>la Catedral coronada por una de las agujas m\u00e1s intr\u00e9pidas de la arquitectura religiosa o el Monasterio de San Juan de los Reyes, edificado en 1746 por los Reyes Cat\u00f3licos para conmemora la victoria en la batalla de Toro. <strong>Otros enclaves han transformado su funci\u00f3n authentic, como el Hospital de Santa Cruz, que naci\u00f3 en el siglo XIV para dar cobijo a los hu\u00e9rfanos y hoy exhibe objetos arqueol\u00f3gicos, esculturas y pinturas. <\/strong>En Toledo tambi\u00e9n vivi\u00f3 El Greco, del que se puede seguir una ruta que discurre por su casa-museo y enclaves donde ver algunos de sus cuadros, sobresaliendo\u00a0El entierro del se\u00f1or de Ordaz, en la parroquia de Santo Tom\u00e9. Dejando atr\u00e1s el silencio del barrio hist\u00f3rico uno se topa con el ajetreo de bodegas y mesones tradicionales y un sinf\u00edn de tiendas donde se venden armas y armaduras, cer\u00e1micas y recuerdos. <strong>Un buen lugar para pulsar el ritmo precise de la ciudad es la Plaza Zocodover, con sus calles colindantes.<\/strong> Pero tambi\u00e9n vale la pena salir del centro urbano, por ejemplo por la Puerta de Bisagra, construida en 1550 como entrada principal de la ciudad, para recorrer el Paseo del Tajo, un camino que sigue la orilla del r\u00edo, desde el que se contemplan vistas de la ciudad dominada por el Alc\u00e1zar, un sobrio edificio que hoy acoge un museo del ej\u00e9rcito.\u00a0<br \/>&#13;<br \/>\n\u00a0<\/p>\n<p>Asun Luj\u00e1n, redactora de Viajes Nationwide Geographic<\/p>\n<\/div>\n<\/div>\n<div class=\"slide horizontal\" data-slide=\"18\" id=\"slide-18\">\n<figure class=\"thumb photo\">&#13;<\/p>\n<div class=\"photo-container\">\n<img loading=\"lazy\" decoding=\"async\" sizes=\"auto, 100vw\" srcset=\"https:\/\/news.google.com\/medio\/2019\/06\/07\/cordoba_24135b4d_502x307.jpg 502w,https:\/\/news.google.com\/medio\/2019\/06\/07\/cordoba_18269aef_752x461.jpg 752w,https:\/\/news.google.com\/medio\/2019\/06\/07\/cordoba_2ee7d4e4_1254x769.jpg 1254w\" src=\"https:\/\/news.google.com\/medio\/2019\/06\/07\/cordoba_2ee7d4e4_1254x769.jpg\" class=\"lazyload lazyload\" width=\"1254\" height=\"769\" data-aspectratio=\"1254\/769\"\/><noscript><img decoding=\"async\" src=\"https:\/\/news.google.com\/medio\/2019\/06\/07\/cordoba_2ee7d4e4_1254x769.jpg\"\/><\/noscript>\n<\/div>\n<p>&#13;<figcaption>&#13;&#13;<\/figcaption>&#13;<\/figure>\n<div class=\"txt\">\n<h3 class=\"title\">&#13;C\u00f3rdoba<\/h3>\n<p>&#13;<br \/>\nLa gran ciudad califal se levanta<strong> majestuosa a orillas del Guadalquivir y a los pies de Sierra Morena.<\/strong> Lo mejor es acceder a ella por el Puente Romano, una pasarela de 16 arcos que ha sido entrada desde tiempos inmemoriales. Nada m\u00e1s cruzar a la otra orilla se abre el barrio de <strong>la <a rel=\"nofollow noopener\" target=\"_blank\" href=\"https:\/\/viajes.nationalgeographic.com.es\/a\/viaje-a-curiosidades-mezquita-cordoba_16001\">Mezquita-Catedral<\/a>, <\/strong>culminaci\u00f3n del legado que romanos, jud\u00edos, musulmanes y cristianos dejaron en esta ciudad andaluza. La Mezquita fue el centro pol\u00edtico y religioso del Califato de C\u00f3rdoba desde el inicio de su construcci\u00f3n el a\u00f1o 780. Tras cruzar el <strong>Patio de los Naranjos<\/strong> donde se realizaban las abluciones, se entra en la Sala de la Oraci\u00f3n, un hito arquitect\u00f3nico que hace enmudecer, donde un millar de columnas se unen por arcos dobles de herradura. En su centro fue erigida en 1523 la Catedral cristiana. En torno a este emblem\u00e1tico monumento se abre un d\u00e9dalo de callejuelas, muchas encaladas y animadas por tabernas y patios cuajados de flores. Que C\u00f3rdoba es una ciudad de aromas tambi\u00e9n se aprecia en el cercano Alc\u00e1zar de los Reyes Cristianos, un recinto fortificado construido en tiempos de Alfonso X, donde los Reyes Cat\u00f3licos recibieron en audiencia a Crist\u00f3bal Col\u00f3n en 1485. Su visita discurre entre salas decorada con mosaicos romanos y jardines con hierbas arom\u00e1ticas, arbustos de azaleas y albercas mud\u00e9jares. <strong>Pero la visita a C\u00f3rdoba estar\u00eda incompleta sin incluir sus bares, confiter\u00edas, bodegas y restaurantes, como los cercanos a la plaza del Potro y la calle Lineros.<\/strong><br \/>&#13;<br \/>\n\u00a0<\/p>\n<p><em>Asun Luj\u00e1n, redactora de Viajes Nationwide Geographic<\/em><\/p>\n<\/div>\n<\/div>\n<div class=\"slide horizontal\" data-slide=\"19\" id=\"slide-19\">\n<figure class=\"thumb photo\">&#13;<\/p>\n<div class=\"photo-container\">\n<img loading=\"lazy\" decoding=\"async\" sizes=\"auto, 100vw\" srcset=\"https:\/\/news.google.com\/medio\/2019\/06\/07\/granada_2f7fd837_502x334.jpg 502w,https:\/\/news.google.com\/medio\/2019\/06\/07\/granada_d4b1aee2_752x501.jpg 752w,https:\/\/news.google.com\/medio\/2019\/06\/07\/granada_f0d029e5_1254x836.jpg 1254w\" src=\"https:\/\/news.google.com\/medio\/2019\/06\/07\/granada_f0d029e5_1254x836.jpg\" class=\"lazyload lazyload\" width=\"1254\" height=\"836\" data-aspectratio=\"1254\/836\"\/><noscript><img decoding=\"async\" src=\"https:\/\/news.google.com\/medio\/2019\/06\/07\/granada_f0d029e5_1254x836.jpg\"\/><\/noscript>\n<\/div>\n<p>&#13;<figcaption>&#13;&#13;<\/figcaption>&#13;<\/figure>\n<div class=\"txt\">\n<h3 class=\"title\">&#13;Granada<\/h3>\n<p><strong><a rel=\"nofollow noopener\" target=\"_blank\" href=\"https:\/\/viajes.nationalgeographic.com.es\/a\/viaje-a-secretos-y-curiosidades-alhambra_15511\">La Alhambra<\/a> es una maravilla refinada de la arquitectura. <\/strong>Para admirarla antes de conocerla, lo mejor es subir al barrio de muros y casas blancas del Albayc\u00edn, y all\u00ed buscar <strong>miradores como el de San Nicol\u00e1s, c<\/strong>on una vista del monumento con el marco pure de Sierra Nevada al fondo. Otra opci\u00f3n es buscar rincones escondidos con perspectivas menos conocidas, como las que se encuentran mientras se pasea por <strong>el empinado barrio del Sacromonte, <\/strong>lleno de cuevas donde antes se viv\u00eda y hoy se acude para cenar en restaurantes o para ver espect\u00e1culos y alg\u00fan museo de flamenco. La fortificada Alcazaba es la parte m\u00e1s antigua y austera del conjunto, de gran contraste con los delicados palacios nazar\u00edes, que fueron creados pensando en el deleite de los sultanes, con estancias decoradas con filigranas de estuco y patios refrescados por fuentes como la de los Leones. De esa \u00e9poca son tambi\u00e9n los jardines del Generalife, donde los juegos cantarines de agua acompa\u00f1an al visitante \u2013en verano son el escenario de un competition de m\u00fasica y danza\u2013. Es cierto que Granada no se entiende sin su Alhambra, pero la ciudad reclama envidiosa que descubramos sus otros atractivos: la Catedral, en cuyo inside se halla el mausoleo de los Reyes Cat\u00f3licos, los ba\u00f1os \u00e1rabes convertidos en\u00a0spa\u00a0donde relajarse, alguna de las teter\u00edas moriscas de la calle Calderer\u00eda, <strong>las casas con \u00abcarmen\u00bb o jard\u00edn donde cenar bajo las estrellas, <\/strong>sin descuidar coquetear con la tradici\u00f3n del tapeo, una pr\u00e1ctica que, como en el resto de Andaluc\u00eda, en Granada resulta inolvidable.<br \/>&#13;<br \/>\n\u00a0<\/p>\n<p>Asun Luj\u00e1n, redactora de Viajes Nationwide Geographic<\/p>\n<\/div>\n<\/div>\n<div class=\"slide horizontal\" data-slide=\"20\" id=\"slide-20\">\n<figure class=\"thumb photo\">&#13;<\/p>\n<div class=\"photo-container\">\n<img loading=\"lazy\" decoding=\"async\" sizes=\"auto, 100vw\" srcset=\"https:\/\/news.google.com\/medio\/2019\/06\/07\/selva-de-zilbeti_8e8dba0c_800x399.jpg 800w,https:\/\/news.google.com\/medio\/2019\/06\/07\/selva-de-zilbeti_0f548dee_1200x599.jpg 1200w,https:\/\/news.google.com\/medio\/2019\/06\/07\/selva-de-zilbeti_29d0de65_2000x999.jpg 2000w\" src=\"https:\/\/news.google.com\/medio\/2019\/06\/07\/selva-de-zilbeti_29d0de65_2000x999.jpg\" class=\"lazyload lazyload\" width=\"2000\" height=\"999\" data-aspectratio=\"2000\/999\"\/><noscript><img decoding=\"async\" src=\"https:\/\/news.google.com\/medio\/2019\/06\/07\/selva-de-zilbeti_29d0de65_2000x999.jpg\"\/><\/noscript>\n<\/div>\n<p>&#13;<figcaption>&#13;<\/p>\n<div class=\"txt\">\n<p class=\"copy\">Foto: Gari Bilbao<\/p>\n<p class=\"slide-number\">21  \/  50<\/p>\n<\/div>\n<p>&#13;<\/figcaption>&#13;<\/figure>\n<div class=\"txt\">\n<h3 class=\"title\">&#13;Hayedo de Zilbeti<\/h3>\n<p><strong>Tssssss, es un secreto. <\/strong>El poco conocido y maravilloso <strong>hayedo de Zilbeti <\/strong>estuvo a punto de ser destruido por los planes de una explotaci\u00f3n minera que quer\u00eda abrirse en la zona. Los vecinos se organizaron para mantener vivo su patrimonio pure y <strong>llegaron a pintar el cuadro del Guernica de Picasso en varios \u00e1rboles,<\/strong> de modo que, si se mira desde una perspectiva concreta, se puede observar el cuadro en su totalidad. Pasear entre esos vetustos \u00e1rboles, pisar sus hojas en oto\u00f1o y terminar viendo la obra maestra del artista malague\u00f1o es la mejor manera de conocer ya no solo un precioso paraje pure, sino tambi\u00e9n de <strong>sentir el amor de todo un pueblo al medio ambiente.\u00a0<\/strong><\/p>\n<p><em>Javier Flores, director digital de Nationwide Geographic.<\/em><\/p>\n<\/div>\n<\/div>\n<div class=\"slide horizontal\" data-slide=\"21\" id=\"slide-21\">\n<figure class=\"thumb photo\">&#13;<\/p>\n<div class=\"photo-container\">\n<img loading=\"lazy\" decoding=\"async\" sizes=\"auto, 100vw\" srcset=\"https:\/\/news.google.com\/medio\/2019\/06\/07\/bahia-de-cadiz_fbdd7a17_502x334.jpg 502w,https:\/\/news.google.com\/medio\/2019\/06\/07\/bahia-de-cadiz_f8aae520_752x501.jpg 752w,https:\/\/news.google.com\/medio\/2019\/06\/07\/bahia-de-cadiz_77afb77d_1254x836.jpg 1254w\" src=\"https:\/\/news.google.com\/medio\/2019\/06\/07\/bahia-de-cadiz_77afb77d_1254x836.jpg\" class=\"lazyload lazyload\" width=\"1254\" height=\"836\" data-aspectratio=\"1254\/836\"\/><noscript><img decoding=\"async\" src=\"https:\/\/news.google.com\/medio\/2019\/06\/07\/bahia-de-cadiz_77afb77d_1254x836.jpg\"\/><\/noscript>\n<\/div>\n<p>&#13;<figcaption>&#13;&#13;<\/figcaption>&#13;<\/figure>\n<div class=\"txt\">\n<h3 class=\"title\">&#13;Bah\u00eda de C\u00e1diz<\/h3>\n<p>La riqueza cultural, pure e hist\u00f3rica de la zona solo es comparable con la belleza y <strong>longitud de sus interminables playa<\/strong>s. Coronada por la capital de la provincia, C\u00e1diz, una de las urbes m\u00e1s antiguas de Europa, el resto de la zona de la bah\u00eda y sus alrededores esconde <a rel=\"nofollow noopener\" target=\"_blank\" href=\"https:\/\/viajes.nationalgeographic.com.es\/a\/pura-luz-mejores-playas-cadiz_14266\">playas<\/a> de la talla de<strong> el Palmar, Ca\u00f1os de Meca o Camposanto, <\/strong>ciudades hist\u00f3ricas como San Fernando y pueblos encantadores de casas blancas encaladas y amplios porches con hamacas y tumbonas. <strong>Calm down <em>made in<\/em> Andaluc\u00eda<\/strong><\/p>\n<p><em>Javier Flores, director digital de Nationwide Geographic.<\/em><\/p>\n<p><em><\/p>\n<section class=\"related-article-content relacionado\">\n<p class=\"relatedTitle\">Art\u00edculo relacionado<\/p>\n<p><a rel=\"nofollow noopener\" target=\"_blank\" href=\"https:\/\/news.google.com\/multimedia\/pueblos-mas-bonitos-cadiz_14698\" class=\"rel\"><\/p>\n<article class=\"article\">&#13;<\/p>\n<figure class=\"thumb\">&#13;<img decoding=\"async\" src=\"https:\/\/news.google.com\/medio\/2022\/04\/06\/olvera_1d82c08d_1280x720.jpg\" alt=\"Olvera\" class=\"imagenRelacionado lazyload\"\/><noscript><img decoding=\"async\" src=\"https:\/\/news.google.com\/medio\/2022\/04\/06\/olvera_1d82c08d_1280x720.jpg\" alt=\"Olvera\"\/><\/noscript>&#13;<\/figure>\n<p>&#13;<\/p>\n<div class=\"relacionadoTxt\">\n<p>&#13;<\/p>\n<h4 class=\"supertitle\">&#13;Indispensables<\/h4>\n<h4 class=\"title\">&#13;Los diez pueblos m\u00e1s bonitos de C\u00e1diz<\/h4>\n<p>&#13;<\/p>\n<\/div>\n<\/article>\n<p><\/a><\/section>\n<p><\/em><\/p>\n<\/div>\n<\/div>\n<div class=\"slide horizontal\" data-slide=\"22\" id=\"slide-22\">\n<figure class=\"thumb photo\">&#13;<\/p>\n<div class=\"photo-container\">\n<img loading=\"lazy\" decoding=\"async\" sizes=\"auto, 100vw\" srcset=\"https:\/\/news.google.com\/medio\/2019\/06\/07\/p-n-guadarrama_98130797_549x305.jpg 549w,https:\/\/news.google.com\/medio\/2019\/06\/07\/p-n-guadarrama_51a5058e_824x458.jpg 824w,https:\/\/news.google.com\/medio\/2019\/06\/07\/p-n-guadarrama_dd6043c8_1373x764.jpg 1373w\" src=\"https:\/\/news.google.com\/medio\/2019\/06\/07\/p-n-guadarrama_dd6043c8_1373x764.jpg\" class=\"lazyload lazyload\" width=\"1373\" height=\"764\" data-aspectratio=\"1373\/764\"\/><noscript><img decoding=\"async\" src=\"https:\/\/news.google.com\/medio\/2019\/06\/07\/p-n-guadarrama_dd6043c8_1373x764.jpg\"\/><\/noscript>\n<\/div>\n<p>&#13;<figcaption>&#13;&#13;<\/figcaption>&#13;<\/figure>\n<div class=\"txt\">\n<h3 class=\"title\">&#13;P. N. Guadarrama<\/h3>\n<p>&#13;<br \/>\nTras a\u00f1os de papeleos, reclamaciones, declaraciones de Impacto Ambiental se creo en 2013 el \u00faltimo de los <a rel=\"nofollow noopener\" target=\"_blank\" href=\"https:\/\/viajes.nationalgeographic.com.es\/a\/guia-15-parques-nacionales-espana_15250\">Parques Nacionales de Espa\u00f1a,<\/a> el PN de la Sierra de Guadarrama. Este <strong>para\u00edso pure situado al norte de Madrid y maltratado durante a\u00f1os por el urbanismo voraz<\/strong> goza ahora mismo de la m\u00e1xima figura de protecci\u00f3n en Espa\u00f1a. La maliciosa, la bola del mundo o el pico m\u00e1s alto del parque, el <strong>Pe\u00f1alara<\/strong>, con 2.428 metros de altura\u00a0son algunos de los enclaves donde pasear, correr, esquiar o recoger moras silvestres. Menci\u00f3n especial merece <strong>la Pedriza del Manzanares, ed\u00e9n para los escaladores, <\/strong>donde las rocas conforman extra\u00f1as figuras que permiten ser nombradas y reconocidas sin problemas: el p\u00e1jaro, el casco, el elefante son algunas de ellas. Una apuesta segura para los amantes de la naturaleza que visiten el centro de Espa\u00f1a.<br \/>&#13;<br \/>\n\u00a0<\/p>\n<p><em>Javier Flores, director digital de Nationwide Geographic.<\/em><\/p>\n<\/div>\n<\/div>\n<div class=\"slide horizontal\" data-slide=\"23\" id=\"slide-23\">\n<figure class=\"thumb photo\">&#13;<\/p>\n<div class=\"photo-container\">\n<img loading=\"lazy\" decoding=\"async\" sizes=\"auto, 100vw\" srcset=\"https:\/\/news.google.com\/medio\/2019\/06\/07\/pn-ordesa-y-monte-perdido_8223df1b_502x334.jpg 502w,https:\/\/news.google.com\/medio\/2019\/06\/07\/pn-ordesa-y-monte-perdido_c0fe0349_752x501.jpg 752w,https:\/\/news.google.com\/medio\/2019\/06\/07\/pn-ordesa-y-monte-perdido_f9427a2a_1254x836.jpg 1254w\" src=\"https:\/\/news.google.com\/medio\/2019\/06\/07\/pn-ordesa-y-monte-perdido_f9427a2a_1254x836.jpg\" class=\"lazyload lazyload\" width=\"1254\" height=\"836\" data-aspectratio=\"1254\/836\"\/><noscript><img decoding=\"async\" src=\"https:\/\/news.google.com\/medio\/2019\/06\/07\/pn-ordesa-y-monte-perdido_f9427a2a_1254x836.jpg\"\/><\/noscript>\n<\/div>\n<p>&#13;<figcaption>&#13;&#13;<\/figcaption>&#13;<\/figure>\n<div class=\"txt\">\n<h3 class=\"title\">&#13;P.N. Ordesa y Monte Perdido<\/h3>\n<p><strong>Desde la aragonesa poblaci\u00f3n de Torla ya se percibe el ambiente monta\u00f1ero del cercano <a rel=\"nofollow noopener\" target=\"_blank\" href=\"https:\/\/viajes.nationalgeographic.com.es\/a\/parque-nacional-ordesa-y-monte-perdido-rutas-y-lugares_8409\">Parque Nacional de Ordesa y Monte Perdido.<\/a> <\/strong>Este parque es uno de los abuelos de Espa\u00f1a, fue creado hace m\u00e1s de 100 a\u00f1os y junto al Parque Nacional de los Picos de Europa sentaron las bases del sistema de Parques Nacionales de nuestro pa\u00eds. El recorrido m\u00e1s recurring es el que acaba en el refugio G\u00f3riz tras recorrer la ca\u00edda del r\u00edo y <strong>superar la famosa \u201ccola de Caballo\u201d y las Gradas de Soaso. <\/strong>Los monta\u00f1eros m\u00e1s expertos suelen explorar sus vertiginosas \u201cfajas\u201d que recorren el ca\u00f1\u00f3n,<strong> acercarse a la brecha de Rolando<\/strong> desde la que admirar el franc\u00e9s circo de Gavarnie e incluso subir el punto m\u00e1s alto del parque, el Monte Perdido, con 3.355 metros de altura.<\/p>\n<p><em>Javier Flores, director digital de Nationwide Geographic<\/em><\/p>\n<\/div>\n<\/div>\n<div class=\"slide horizontal\" data-slide=\"24\" id=\"slide-24\">\n<figure class=\"thumb photo\">&#13;<\/p>\n<div class=\"photo-container\">\n<img loading=\"lazy\" decoding=\"async\" sizes=\"auto, 100vw\" srcset=\"https:\/\/news.google.com\/medio\/2019\/06\/07\/formentera_9ded00c9_502x334.jpg 502w,https:\/\/news.google.com\/medio\/2019\/06\/07\/formentera_9b2ff304_752x501.jpg 752w,https:\/\/news.google.com\/medio\/2019\/06\/07\/formentera_f95262d4_1254x836.jpg 1254w\" src=\"https:\/\/news.google.com\/medio\/2019\/06\/07\/formentera_f95262d4_1254x836.jpg\" class=\"lazyload lazyload\" width=\"1254\" height=\"836\" data-aspectratio=\"1254\/836\"\/><noscript><img decoding=\"async\" src=\"https:\/\/news.google.com\/medio\/2019\/06\/07\/formentera_f95262d4_1254x836.jpg\"\/><\/noscript>\n<\/div>\n<p>&#13;<figcaption>&#13;&#13;<\/figcaption>&#13;<\/figure>\n<div class=\"txt\">\n<h3 class=\"title\">&#13;Formentera<\/h3>\n<p>Esta peque\u00f1a isla en la zona occidental de las islas Baleares es un ed\u00e9n, <strong>sobre todo en los meses de mayo-junio y septiembre-octubre, cuando el tiempo todav\u00eda es bueno y las hordas de italianos estruendosos han vuelto al pa\u00eds de la bota tras sus vacaciones.<\/strong> Formentera es <a rel=\"nofollow noopener\" target=\"_blank\" href=\"https:\/\/viajes.nationalgeographic.com.es\/a\/cinco-rutas-imprescindibles-para-conocer-formentera-bicicleta_18303\"><strong>pasear en bicicleta<\/strong><\/a> como Paz Vega en <em>Luc\u00eda y el Sexo,<\/em> de Julio M\u00e9dem, descubrir sus cuevas, ba\u00f1arte en sus id\u00edlicas aguas y conocer a los pocos habitantes que tiene la isla que permanecen, cuan galos, resistiendo las embestidas de los turistas durante los meses estivales.<\/p>\n<p><em>Javier Flores, director digital de Nationwide Geographic.<\/em><\/p>\n<\/div>\n<\/div>\n<div class=\"slide horizontal\" data-slide=\"25\" id=\"slide-25\">\n<figure class=\"thumb photo\">&#13;<\/p>\n<div class=\"photo-container\">\n<img loading=\"lazy\" decoding=\"async\" sizes=\"auto, 100vw\" srcset=\"https:\/\/news.google.com\/medio\/2019\/06\/07\/delta-del-ebro_dbfed1a6_499x335.jpg 499w,https:\/\/news.google.com\/medio\/2019\/06\/07\/delta-del-ebro_933d2113_749x504.jpg 749w,https:\/\/news.google.com\/medio\/2019\/06\/07\/delta-del-ebro_29bcc8fc_1248x840.jpg 1248w\" src=\"https:\/\/news.google.com\/medio\/2019\/06\/07\/delta-del-ebro_29bcc8fc_1248x840.jpg\" class=\"lazyload lazyload\" width=\"1248\" height=\"840\" data-aspectratio=\"1248\/840\"\/><noscript><img decoding=\"async\" src=\"https:\/\/news.google.com\/medio\/2019\/06\/07\/delta-del-ebro_29bcc8fc_1248x840.jpg\"\/><\/noscript>\n<\/div>\n<p>&#13;<figcaption>&#13;&#13;<\/figcaption>&#13;<\/figure>\n<div class=\"txt\">\n<h3 class=\"title\">&#13;P.N. Delta del Ebro<\/h3>\n<p>El Delta del Ebro es <strong>un parque pure \u00fanico creado por el r\u00edo m\u00e1s caudaloso de Espa\u00f1a<\/strong> que deposita todos sus sedimentos en la costa mediterr\u00e1nea para crear un enclave pure sin parang\u00f3n en la Pen\u00ednsula.<strong> Las playas sin fin como la del Trabucador o la Punta de la Banya <\/strong>dan paso a los arrozales del inside que son a su vez fuente de recursos para sus habitantes y h\u00e1bitat pure para miles de especies de aves. Uno de los mejores planes es <strong>montar sobre la bicicleta y dejarse perder por los llanos caminos<\/strong> que transitan entre lagunas, casetas-observatorio de aves y pueblos de belleza serena y calmada.<\/p>\n<p><em>Guiomar Huguet, editora adjunta.<\/em><\/p>\n<\/div>\n<\/div>\n<div class=\"slide horizontal\" data-slide=\"26\" id=\"slide-26\">\n<figure class=\"thumb photo\">&#13;<\/p>\n<div class=\"photo-container\">\n<img loading=\"lazy\" decoding=\"async\" sizes=\"auto, 100vw\" srcset=\"https:\/\/news.google.com\/medio\/2019\/06\/07\/el-matarrana_9feac00c_502x334.jpg 502w,https:\/\/news.google.com\/medio\/2019\/06\/07\/el-matarrana_2972b91e_752x501.jpg 752w,https:\/\/news.google.com\/medio\/2019\/06\/07\/el-matarrana_2287cc43_1254x836.jpg 1254w\" src=\"https:\/\/news.google.com\/medio\/2019\/06\/07\/el-matarrana_2287cc43_1254x836.jpg\" class=\"lazyload lazyload\" width=\"1254\" height=\"836\" data-aspectratio=\"1254\/836\"\/><noscript><img decoding=\"async\" src=\"https:\/\/news.google.com\/medio\/2019\/06\/07\/el-matarrana_2287cc43_1254x836.jpg\"\/><\/noscript>\n<\/div>\n<p>&#13;<figcaption>&#13;&#13;<\/figcaption>&#13;<\/figure>\n<div class=\"txt\">\n<h3 class=\"title\">&#13;El Matarra\u00f1a<\/h3>\n<p>La comarca aragonesa del Matarra\u00f1a\u00a0permite<strong> sentir la aut\u00e9ntica vida de campo<\/strong>, donde aldeas y pueblos transmiten esa sensaci\u00f3n de que el tiempo se detuvo a\u00f1os atr\u00e1s. Las carreteras transitan entre suaves colinas conectando <strong>localidades como <a rel=\"nofollow noopener\" target=\"_blank\" href=\"https:\/\/viajes.nationalgeographic.com.es\/a\/como-matarrana-se-ha-convertido-comarca-moda_15966\">Calaceite<\/a>, Valderrobres o <a rel=\"nofollow noopener\" target=\"_blank\" href=\"https:\/\/viajes.nationalgeographic.com.es\/a\/beceite-y-matarrana-mas-natural_16887\">Beceite<\/a> <\/strong>estrat\u00e9gicamente situadas en una elevaci\u00f3n defensivas y cuyas calles exigen un esfuerzo additional de piernas. Algo que puede verse recompensado con una ruta de <em>trekking<\/em> por alguno de los para\u00edsos naturales que crea el agua del r\u00edo en los ca\u00f1ones, pozas y saltos que salpican toda la zona.<\/p>\n<p><em>Guiomar Huguet, editora adjunta.<\/em><\/p>\n<\/div>\n<\/div>\n<div class=\"slide horizontal\" data-slide=\"27\" id=\"slide-27\">\n<figure class=\"thumb photo\">&#13;<\/p>\n<div class=\"photo-container\">\n<img loading=\"lazy\" decoding=\"async\" sizes=\"auto, 100vw\" srcset=\"https:\/\/news.google.com\/medio\/2019\/06\/07\/cabo-de-gata_fa9c2c45_502x334.jpg 502w,https:\/\/news.google.com\/medio\/2019\/06\/07\/cabo-de-gata_d3bad1ac_752x501.jpg 752w,https:\/\/news.google.com\/medio\/2019\/06\/07\/cabo-de-gata_0e76ad64_1254x836.jpg 1254w\" src=\"https:\/\/news.google.com\/medio\/2019\/06\/07\/cabo-de-gata_0e76ad64_1254x836.jpg\" class=\"lazyload lazyload\" width=\"1254\" height=\"836\" data-aspectratio=\"1254\/836\"\/><noscript><img decoding=\"async\" src=\"https:\/\/news.google.com\/medio\/2019\/06\/07\/cabo-de-gata_0e76ad64_1254x836.jpg\"\/><\/noscript>\n<\/div>\n<p>&#13;<figcaption>&#13;&#13;<\/figcaption>&#13;<\/figure>\n<div class=\"txt\">\n<h3 class=\"title\">&#13;Cabo de Gata<\/h3>\n<p>Tomar como campo base cualquiera de sus pueblos blancos como<strong> Moj\u00e1car, N\u00edjar, San Jos\u00e9 o Carboneras<\/strong> es una de las mejores decisiones para lanzarse a descubrir un Parque Pure que regala paisajes de pel\u00edcula. <strong>La playa de los Genoveses, la de los Muertos o la playa de M\u00f3nsul s<\/strong>on algunos de los ejemplos de su belleza pure, cuya guinda puede contemplarse en el Arrecife de las Sirenas, junto al faro del Cabo de Gata. El origen volc\u00e1nico del parque le dota de un aspecto salvaje acentuado por las llanuras des\u00e9rticas que lo rodean. <strong>Un c\u00f3ctel inolvidable.<\/strong><\/p>\n<p><em>Guiomar Huguet, editora adjunta.<\/em><\/p>\n<p><em><\/p>\n<section class=\"related-article-content relacionado\">\n<p class=\"relatedTitle\">Art\u00edculo relacionado<\/p>\n<p><a rel=\"nofollow noopener\" target=\"_blank\" href=\"https:\/\/news.google.com\/a\/nijar-y-cabo-gata-asi-es-almeria-mas-verdadera-y-desnuda_16630\" class=\"rel\"><\/p>\n<article class=\"article\">&#13;<\/p>\n<figure class=\"thumb\">&#13;<img decoding=\"async\" src=\"https:\/\/news.google.com\/medio\/2022\/06\/15\/cabo-de-gata_f5e0ad4d_1280x720.jpg\" alt=\"Cabo de Gata\" class=\"imagenRelacionado lazyload\"\/><noscript><img decoding=\"async\" src=\"https:\/\/news.google.com\/medio\/2022\/06\/15\/cabo-de-gata_f5e0ad4d_1280x720.jpg\" alt=\"Cabo de Gata\"\/><\/noscript>&#13;<\/figure>\n<p>&#13;<\/p>\n<div class=\"relacionadoTxt\">\n<p>&#13;<\/p>\n<h4 class=\"supertitle\">&#13;Inspirados por Goytisolo<\/h4>\n<h4 class=\"title\">&#13;N\u00edjar y Cabo de Gata: as\u00ed es la Almer\u00eda m\u00e1s \u00abverdadera y desnuda\u00bb<\/h4>\n<p>&#13;<\/p>\n<\/div>\n<\/article>\n<p><\/a><\/section>\n<p><\/em><\/p>\n<\/div>\n<\/div>\n<div class=\"slide horizontal\" data-slide=\"28\" id=\"slide-28\">\n<figure class=\"thumb photo\">&#13;<\/p>\n<div class=\"photo-container\">\n<img loading=\"lazy\" decoding=\"async\" sizes=\"auto, 100vw\" srcset=\"https:\/\/news.google.com\/medio\/2019\/06\/07\/rias-baixas_8655ab03_502x335.jpg 502w,https:\/\/news.google.com\/medio\/2019\/06\/07\/rias-baixas_94e5c6ea_752x501.jpg 752w,https:\/\/news.google.com\/medio\/2019\/06\/07\/rias-baixas_a504c928_1254x837.jpg 1254w\" src=\"https:\/\/news.google.com\/medio\/2019\/06\/07\/rias-baixas_a504c928_1254x837.jpg\" class=\"lazyload lazyload\" width=\"1254\" height=\"837\" data-aspectratio=\"1254\/837\"\/><noscript><img decoding=\"async\" src=\"https:\/\/news.google.com\/medio\/2019\/06\/07\/rias-baixas_a504c928_1254x837.jpg\"\/><\/noscript>\n<\/div>\n<p>&#13;<figcaption>&#13;&#13;<\/figcaption>&#13;<\/figure>\n<div class=\"txt\">\n<h3 class=\"title\">&#13;R\u00edas Baixas<\/h3>\n<p>Las <a rel=\"nofollow noopener\" target=\"_blank\" href=\"https:\/\/viajes.nationalgeographic.com.es\/a\/rias-baixas-18-lugares-que-todo-viajero-tiene-que-conocer_18358\">R\u00edas Baixas<\/a> son<strong> tradici\u00f3n, naturaleza, paisajes y buen comer a partes iguales. <\/strong>Las dos ciudades de referencia son Vigo y Pontevedra, ambas a orillas de r\u00eda y con vitales cascos antiguos entre los que se esconden las mejores barras donde saborear el producto del mar. Pero adem\u00e1s, en los peque\u00f1os pueblos pesqueros a\u00fan puede sentirse la esencia de <strong>un litoral que podr\u00eda recorrerse saltando de faro en faro hasta terminar en las <a rel=\"nofollow noopener\" target=\"_blank\" href=\"https:\/\/viajes.nationalgeographic.com.es\/a\/todo-sobre-islas-cies-que-ver-y-como-visitar-este-paraiso-gallego_18373\">Islas C\u00edes,<\/a> <\/strong>parte del Parque Nacional de las Islas Atl\u00e1nticas.<\/p>\n<p><em>Guiomar Huguet, editora adjunta.<\/em><\/p>\n<\/div>\n<\/div>\n<div class=\"slide horizontal\" data-slide=\"29\" id=\"slide-29\">\n<figure class=\"thumb photo\">&#13;<\/p>\n<div class=\"photo-container\">\n<img loading=\"lazy\" decoding=\"async\" sizes=\"auto, 100vw\" srcset=\"https:\/\/news.google.com\/medio\/2019\/06\/07\/soria_c1ce00ec_503x333.jpg 503w,https:\/\/news.google.com\/medio\/2019\/06\/07\/soria_8912f4cc_755x499.jpg 755w,https:\/\/news.google.com\/medio\/2019\/06\/07\/soria_340fd3c5_1258x833.jpg 1258w\" src=\"https:\/\/news.google.com\/medio\/2019\/06\/07\/soria_340fd3c5_1258x833.jpg\" class=\"lazyload lazyload\" width=\"1258\" height=\"833\" data-aspectratio=\"1258\/833\"\/><noscript><img decoding=\"async\" src=\"https:\/\/news.google.com\/medio\/2019\/06\/07\/soria_340fd3c5_1258x833.jpg\"\/><\/noscript>\n<\/div>\n<p>&#13;<figcaption>&#13;&#13;<\/figcaption>&#13;<\/figure>\n<div class=\"txt\">\n<h3 class=\"title\">&#13;Soria<\/h3>\n<p>Para cualquier persona no iniciada en el turismo soriano esta opci\u00f3n puede parecer, a priori, secundaria. Nada m\u00e1s lejos. <strong>Los campos de Soria que cant\u00f3 Machado as\u00ed como las animadas calles de su ciudad tienen un sinf\u00edn de ofertas para los viajeros: <\/strong>desde un salto en el tiempo hasta la Antig\u00fcedad romana y la resistencia de los numantinos frente al gran Imperio hasta una<strong> ruta enol\u00f3gica por la ribera del Duero, <\/strong>pasando por fortalezas medievales como el espectacular castillo de Gormaz o rutas senderistas por el Parque Pure del <strong>Ca\u00f1\u00f3n del R\u00edo Lobos. <\/strong>Una delicia de destino que combina naturaleza, cultura y gastronom\u00eda. \u00bfQu\u00e9 m\u00e1s se puede pedir?<\/p>\n<p>\u00a0<\/p>\n<p>Guiomar Huguet, editora adjunta.<\/p>\n<\/div>\n<\/div>\n<div class=\"slide horizontal\" data-slide=\"30\" id=\"slide-30\">\n<figure class=\"thumb photo\">&#13;<\/p>\n<div class=\"photo-container\">\n<img loading=\"lazy\" decoding=\"async\" sizes=\"auto, 100vw\" srcset=\"https:\/\/news.google.com\/medio\/2019\/06\/07\/sierra-de-la-tramuntana_f08e7989_502x334.jpg 502w,https:\/\/news.google.com\/medio\/2019\/06\/07\/sierra-de-la-tramuntana_bfb17358_752x501.jpg 752w,https:\/\/news.google.com\/medio\/2019\/06\/07\/sierra-de-la-tramuntana_4389e075_1254x836.jpg 1254w\" src=\"https:\/\/news.google.com\/medio\/2019\/06\/07\/sierra-de-la-tramuntana_4389e075_1254x836.jpg\" class=\"lazyload lazyload\" width=\"1254\" height=\"836\" data-aspectratio=\"1254\/836\"\/><noscript><img decoding=\"async\" src=\"https:\/\/news.google.com\/medio\/2019\/06\/07\/sierra-de-la-tramuntana_4389e075_1254x836.jpg\"\/><\/noscript>\n<\/div>\n<p>&#13;<figcaption>&#13;&#13;<\/figcaption>&#13;<\/figure>\n<div class=\"txt\">\n<h3 class=\"title\">&#13;Sierra de la Tramuntana<\/h3>\n<p>Un viento le dio nombre, pero su esencia es p\u00e9trea. La sierra de Tramuntana se extiende en la costa occidental de Mallorca <strong>como una columna vertebral de la isla: <\/strong>desde Estellenc al Cabo de Formentor, pasando por su punto m\u00e1s alto, el Puig Main, a 1.445 metros. Mientras la mayor\u00eda de miradas se dirigen a la costa sur, donde las playas son m\u00e1s d\u00f3ciles, este paisaje cultural, declarado patrimonio mundial por la Unesco en 2011, se abre como un universo propio en la isla en el que descubrir pueblos bohemios como <strong>el <a rel=\"nofollow noopener\" target=\"_blank\" href=\"https:\/\/viajes.nationalgeographic.com.es\/a\/deia-destino-secreto-julio-cortazar_17033\">Dei\u00e0<\/a> de Robert Graves,<\/strong> playas sorprendentes como la cala del Torrent de Pareis, faros o carreteras que por s\u00ed solas ya son todo un espect\u00e1culo. A\u00fan se siente el eco de <strong>personajes m\u00edticos como George Sand, Chopin y el archiduque Luis Salvador de Habsburgo, <\/strong>quien puso en primera l\u00ednea del turismo del S. XIX a la isla de Mallorca.<\/p>\n<p>Jos\u00e9 Alejandro Adamuz, editor colaborador digital de Viajes Nationwide Geographic.<\/p>\n<\/div>\n<\/div>\n<div class=\"slide horizontal\" data-slide=\"31\" id=\"slide-31\">\n<figure class=\"thumb photo\">&#13;<\/p>\n<div class=\"photo-container\">\n<img loading=\"lazy\" decoding=\"async\" sizes=\"auto, 100vw\" srcset=\"https:\/\/news.google.com\/medio\/2019\/06\/07\/costa-quebrada-cantabria_e2094021_502x334.jpg 502w,https:\/\/news.google.com\/medio\/2019\/06\/07\/costa-quebrada-cantabria_4f9a9f6e_752x501.jpg 752w,https:\/\/news.google.com\/medio\/2019\/06\/07\/costa-quebrada-cantabria_8d6894d2_1254x836.jpg 1254w\" src=\"https:\/\/news.google.com\/medio\/2019\/06\/07\/costa-quebrada-cantabria_8d6894d2_1254x836.jpg\" class=\"lazyload lazyload\" width=\"1254\" height=\"836\" data-aspectratio=\"1254\/836\"\/><noscript><img decoding=\"async\" src=\"https:\/\/news.google.com\/medio\/2019\/06\/07\/costa-quebrada-cantabria_8d6894d2_1254x836.jpg\"\/><\/noscript>\n<\/div>\n<p>&#13;<figcaption>&#13;&#13;<\/figcaption>&#13;<\/figure>\n<div class=\"txt\">\n<h3 class=\"title\">&#13;Costa Quebrada (Cantabria)&#13;<\/h3>\n<p>Es de car\u00e1cter monta\u00f1\u00e9s; y sin embargo, <strong>Cantabria puede sacar pecho sin complejo de tener uno de los litorales m\u00e1s bellos de Espa\u00f1a. <\/strong>Dir\u00edase que su especial morfolog\u00eda tiene un origen m\u00edtico: hace unos 100 millones de a\u00f1os, la Pen\u00ednsula Ib\u00e9rica rot\u00f3 con relaci\u00f3n al continente abri\u00e9ndose espacio as\u00ed para el mar Cant\u00e1brico y dando lugar a los caracter\u00edsticos pliegues de este litoral. Se podr\u00eda decir que <strong>el paisaje excepcional de la Costa Quebrada es el testimonio de la eterna lucha entre el mar y la tierra.<\/strong> El Parque Geol\u00f3gico de Costa Quebrada se desarrolla a lo largo de unos 20 kil\u00f3metros, en los que se encuentran<strong> playas esc\u00e9nicas como la de Arn\u00eda con sus espectaculares flysch, <\/strong>o playa del Madero, mucho m\u00e1s rec\u00f3ndita, acantilados de horizontes tremendos, yacimientos prehist\u00f3ricos y afloramientos rocosos que parecen lienzos.<\/p>\n<p><em>Jos\u00e9 Alejandro Adamuz, editor colaborador digital de Viajes Nationwide Geographic.<\/em><\/p>\n<p><em><\/p>\n<section class=\"related-article-content relacionado\">\n<p class=\"relatedTitle\">Art\u00edculo relacionado<\/p>\n<p><a rel=\"nofollow noopener\" target=\"_blank\" href=\"https:\/\/news.google.com\/a\/costa-quebrada-geoparque-mundial-guia_15147\" class=\"rel\"><\/p>\n<article class=\"article\">&#13;<\/p>\n<figure class=\"thumb\">&#13;<img decoding=\"async\" src=\"https:\/\/news.google.com\/medio\/2020\/02\/05\/istock-1018660000_8fe22fc5_1280x720.jpg\" alt=\"iStock-1018660000\" class=\"imagenRelacionado lazyload\"\/><noscript><img decoding=\"async\" src=\"https:\/\/news.google.com\/medio\/2020\/02\/05\/istock-1018660000_8fe22fc5_1280x720.jpg\" alt=\"iStock-1018660000\"\/><\/noscript>&#13;<\/figure>\n<p>&#13;<\/p>\n<div class=\"relacionadoTxt\">\n<p>&#13;<\/p>\n<h4 class=\"supertitle\">&#13;Reconocimiento y protecci\u00f3n<\/h4>\n<h4 class=\"title\">&#13;Costa Quebrada, donde el tiempo se lee (y se contempla)&#13;<br \/>\n<\/h4>\n<p>&#13;<\/p>\n<\/div>\n<\/article>\n<p><\/a><\/section>\n<p><\/em><\/p>\n<\/div>\n<\/div>\n<div class=\"slide horizontal\" data-slide=\"32\" id=\"slide-32\">\n<figure class=\"thumb photo\">&#13;<\/p>\n<div class=\"photo-container\">\n<img loading=\"lazy\" decoding=\"async\" sizes=\"auto, 100vw\" srcset=\"https:\/\/news.google.com\/medio\/2019\/06\/07\/leon_a4b0edc9_410x410.jpg 410w,https:\/\/news.google.com\/medio\/2019\/06\/07\/leon_e2e83ca9_614x614.jpg 614w,https:\/\/news.google.com\/medio\/2019\/06\/07\/leon_66a7a683_1024x1024.jpg 1024w\" src=\"https:\/\/news.google.com\/medio\/2019\/06\/07\/leon_66a7a683_1024x1024.jpg\" class=\"lazyload lazyload\" width=\"1024\" height=\"1024\" data-aspectratio=\"1024\/1024\"\/><noscript><img decoding=\"async\" src=\"https:\/\/news.google.com\/medio\/2019\/06\/07\/leon_66a7a683_1024x1024.jpg\"\/><\/noscript>\n<\/div>\n<p>&#13;<figcaption>&#13;&#13;<\/figcaption>&#13;<\/figure>\n<div class=\"txt\">\n<h3 class=\"title\">&#13;Le\u00f3n<\/h3>\n<p>Hay un punto en el callejero que outline exactamente lo que es la ciudad de Le\u00f3n. Se trata de<strong> la confluencia entre Avenida Ram\u00f3n y Cajal y la Calle Ru\u00edz de Salazar,<\/strong> en pleno centro. All\u00ed, aparecen de un solo vistazo para el visitante cerca de dos mil a\u00f1os de historia: al norte, en primer t\u00e9rmino, la torre rom\u00e1nica de San Isidoro (S. XI y XII), un poco m\u00e1s lejos, el mejor tramo conservado de la segunda muralla romana (S. III); Al sur, el Palacio de los Guzmanes (S. XVI) <strong>y la fantas\u00eda medieval de la Casa Botines (S. XIX) que dise\u00f1\u00f3 Gaud\u00ed para Le\u00f3n. <\/strong>Y a esta lecci\u00f3n magistral, hay que sumarle todo lo bien que se come y se bebe, el ambiente pausado de las calles del barrio H\u00famedo o del Rom\u00e1ntico y la mirada al presente, y al futuro, del barrio Period de Renueva con ejemplos de arquitectura contempor\u00e1nea, <strong>como el colorido Museo de Arte Contempor\u00e1neo de Castilla y Le\u00f3n (MUSAC).<\/strong><\/p>\n<p><em>Jos\u00e9 Alejandro Adamuz, editor colaborador digital de Viajes Nationwide Geographic.<\/em><\/p>\n<\/div>\n<\/div>\n<div class=\"slide horizontal\" data-slide=\"33\" id=\"slide-33\">\n<figure class=\"thumb photo\">&#13;<\/p>\n<div class=\"photo-container\">\n<img loading=\"lazy\" decoding=\"async\" sizes=\"auto, 100vw\" srcset=\"https:\/\/news.google.com\/medio\/2019\/06\/07\/sevilla_9c0a4192_502x335.jpg 502w,https:\/\/news.google.com\/medio\/2019\/06\/07\/sevilla_68288244_752x501.jpg 752w,https:\/\/news.google.com\/medio\/2019\/06\/07\/sevilla_be5498b8_1254x837.jpg 1254w\" src=\"https:\/\/news.google.com\/medio\/2019\/06\/07\/sevilla_be5498b8_1254x837.jpg\" class=\"lazyload lazyload\" width=\"1254\" height=\"837\" data-aspectratio=\"1254\/837\"\/><noscript><img decoding=\"async\" src=\"https:\/\/news.google.com\/medio\/2019\/06\/07\/sevilla_be5498b8_1254x837.jpg\"\/><\/noscript>\n<\/div>\n<p>&#13;<figcaption>&#13;&#13;<\/figcaption>&#13;<\/figure>\n<div class=\"txt\">\n<h3 class=\"title\">&#13;Sevilla<\/h3>\n<p><a rel=\"nofollow noopener\" target=\"_blank\" href=\"https:\/\/viajes.nationalgeographic.com.es\/a\/sevilla-guia-para-quien-cree-que-ha-visto-todo_18098\">Sevilla<\/a> sorprende y tiene mucho shade\u2026 Y no es un t\u00f3pico. Es dif\u00edcil conjurar todos los lugares comunes que van del flamenco, las tapas o los naranjos a la arquitectura mud\u00e9jar, pero lo cierto es que hay vida m\u00e1s all\u00e1 de todo eso.<strong> La visita a la Catedral y el Actual Alc\u00e1zar y a la Plaza Espa\u00f1a siguen siendo imprescindibles, <\/strong>pero ah\u00ed est\u00e1n tambi\u00e9n otros muchos planes para ir descubriendo poco a poco todas las ciudades que hay en realidad en Sevilla: las vistas a la Giralda desde la peatonal plaza de la Alianza al caer la noche, <strong>las ic\u00f3nicas Setas del arquitecto alem\u00e1n J\u00fcrgen Mayer, <\/strong>una cerveza artesanal con altramuces o un paseo por <strong>el Centro Andaluz de Arte Contempor\u00e1neo para ver la Alicia de Cristina Lucas rompen con los clich\u00e9s m\u00e1s oxidados de la ciudad.<\/strong><\/p>\n<p>\u00a0<\/p>\n<p><em>Jos\u00e9 Alejandro Adamuz, editor colaborador digital de Viajes Nationwide Geographic.<\/em><\/p>\n<\/div>\n<\/div>\n<div class=\"slide horizontal\" data-slide=\"34\" id=\"slide-34\">\n<figure class=\"thumb photo\">&#13;<\/p>\n<div class=\"photo-container\">\n<img loading=\"lazy\" decoding=\"async\" sizes=\"auto, 100vw\" srcset=\"https:\/\/news.google.com\/medio\/2019\/06\/07\/priorat_d4d7353f_502x334.jpg 502w,https:\/\/news.google.com\/medio\/2019\/06\/07\/priorat_9b179ffa_752x501.jpg 752w,https:\/\/news.google.com\/medio\/2019\/06\/07\/priorat_116dd8e7_1254x836.jpg 1254w\" src=\"https:\/\/news.google.com\/medio\/2019\/06\/07\/priorat_116dd8e7_1254x836.jpg\" class=\"lazyload lazyload\" width=\"1254\" height=\"836\" data-aspectratio=\"1254\/836\"\/><noscript><img decoding=\"async\" src=\"https:\/\/news.google.com\/medio\/2019\/06\/07\/priorat_116dd8e7_1254x836.jpg\"\/><\/noscript>\n<\/div>\n<p>&#13;<figcaption>&#13;&#13;<\/figcaption>&#13;<\/figure>\n<div class=\"txt\">\n<h3 class=\"title\">&#13;Priorat<\/h3>\n<p>P<strong>ocos paisajes del vino en los que la voluntad haya vencido tantos problemas como este rinc\u00f3n del inside de la Costa Daurada.<\/strong> Se podr\u00eda decir que con los monjes que llegaron de Provenza para fundar la <strong>Cartuja de Escaladei <\/strong>lleg\u00f3 el vino a esta regi\u00f3n de orograf\u00eda escarpada. Precisamente, el secreto de esta denominaci\u00f3n de origen est\u00e1 en sus vi\u00f1as en pendientes que parecen querer tocar el cielo y que hacen madurar la uva en un clima extremo. Son vinos tan personales que muchos en\u00f3logos pueden llegar a diferenciar de que vi\u00f1a exacta es cada uno de los caldos. Por toda esta cultura, su entorno pure,<strong> los bellos pueblos, los hoteles con encanto y el lujo gastron\u00f3mico,<\/strong> es una de las eternas candidatas catalanas a Patrimonio de la Humanidad.<\/p>\n<p><em>Jos\u00e9 Alejandro Adamuz, editor colaborador digital de Viajes Nationwide Geographic.<\/em><\/p>\n<p><em><\/p>\n<section class=\"related-article-content relacionado\">\n<p class=\"relatedTitle\">Art\u00edculo relacionado<\/p>\n<p><a rel=\"nofollow noopener\" target=\"_blank\" href=\"https:\/\/news.google.com\/gastronomia\/diez-bodegas-clave-para-disfrutar-priorat_18516\" class=\"rel\"><\/p>\n<article class=\"article\">&#13;<\/p>\n<figure class=\"thumb\">&#13;<img decoding=\"async\" src=\"https:\/\/news.google.com\/medio\/2022\/09\/08\/ferrer3_379d417c_1280x720.jpg\" alt=\"ferrer3\" class=\"imagenRelacionado lazyload\"\/><noscript><img decoding=\"async\" src=\"https:\/\/news.google.com\/medio\/2022\/09\/08\/ferrer3_379d417c_1280x720.jpg\" alt=\"ferrer3\"\/><\/noscript>&#13;<\/figure>\n<p>&#13;<\/p>\n<div class=\"relacionadoTxt\">\n<p>&#13;<\/p>\n<h4 class=\"supertitle\">&#13;Di-vino<\/h4>\n<h4 class=\"title\">&#13;Diez bodegas clave para disfrutar del Priorat<\/h4>\n<p>&#13;<\/p>\n<\/div>\n<\/article>\n<p><\/a><\/section>\n<p><\/em><\/p>\n<\/div>\n<\/div>\n<div class=\"slide horizontal\" data-slide=\"35\" id=\"slide-35\">\n<figure class=\"thumb photo\">&#13;<\/p>\n<div class=\"photo-container\">\n<img loading=\"lazy\" decoding=\"async\" sizes=\"auto, 100vw\" srcset=\"https:\/\/news.google.com\/medio\/2019\/06\/07\/gijon_12cc8f83_502x334.jpg 502w,https:\/\/news.google.com\/medio\/2019\/06\/07\/gijon_f22aba5e_752x501.jpg 752w,https:\/\/news.google.com\/medio\/2019\/06\/07\/gijon_a8ae6291_1254x836.jpg 1254w\" src=\"https:\/\/news.google.com\/medio\/2019\/06\/07\/gijon_a8ae6291_1254x836.jpg\" class=\"lazyload lazyload\" width=\"1254\" height=\"836\" data-aspectratio=\"1254\/836\"\/><noscript><img decoding=\"async\" src=\"https:\/\/news.google.com\/medio\/2019\/06\/07\/gijon_a8ae6291_1254x836.jpg\"\/><\/noscript>\n<\/div>\n<p>&#13;<figcaption>&#13;&#13;<\/figcaption>&#13;<\/figure>\n<div class=\"txt\">\n<h3 class=\"title\">&#13;Gij\u00f3n<\/h3>\n<p>En cualquier \u00e9poca del a\u00f1o, a\u00fan con la fina lluvia que es tan recurring por el norte, apetece un delicioso paseo junto al mar<strong>. Pasar por la conocida playa de San Lorenzo, entre la iglesia de San Pedro y el yacimiento de la antigua ciudad romana de Gigia,<\/strong> y acabar en el Cerro de Santa Catalina, desde donde disfrutar de unas espectaculares vistas a los pies de la enorme escultura de Eduardo Chillida, el Elogio del Horizonte. <strong>El barrio de Cimadevilla, <\/strong>el m\u00e1s antiguo de Gij\u00f3n, ofrece multitud de sidrer\u00edas y tabernas en las que degustar de su rica gastronom\u00eda y de un cul\u00edn, o m\u00e1s de uno, de la bebida m\u00e1s conocida de Asturias.<\/p>\n<p><em>Sandra Dom\u00e8nech, coordinadora editorial de Viajes Nationwide Geographic.<\/em><\/p>\n<p><em><\/p>\n<section class=\"related-article-content relacionado\">\n<p class=\"relatedTitle\">Art\u00edculo relacionado<\/p>\n<p><a rel=\"nofollow noopener\" target=\"_blank\" href=\"https:\/\/news.google.com\/a\/escapada-48-horas-a-gijon_13699\" class=\"rel\"><\/p>\n<article class=\"article\">&#13;<\/p>\n<figure class=\"thumb\">&#13;<img decoding=\"async\" src=\"https:\/\/news.google.com\/medio\/2018\/12\/20\/atardecer-entre-sidras_a0c9005b_1280x720.jpg\" alt=\"Atardecer-entre-sidras\" class=\"imagenRelacionado lazyload\"\/><noscript><img decoding=\"async\" src=\"https:\/\/news.google.com\/medio\/2018\/12\/20\/atardecer-entre-sidras_a0c9005b_1280x720.jpg\" alt=\"Atardecer-entre-sidras\"\/><\/noscript>&#13;<\/figure>\n<p>&#13;<\/p>\n<div class=\"relacionadoTxt\">\n<p>&#13;<\/p>\n<h4 class=\"supertitle\">&#13;Asturias<\/h4>\n<h4 class=\"title\">&#13;48 horas en Gij\u00f3n<\/h4>\n<p>&#13;<\/p>\n<\/div>\n<\/article>\n<p><\/a><\/section>\n<p><\/em><\/p>\n<\/div>\n<\/div>\n<div class=\"slide horizontal\" data-slide=\"36\" id=\"slide-36\">\n<figure class=\"thumb photo\">&#13;<\/p>\n<div class=\"photo-container\">\n<img loading=\"lazy\" decoding=\"async\" sizes=\"auto, 100vw\" srcset=\"https:\/\/news.google.com\/medio\/2019\/06\/07\/mazarron_b666fa14_502x334.jpg 502w,https:\/\/news.google.com\/medio\/2019\/06\/07\/mazarron_4917071b_752x501.jpg 752w,https:\/\/news.google.com\/medio\/2019\/06\/07\/mazarron_4a13c4a2_1254x836.jpg 1254w\" src=\"https:\/\/news.google.com\/medio\/2019\/06\/07\/mazarron_4a13c4a2_1254x836.jpg\" class=\"lazyload lazyload\" width=\"1254\" height=\"836\" data-aspectratio=\"1254\/836\"\/><noscript><img decoding=\"async\" src=\"https:\/\/news.google.com\/medio\/2019\/06\/07\/mazarron_4a13c4a2_1254x836.jpg\"\/><\/noscript>\n<\/div>\n<p>&#13;<figcaption>&#13;&#13;<\/figcaption>&#13;<\/figure>\n<div class=\"txt\">\n<h3 class=\"title\">&#13;Mazarr\u00f3n<\/h3>\n<p>El destacable patrimonio arqueol\u00f3gico y la asombrosa naturaleza de Mazarr\u00f3n son importantes alicientes para considerar<strong> este municipio de la costa murciana como un destino para este verano. <\/strong>Claro que tambi\u00e9n est\u00e1n los <strong>35 kil\u00f3metros de playa, <\/strong>la maravillosa vida marina y una gastronom\u00eda basada en los productos de la huerta y el mar. Y a\u00fan hay m\u00e1s: <strong>las erosiones de Bolnuevo,<\/strong> en la playa de mismo nombre, unas caprichosas formaciones de roca talladas y moldeadas por el agua y el viento que configuran un paisaje \u00fanico. Adem\u00e1s, en la bah\u00eda de Mazarr\u00f3n se halla la \u00faltima almadraba del levante espa\u00f1ol,\u00a0un sistema antiqu\u00edsimo de pesca sostenible.<\/p>\n<p><em>Sandra Dom\u00e8nech, coordinadora editorial de Viajes Nationwide Geographic.<\/em><\/p>\n<\/div>\n<\/div>\n<div class=\"slide horizontal\" data-slide=\"37\" id=\"slide-37\">\n<figure class=\"thumb photo\">&#13;<\/p>\n<div class=\"photo-container\">\n<img loading=\"lazy\" decoding=\"async\" sizes=\"auto, 100vw\" srcset=\"https:\/\/news.google.com\/medio\/2019\/06\/07\/la-graciosa_82c1a201_502x334.jpg 502w,https:\/\/news.google.com\/medio\/2019\/06\/07\/la-graciosa_be6eb2ed_752x501.jpg 752w,https:\/\/news.google.com\/medio\/2019\/06\/07\/la-graciosa_ddfe6352_1254x836.jpg 1254w\" src=\"https:\/\/news.google.com\/medio\/2019\/06\/07\/la-graciosa_ddfe6352_1254x836.jpg\" class=\"lazyload lazyload\" width=\"1254\" height=\"836\" data-aspectratio=\"1254\/836\"\/><noscript><img decoding=\"async\" src=\"https:\/\/news.google.com\/medio\/2019\/06\/07\/la-graciosa_ddfe6352_1254x836.jpg\"\/><\/noscript>\n<\/div>\n<p>&#13;<figcaption>&#13;&#13;<\/figcaption>&#13;<\/figure>\n<div class=\"txt\">\n<h3 class=\"title\">&#13;La Graciosa<\/h3>\n<p>A esta peque\u00f1a isla del archipi\u00e9lago de Chinijo se llega cogiendo un barco desde el puerto de \u00d3rzola, en Lanzarote. Un viaje de apenas media hora para disfrutar del para\u00edso, sin carreteras asfaltadas y con las calles llenas de enviornment.<strong> Caminar, alquilar una bicicleta o contratar a uno de los pocos taxis 4&#215;4 de la isla, son las opciones para acceder a playas de aguas turquesas: <\/strong>La Francesa es la m\u00e1s concurrida, pero si se camina un poco m\u00e1s, por un sendero se llega a la playa de La Cocina, a los pies de la Monta\u00f1a Amarilla, y ah\u00ed s\u00ed, a gozarla.<\/p>\n<p><em>Sandra Dom\u00e8nech, coordinadora editorial de Viajes Nationwide Geographic.<\/em><\/p>\n<p><em><\/p>\n<section class=\"related-article-content relacionado\">\n<p class=\"relatedTitle\">Art\u00edculo relacionado<\/p>\n<p><a rel=\"nofollow noopener\" target=\"_blank\" href=\"https:\/\/news.google.com\/a\/que-hacer-graciosa-lanzarote-canarias_14278\" class=\"rel\"><\/p>\n<article class=\"article\">&#13;<\/p>\n<figure class=\"thumb\">&#13;<img decoding=\"async\" src=\"https:\/\/news.google.com\/medio\/2022\/08\/18\/istock-1195404415_e26ca07a_1280x720.jpg\" alt=\"iStock-1195404415\" class=\"imagenRelacionado lazyload\"\/><noscript><img decoding=\"async\" src=\"https:\/\/news.google.com\/medio\/2022\/08\/18\/istock-1195404415_e26ca07a_1280x720.jpg\" alt=\"iStock-1195404415\"\/><\/noscript>&#13;<\/figure>\n<p>&#13;<\/p>\n<div class=\"relacionadoTxt\">\n<p>&#13;<\/p>\n<h4 class=\"supertitle\">&#13;Es un secreto<\/h4>\n<h4 class=\"title\">&#13;La Graciosa, la isla donde a\u00fan no ha llegado el asfalto<\/h4>\n<p>&#13;<\/p>\n<\/div>\n<\/article>\n<p><\/a><\/section>\n<p><\/em><\/p>\n<\/div>\n<\/div>\n<div class=\"slide horizontal\" data-slide=\"38\" id=\"slide-38\">\n<figure class=\"thumb photo\">&#13;<\/p>\n<div class=\"photo-container\">\n<img loading=\"lazy\" decoding=\"async\" sizes=\"auto, 100vw\" srcset=\"https:\/\/news.google.com\/medio\/2019\/06\/07\/valles-pasiegos_929e68e3_502x334.jpg 502w,https:\/\/news.google.com\/medio\/2019\/06\/07\/valles-pasiegos_e425d5ad_752x501.jpg 752w,https:\/\/news.google.com\/medio\/2019\/06\/07\/valles-pasiegos_46233caf_1254x836.jpg 1254w\" src=\"https:\/\/news.google.com\/medio\/2019\/06\/07\/valles-pasiegos_46233caf_1254x836.jpg\" class=\"lazyload lazyload\" width=\"1254\" height=\"836\" data-aspectratio=\"1254\/836\"\/><noscript><img decoding=\"async\" src=\"https:\/\/news.google.com\/medio\/2019\/06\/07\/valles-pasiegos_46233caf_1254x836.jpg\"\/><\/noscript>\n<\/div>\n<p>&#13;<figcaption>&#13;&#13;<\/figcaption>&#13;<\/figure>\n<div class=\"txt\">\n<h3 class=\"title\">&#13;Valles Pasiegos<\/h3>\n<p>Si lo que se busca es un destino de naturaleza en el norte de Espa\u00f1a, los Valles Pasiegos son una opci\u00f3n excellent, adem\u00e1s, est\u00e1n a un tiro de piedra de Santander y las playas de la costa c\u00e1ntabra. <strong>Imprescindibles las pinturas rupestres de m\u00e1s de 30.000 a\u00f1os de antig\u00fcedad de cuevas prehist\u00f3ricas como la de El Castillo y la de Las Monedas, declaradas Patrimonio de la Humanidad por la Unesco. <\/strong>El Parque de la Naturaleza de Cab\u00e1rceno, que acoge a m\u00e1s de un centenar de especies animales, es un acierto seguro si se viaja con ni\u00f1os. <strong>Y claro, las quesadas y los sobaos pasiegos, como para no probarlos.<\/strong><\/p>\n<p><em>Sandra Dom\u00e8nech, coordinadora editorial de Viajes Nationwide Geographic.<\/em><\/p>\n<\/div>\n<\/div>\n<div class=\"slide horizontal\" data-slide=\"39\" id=\"slide-39\">\n<figure class=\"thumb photo\">&#13;<\/p>\n<div class=\"photo-container\">\n<img loading=\"lazy\" decoding=\"async\" sizes=\"auto, 100vw\" srcset=\"https:\/\/news.google.com\/medio\/2019\/06\/07\/valencia_0419e6f1_502x335.jpg 502w,https:\/\/news.google.com\/medio\/2019\/06\/07\/valencia_81d303db_752x501.jpg 752w,https:\/\/news.google.com\/medio\/2019\/06\/07\/valencia_5709588d_1254x837.jpg 1254w\" src=\"https:\/\/news.google.com\/medio\/2019\/06\/07\/valencia_5709588d_1254x837.jpg\" class=\"lazyload lazyload\" width=\"1254\" height=\"837\" data-aspectratio=\"1254\/837\"\/><noscript><img decoding=\"async\" src=\"https:\/\/news.google.com\/medio\/2019\/06\/07\/valencia_5709588d_1254x837.jpg\"\/><\/noscript>\n<\/div>\n<p>&#13;<figcaption>&#13;&#13;<\/figcaption>&#13;<\/figure>\n<div class=\"txt\">\n<h3 class=\"title\">&#13;Valencia<\/h3>\n<p>A orillas del Mar Mediterr\u00e1neo y con kil\u00f3metros de playas,<strong> <a rel=\"nofollow noopener\" target=\"_blank\" href=\"https:\/\/news.google.com\/c\/valencia\">Valencia<\/a> es un destino en s\u00ed mismo y un excelente campo base para recorrer el resto de la Pen\u00ednsula.<\/strong> Hay tantas cosas para hacer y ver en la ciudad que no est\u00e1 de m\u00e1s organizarse un poco y, si se viaja en familia, a\u00fan con m\u00e1s raz\u00f3n. M\u00e1s all\u00e1 de la imprescindible visita al conjunto que forman la <strong>Ciutat de les Arts i les Ci\u00e8ncies y el Oceanogr\u00e0fic <\/strong>y que recorre el antiguo cauce del r\u00edo T\u00faria, merece mucho la pena desplazarse al <strong>Parc Pure de l\u2019Albufera,<\/strong> a tan solo diez kil\u00f3metros de Valencia. Rodeado de arrozales y bosques, est\u00e1 considerado como el lugar donde se invent\u00f3 la paella.<\/p>\n<p><em>Sandra Dom\u00e8nech, coordinadora editorial de Viajes Nationwide Geographic.<\/em><\/p>\n<\/div>\n<\/div>\n<div class=\"slide horizontal\" data-slide=\"40\" id=\"slide-40\">\n<figure class=\"thumb photo\">&#13;<\/p>\n<div class=\"photo-container\">\n<img loading=\"lazy\" decoding=\"async\" sizes=\"auto, 100vw\" srcset=\"https:\/\/news.google.com\/medio\/2020\/04\/16\/tierras-de-javier_dcf71810_503x334.jpg 503w,https:\/\/news.google.com\/medio\/2020\/04\/16\/tierras-de-javier_6ad2d72f_754x500.jpg 754w,https:\/\/news.google.com\/medio\/2020\/04\/16\/tierras-de-javier_9858ee8a_1257x835.jpg 1257w\" src=\"https:\/\/news.google.com\/medio\/2020\/04\/16\/tierras-de-javier_9858ee8a_1257x835.jpg\" alt=\"iStock-458288215. Tierras de Javier\" class=\"lazyload lazyload\" width=\"1257\" height=\"835\" data-aspectratio=\"1257\/835\"\/><noscript><img decoding=\"async\" src=\"https:\/\/news.google.com\/medio\/2020\/04\/16\/tierras-de-javier_9858ee8a_1257x835.jpg\" alt=\"iStock-458288215. Tierras de Javier\"\/><\/noscript>\n<\/div>\n<p>&#13;<figcaption>&#13;&#13;<\/figcaption>&#13;<\/figure>\n<div class=\"txt\">\n<h3 class=\"title\">&#13;Tierras de Javier<\/h3>\n<p>Los espacios naturales y el patrimonio cultural se dan la mano en Tierras de Javier. Enclavada al abrigo de los imponentes Pirineos y en la Zona Media de Navarra, se erige como una tierra milenaria, testimonio incansable de la historia. Al recorrer sus caminos, por el que pasan los fieles rumbo a Santiago, hay que detenerse en el Castillo de Javier, la iglesia Santa Mar\u00eda la Actual de Sang\u00fcesa y el Monasterio de Leyre, un enclave envuelto de paz y serenidad que sirvi\u00f3 como refugio de reyes y obispos. Flanqueado por la Sierra de Leyre y el embalse de Yesa, el monasterio cuenta con numerosos senderos para recorrer a pie o en bici. A unos 20 kil\u00f3metros, se halla una de las perlas de Navarra: la Foz de Lumbier. Los t\u00faneles que se suceden a lo largo del sendero cuentan que por all\u00ed pas\u00f3 el primer tren el\u00e9ctrico de pasajeros de la Pen\u00ednsula Ib\u00e9rica, mientras buitres y otras aves sobrevuelan esta hoz.<\/p>\n<p><em>Meritxell Batlle Cardona. Redactora de Viajes Nationwide Geographic.<\/em><\/p>\n<p>\u00a0<\/p>\n<\/div>\n<\/div>\n<div class=\"slide horizontal\" data-slide=\"41\" id=\"slide-41\">\n<figure class=\"thumb photo\">&#13;<\/p>\n<div class=\"photo-container\">\n<img loading=\"lazy\" decoding=\"async\" sizes=\"auto, 100vw\" srcset=\"https:\/\/news.google.com\/medio\/2020\/04\/16\/antequera_433aed92_502x334.jpg 502w,https:\/\/news.google.com\/medio\/2020\/04\/16\/antequera_1198cd7e_752x501.jpg 752w,https:\/\/news.google.com\/medio\/2020\/04\/16\/antequera_d79f24f9_1254x836.jpg 1254w\" src=\"https:\/\/news.google.com\/medio\/2020\/04\/16\/antequera_d79f24f9_1254x836.jpg\" alt=\"iStock-636429940. Antequera \" class=\"lazyload lazyload\" width=\"1254\" height=\"836\" data-aspectratio=\"1254\/836\"\/><noscript><img decoding=\"async\" src=\"https:\/\/news.google.com\/medio\/2020\/04\/16\/antequera_d79f24f9_1254x836.jpg\" alt=\"iStock-636429940. Antequera \"\/><\/noscript>\n<\/div>\n<p>&#13;<figcaption>&#13;&#13;<\/figcaption>&#13;<\/figure>\n<div class=\"txt\">\n<h3 class=\"title\">&#13;Antequera<\/h3>\n<p>Conocida como la encrucijada de Andaluc\u00eda, por Antequera han pasado muchos viajeros. Pero solo los que se han quedado han podido descubrir la belleza e importancia de esta ciudad, que cuenta con m\u00e1s de 30 iglesias y destaca por su opulento estilo barroco espa\u00f1ol. Sin embargo, no se concibe Antequera sin sus d\u00f3lmenes, el quinto monumento megal\u00edtico europeo en colarse en la lista de la Unesco. Entre ellos se encuentran el dolmen de Menga, el de Viera y el de \u2018tholos\u2019 de El Romeral, con una antig\u00fcedad de unos 6000 a\u00f1os. En sus alrededores, se erigen imponentes la Pe\u00f1a de los Enamorados y El Torcal, una de las muestras m\u00e1s representativas del paisaje c\u00e1rstico de Europa. Cuenta con dos rutas que permiten al visitante hacer volar su imaginaci\u00f3n entre esculturas naturales como el Tornillo, el C\u00e1liz o el Sombrerillo, a parte de adentrarse en cuevas y simas.<\/p>\n<p><em>Meritxell Batlle Cardona. Redactora de Viajes Nationwide Geographic.<\/em><\/p>\n<\/div>\n<\/div>\n<div class=\"slide horizontal\" data-slide=\"42\" id=\"slide-42\">\n<figure class=\"thumb photo\">&#13;<\/p>\n<div class=\"photo-container\">\n<img loading=\"lazy\" decoding=\"async\" sizes=\"auto, 100vw\" srcset=\"https:\/\/news.google.com\/medio\/2020\/04\/16\/marina-alta_7083163a_502x334.jpg 502w,https:\/\/news.google.com\/medio\/2020\/04\/16\/marina-alta_d1a44c34_752x501.jpg 752w,https:\/\/news.google.com\/medio\/2020\/04\/16\/marina-alta_6b1403d0_1254x836.jpg 1254w\" src=\"https:\/\/news.google.com\/medio\/2020\/04\/16\/marina-alta_6b1403d0_1254x836.jpg\" alt=\"iStock-1129571336. Marina Alta\" class=\"lazyload lazyload\" width=\"1254\" height=\"836\" data-aspectratio=\"1254\/836\"\/><noscript><img decoding=\"async\" src=\"https:\/\/news.google.com\/medio\/2020\/04\/16\/marina-alta_6b1403d0_1254x836.jpg\" alt=\"iStock-1129571336. Marina Alta\"\/><\/noscript>\n<\/div>\n<p>&#13;<figcaption>&#13;&#13;<\/figcaption>&#13;<\/figure>\n<div class=\"txt\">\n<h3 class=\"title\">&#13;Marina Alta<\/h3>\n<p>De <a rel=\"nofollow noopener\" target=\"_blank\" href=\"https:\/\/viajes.nationalgeographic.com.es\/a\/planes-para-hacer-denia_14506\">Denia<\/a> (en la imagen) a Calpe, el litoral de la Marina Alta de Alicante seduce con calas de agua cristalina, una gastronom\u00eda a base de arroces y un legado hist\u00f3rico que muestra la importancia de sus principales ciudades. Y es que, por la Marina Alta pasaron \u00edberos, fenicios, griegos y romanos, entre otros pueblos, que dejaron un legado que se entremezcla con vestigios musulmanes y cristianos. Prueba de ello es el Castillo de Denia, la capital de la Marina Alta, que ofrece extensas playas de enviornment como Les Marines o Les Deveses y calas de roca como Les Rotes y la Cova Tallada. Pasado el Cabo de San Antonio y al otro lado del imponente Montg\u00f3, se encuentra J\u00e1vea con un casco hist\u00f3rico, un puerto y una zona de playa con planes para todos. Merece la pena detenerse en el faro del Cabo de la Nao para continuar por la cala del Moraig de Benitatxell y por la peque\u00f1a y encantadora Moraira antes de alcanzar Calpe, siempre vigilada por el pe\u00f1\u00f3n de Ifach.<\/p>\n<p><em>Meritxell Batlle Cardona. Redactora de Viajes Nationwide Geographic.<\/em><\/p>\n<\/div>\n<\/div>\n<div class=\"slide horizontal\" data-slide=\"43\" id=\"slide-43\">\n<figure class=\"thumb photo\">&#13;<\/p>\n<div class=\"photo-container\">\n<img loading=\"lazy\" decoding=\"async\" sizes=\"auto, 100vw\" srcset=\"https:\/\/news.google.com\/medio\/2020\/04\/16\/ibiza_914b9864_497x337.jpg 497w,https:\/\/news.google.com\/medio\/2020\/04\/16\/ibiza_35167981_746x505.jpg 746w,https:\/\/news.google.com\/medio\/2020\/04\/16\/ibiza_c839fa13_1243x843.jpg 1243w\" src=\"https:\/\/news.google.com\/medio\/2020\/04\/16\/ibiza_c839fa13_1243x843.jpg\" alt=\"iStock-1156140612. Ibiza\" class=\"lazyload lazyload\" width=\"1243\" height=\"843\" data-aspectratio=\"1243\/843\"\/><noscript><img decoding=\"async\" src=\"https:\/\/news.google.com\/medio\/2020\/04\/16\/ibiza_c839fa13_1243x843.jpg\" alt=\"iStock-1156140612. Ibiza\"\/><\/noscript>\n<\/div>\n<p>&#13;<figcaption>&#13;&#13;<\/figcaption>&#13;<\/figure>\n<div class=\"txt\">\n<h3 class=\"title\">&#13;Ibiza<\/h3>\n<p>\u2018Ibiza, biodiversidad y cultura\u2019. Bajo esta denominaci\u00f3n, en 1999 <a rel=\"nofollow noopener\" target=\"_blank\" href=\"https:\/\/news.google.com\/c\/ibiza\">Ibiza<\/a> pas\u00f3 a formar parte del Patrimonio de la Humanidad de la Unesco. Por un lado, contribuyeron a este reconocimiento el parque pure de Ses Salines y las praderas de posidonia responsables de la buena calidad y transparencia de sus aguas, donde bucear es una delicia. Por el otro, lo hicieron el centro hist\u00f3rico de Dalt Vila, con sus casas blancas de estilo mediterr\u00e1neo coronadas por la catedral, la necr\u00f3polis p\u00fanica de Puig des Molins, los vestigios fenicios de Sa Caleta y la zona rural del Hort de ses Freixes. Enclaves que muestran una herencia cultural en espacios naturales que van desde calas v\u00edrgenes hasta un inside rural donde los aromas de lavanda, algarrobo, olivos, almendros y naranjos se entremezclan con la brisa del mar.\u00a0<\/p>\n<p><em>Meritxell Batlle Cardona. Periodista de Viajes Nationwide Geographic.<\/em><\/p>\n<p>\u00a0<\/p>\n<section class=\"related-article-content relacionado\">\n<p class=\"relatedTitle\">Art\u00edculo relacionado<\/p>\n<p><a rel=\"nofollow noopener\" target=\"_blank\" href=\"https:\/\/news.google.com\/a\/ibiza-bicicleta-viaje-a-pedales-por-toda-isla_18370\" class=\"rel\"><\/p>\n<article class=\"article\">&#13;<\/p>\n<figure class=\"thumb\">&#13;<img decoding=\"async\" src=\"https:\/\/news.google.com\/medio\/2022\/07\/04\/ibiza_9dfa8d5c_1280x720.jpg\" alt=\"Ibiza\" class=\"imagenRelacionado lazyload\"\/><noscript><img decoding=\"async\" src=\"https:\/\/news.google.com\/medio\/2022\/07\/04\/ibiza_9dfa8d5c_1280x720.jpg\" alt=\"Ibiza\"\/><\/noscript>&#13;<\/figure>\n<p>&#13;<\/p>\n<div class=\"relacionadoTxt\">\n<p>&#13;<\/p>\n<h4 class=\"supertitle\">&#13;En ruta<\/h4>\n<h4 class=\"title\">&#13;Ibiza en bicicleta: un viaje a pedales por toda la isla<\/h4>\n<p>&#13;<\/p>\n<\/div>\n<\/article>\n<p><\/a><\/section>\n<\/div>\n<\/div>\n<div class=\"slide horizontal\" data-slide=\"44\" id=\"slide-44\">\n<figure class=\"thumb photo\">&#13;<\/p>\n<div class=\"photo-container\">\n<img loading=\"lazy\" decoding=\"async\" sizes=\"auto, 100vw\" srcset=\"https:\/\/news.google.com\/medio\/2020\/04\/16\/pn-el-teide_c5961d79_502x333.jpg 502w,https:\/\/news.google.com\/medio\/2020\/04\/16\/pn-el-teide_634f0b8f_754x501.jpg 754w,https:\/\/news.google.com\/medio\/2020\/04\/16\/pn-el-teide_f36733ae_1256x835.jpg 1256w\" src=\"https:\/\/news.google.com\/medio\/2020\/04\/16\/pn-el-teide_f36733ae_1256x835.jpg\" alt=\"iStock-513425298. PN El Teide\" class=\"lazyload lazyload\" width=\"1256\" height=\"835\" data-aspectratio=\"1256\/835\"\/><noscript><img decoding=\"async\" src=\"https:\/\/news.google.com\/medio\/2020\/04\/16\/pn-el-teide_f36733ae_1256x835.jpg\" alt=\"iStock-513425298. PN El Teide\"\/><\/noscript>\n<\/div>\n<p>&#13;<figcaption>&#13;&#13;<\/figcaption>&#13;<\/figure>\n<div class=\"txt\">\n<h3 class=\"title\">&#13;PN El Teide<\/h3>\n<p>El pico m\u00e1s alto de Espa\u00f1a se alza a 3.718 metros de altitud en pleno coraz\u00f3n de Tenerife. El Teide es su principal atractivo, y con raz\u00f3n, ya que conforma uno de los monumentos geol\u00f3gicos m\u00e1s espectaculares del mundo. Al llegar al parque nacional del Teide, uno se sumerge en un espacio a medio camino entre lo des\u00e9rtico y lo lunar, un escenario que contrasta con el resto de la isla. Antes de alcanzar el Teide, si se accede desde La Orotava, uno descubre los diferentes paisajes que conforman Tenerife y que cambian de shade a medida que se asciende. Ya en el parque nacional, uno se topa con conos volc\u00e1nicos, roques y malpa\u00edses donde afloran especies end\u00e9micas como el tajinaste rojo o la violeta del Teide. Se puede subir hasta pr\u00e1cticamente la cima del volc\u00e1n con el telef\u00e9rico, donde se hallan los miradores de La Fortaleza y de Pico Viejo, que ofrecen vistas ya no solo del entorno, sino de toda la isla.<\/p>\n<p><em>Meritxell Batlle Cardona. Periodista\u00a0de Viajes Nationwide Geographic.<\/em><\/p>\n<\/div>\n<\/div>\n<div class=\"slide horizontal\" data-slide=\"45\" id=\"slide-45\">\n<figure class=\"thumb photo\">&#13;<\/p>\n<div class=\"photo-container\">\n<img loading=\"lazy\" decoding=\"async\" sizes=\"auto, 100vw\" srcset=\"https:\/\/news.google.com\/medio\/2020\/04\/16\/la-garrotxa-girona_d901dd5a_400x266.jpg 400w,https:\/\/news.google.com\/medio\/2020\/04\/16\/la-garrotxa-girona_5f76d604_600x400.jpg 600w,https:\/\/news.google.com\/medio\/2020\/04\/16\/la-garrotxa-girona_86d643db_1000x667.jpg 1000w\" src=\"https:\/\/news.google.com\/medio\/2020\/04\/16\/la-garrotxa-girona_86d643db_1000x667.jpg\" alt=\"shutterstock 1027732606. La Garrotxa (Girona)\" class=\"lazyload lazyload\" width=\"1000\" height=\"667\" data-aspectratio=\"1000\/667\"\/><noscript><img decoding=\"async\" src=\"https:\/\/news.google.com\/medio\/2020\/04\/16\/la-garrotxa-girona_86d643db_1000x667.jpg\" alt=\"shutterstock 1027732606. La Garrotxa (Girona)\"\/><\/noscript>\n<\/div>\n<p>&#13;<figcaption>&#13;<\/p>\n<div class=\"txt\">\n<p class=\"copy\">Foto: Shutterstock<\/p>\n<p class=\"slide-number\">46  \/  50<\/p>\n<\/div>\n<p>&#13;<\/figcaption>&#13;<\/figure>\n<div class=\"txt\">\n<h3 class=\"title\">&#13;La Garrotxa (Girona)&#13;<\/h3>\n<p>La comarca de La Garrotxa es tierra de volcanes por excelencia. Localizada al sur de los Pirineos y al norte de Girona, se encuentra encavada en un paisaje de absoluta belleza. La naturaleza se desborda por todos sus costados y el visitante se encuentra con un territorio verde en el que se enclavan 42 volcanes dentro del Parque Pure de la Zona Volc\u00e1nica de La Garrotxa, extensos hayedos y acantilados de cuyo borde nacen pueblecitos y villas medievales. Entre ellos, Besal\u00fa -en la imagen-, famoso por su juder\u00eda y su puente fortificado; Castellfollit de la Roca, ubicado sobre un imponente risco bas\u00e1ltico de 50 metros de altura y de un kil\u00f3metro de largo; y Hostalets, un peque\u00f1o pueblo del siglo XVIII que surgi\u00f3 a ra\u00edz de un hostal ubicado en uno de los laterales de un camino actual.<\/p>\n<p><em>Luc\u00eda D\u00edaz Madurga. Colaboradora de Viajes Nationwide Geographic.\u00a0<\/em><\/p>\n<\/div>\n<\/div>\n<div class=\"slide horizontal\" data-slide=\"46\" id=\"slide-46\">\n<figure class=\"thumb photo\">&#13;<\/p>\n<div class=\"photo-container\">\n<img loading=\"lazy\" decoding=\"async\" sizes=\"auto, 100vw\" srcset=\"https:\/\/news.google.com\/medio\/2020\/04\/16\/costa-vasca_0ad2490f_502x334.jpg 502w,https:\/\/news.google.com\/medio\/2020\/04\/16\/costa-vasca_1969c0c7_752x501.jpg 752w,https:\/\/news.google.com\/medio\/2020\/04\/16\/costa-vasca_53701f0b_1254x836.jpg 1254w\" src=\"https:\/\/news.google.com\/medio\/2020\/04\/16\/costa-vasca_53701f0b_1254x836.jpg\" alt=\"iStock-538778772. Costa Vasca\" class=\"lazyload lazyload\" width=\"1254\" height=\"836\" data-aspectratio=\"1254\/836\"\/><noscript><img decoding=\"async\" src=\"https:\/\/news.google.com\/medio\/2020\/04\/16\/costa-vasca_53701f0b_1254x836.jpg\" alt=\"iStock-538778772. Costa Vasca\"\/><\/noscript>\n<\/div>\n<p>&#13;<figcaption>&#13;&#13;<\/figcaption>&#13;<\/figure>\n<div class=\"txt\">\n<h3 class=\"title\">&#13;Costa Vasca<\/h3>\n<p>Desde Bilbao a Hondarribia cada punto es una parada obligada, incluyendo cruzar la frontera hacia el sur de Francia. Esta ruta, que est\u00e1 llena de salitre y vegetaci\u00f3n, pasa por maravillosos pueblos pesqueros en los que las playas solitarias y salvajes, los acantilados y el mar son sus principales atractivos. En esta ruta no puede faltar la visita a la anteiglesia de Mundaka, al ya hiper conocido islote de San Juan de Gaztelugatxe (en la imagen) localizado en Bermeo ni al Bosque de Oma, una obra art\u00edstica que fusiona la naturaleza con la creatividad del escultor y pintor Agust\u00edn Ibarrola. Un lugar basado en el Land Artwork que traslada a los visitantes a un paisaje m\u00e1gico a trav\u00e9s de 61 conjuntos art\u00edsticos.<\/p>\n<p>Luc\u00eda D\u00edaz Madurga. Colaboradora de Viajes Nationwide Geographic.\u00a0<\/p>\n<\/div>\n<\/div>\n<div class=\"slide horizontal\" data-slide=\"47\" id=\"slide-47\">\n<figure class=\"thumb photo\">&#13;<\/p>\n<div class=\"photo-container\">\n<img loading=\"lazy\" decoding=\"async\" sizes=\"auto, 100vw\" srcset=\"https:\/\/news.google.com\/medio\/2020\/04\/16\/gredos_ed081375_400x266.jpg 400w,https:\/\/news.google.com\/medio\/2020\/04\/16\/gredos_bc823332_600x400.jpg 600w,https:\/\/news.google.com\/medio\/2020\/04\/16\/gredos_3fc672a1_1000x667.jpg 1000w\" src=\"https:\/\/news.google.com\/medio\/2020\/04\/16\/gredos_3fc672a1_1000x667.jpg\" alt=\"shutterstock 551388583. Gredos\" class=\"lazyload lazyload\" width=\"1000\" height=\"667\" data-aspectratio=\"1000\/667\"\/><noscript><img decoding=\"async\" src=\"https:\/\/news.google.com\/medio\/2020\/04\/16\/gredos_3fc672a1_1000x667.jpg\" alt=\"shutterstock 551388583. Gredos\"\/><\/noscript>\n<\/div>\n<p>&#13;<figcaption>&#13;<\/p>\n<div class=\"txt\">\n<p class=\"copy\">Foto: Shutterstock<\/p>\n<p class=\"slide-number\">48  \/  50<\/p>\n<\/div>\n<p>&#13;<\/figcaption>&#13;<\/figure>\n<div class=\"txt\">\n<h3 class=\"title\">&#13;Gredos<\/h3>\n<p>Al sur de la provincia de \u00c1vila, en pleno Parque Regional Sierra de Gredos, se encuentran dos lugares marcados por la erosi\u00f3n glaciar, la Laguna Grande de Gredos y el Circo de Gredos: dos para\u00edsos que en cualquier \u00e9poca del a\u00f1o convierten su visita en un should. Tampoco se queda atr\u00e1s Candeleda, el pueblo que le da vida a toda esta naturaleza y que es fundamentalmente conocido por su microclima. Pero esta tierra que se rodea de \u00c1vila, C\u00e1ceres y Salamanca tiene mucho m\u00e1s que visitar: Hoyos del Espino y su iglesia parroquial g\u00f3tica, Cuevas del Valle por sus piscinas naturales y su bosque jard\u00edn frente al r\u00edo Pasaderas y Mombeltr\u00e1n, en donde da la bienvenida el imponente Castillo de los Duques de Albuquerque.<\/p>\n<p>Luc\u00eda D\u00edaz Madurga. Colaboradora de Viajes Nationwide Geographic.\u00a0<\/p>\n<\/div>\n<\/div>\n<div class=\"slide horizontal\" data-slide=\"48\" id=\"slide-48\">\n<figure class=\"thumb photo\">&#13;<\/p>\n<div class=\"photo-container\">\n<img loading=\"lazy\" decoding=\"async\" sizes=\"auto, 100vw\" srcset=\"https:\/\/news.google.com\/medio\/2020\/04\/16\/santiago-de-compostela_e6570dcb_502x334.jpg 502w,https:\/\/news.google.com\/medio\/2020\/04\/16\/santiago-de-compostela_c325fa70_752x501.jpg 752w,https:\/\/news.google.com\/medio\/2020\/04\/16\/santiago-de-compostela_cdac2042_1254x836.jpg 1254w\" src=\"https:\/\/news.google.com\/medio\/2020\/04\/16\/santiago-de-compostela_cdac2042_1254x836.jpg\" alt=\"iStock-1011982760. Santiago de Compostela\" class=\"lazyload lazyload\" width=\"1254\" height=\"836\" data-aspectratio=\"1254\/836\"\/><noscript><img decoding=\"async\" src=\"https:\/\/news.google.com\/medio\/2020\/04\/16\/santiago-de-compostela_cdac2042_1254x836.jpg\" alt=\"iStock-1011982760. Santiago de Compostela\"\/><\/noscript>\n<\/div>\n<p>&#13;<figcaption>&#13;&#13;<\/figcaption>&#13;<\/figure>\n<div class=\"txt\">\n<h3 class=\"title\">&#13;Santiago de Compostela<\/h3>\n<p>Hay mucho m\u00e1s all\u00e1 de la energ\u00eda que desprende la Plaza del Obradoiro, la belleza de la Plaza de Quintana y la tranquilidad que se encuentra recorriendo las callejitas de Santiago de Compostela. Esta ciudad, a la que se le aplica el calificativo de magn\u00e9tica, centra sus pilares en la historia, la naturaleza y la buena la gastronom\u00eda. Ya desde el n\u00facleo urbano surgen diferentes recorridos, para hacer a pie o en coche, que trasladan al visitante a otra \u00e9poca. Ejemplo de ello son el Camino a Finisterra, con el remaining que otorga acabar en el finis terrae -el fin del mundo- o el paseo fluvial del r\u00edo Sarela, a que recorre desde el inside los paisajes gallegos que rodean su ribera.<\/p>\n<p>Luc\u00eda D\u00edaz Madurga. Colaboradora de Viajes Nationwide Geographic.\u00a0<\/p>\n<\/div>\n<\/div>\n<div class=\"slide horizontal\" data-slide=\"49\" id=\"slide-49\">\n<figure class=\"thumb photo\">&#13;<\/p>\n<div class=\"photo-container\">\n<img loading=\"lazy\" decoding=\"async\" sizes=\"auto, 100vw\" srcset=\"https:\/\/news.google.com\/medio\/2020\/04\/16\/malaga-ronda-y-costa-del-sol_89dde492_502x334.jpg 502w,https:\/\/news.google.com\/medio\/2020\/04\/16\/malaga-ronda-y-costa-del-sol_ea893ccb_752x501.jpg 752w,https:\/\/news.google.com\/medio\/2020\/04\/16\/malaga-ronda-y-costa-del-sol_62afa523_1254x836.jpg 1254w\" src=\"https:\/\/news.google.com\/medio\/2020\/04\/16\/malaga-ronda-y-costa-del-sol_62afa523_1254x836.jpg\" alt=\"iStock-1088127782. M\u00e1laga, Ronda y Costa del Sol\" class=\"lazyload lazyload\" width=\"1254\" height=\"836\" data-aspectratio=\"1254\/836\"\/><noscript><img decoding=\"async\" src=\"https:\/\/news.google.com\/medio\/2020\/04\/16\/malaga-ronda-y-costa-del-sol_62afa523_1254x836.jpg\" alt=\"iStock-1088127782. M\u00e1laga, Ronda y Costa del Sol\"\/><\/noscript>\n<\/div>\n<p>&#13;<figcaption>&#13;<\/p>\n<div class=\"txt\">\n<p class=\"copy\">La Catedral de M\u00e1laga desde su tejado. Foto: iStock<\/p>\n<p class=\"slide-number\">50  \/  50<\/p>\n<\/div>\n<p>&#13;<\/figcaption>&#13;<\/figure>\n<div class=\"txt\">\n<h3 class=\"title\">&#13;M\u00e1laga, Ronda y Costa del Sol<\/h3>\n<p>No importa la \u00e9poca del a\u00f1o en la que se visite esta ciudad, M\u00e1laga siempre es una buena opci\u00f3n. Y es que la capital y su provincia lo tienen todo: un clima c\u00e1lido, el binomio perfecto entre mar y monta\u00f1a, cultura a espuertas \u2013 con el Museo Picasso, el Carmen Thyssen M\u00e1laga o el Centre Pompidou- y una gastronom\u00eda que deja con ganas de m\u00e1s, desde la fritura malague\u00f1a o los espetos hasta el salmorejo o la sopa monde\u00f1a. Tampoco se quedan atr\u00e1s la mayor\u00eda de sus pueblos, algunos ya archiconocidos como Ronda, del que es imprescindible la vista que deja el Puente Nuevo con la bonita cascada que crea el r\u00edo Guadalev\u00edn; Marbella y su casco hist\u00f3rico plagado de callejuelas y lleno de flores y desde el que los d\u00edas claros se puede ver la silueta de \u00c1frica al fondo; o Filigrana, con ese cl\u00e1sico encanto andaluz que recorre sus calles.<\/p>\n<p>Luc\u00eda D\u00edaz Madurga. Colaboradora de Viajes Nationwide Geographic.\u00a0<\/p>\n<\/div>\n<\/div>\n<\/div>\n<\/div>\n<\/div>\n<div class=\"entry-content ng-container-text gallery\" id=\"article-text\">\n<div class=\"txt\">\n<aside class=\"subscription-highlighted\">\n<div class=\"subscription-container\">\n<div class=\"non-subscribed\">\n<p class=\"description\">Cyber Monday. Suscr\u00edbete hoy al -50% a la revista Viajes Nationwide Geographic y explora nuevos destinos<\/p>\n<p><a rel=\"nofollow noopener\" target=\"_blank\" href=\"https:\/\/tienda.rba.es\/revistas\/viajes-national-geographic?rba_source=viajes.nationalgeographic.com.es&amp;rba_medium=referral&amp;rba_campaign=NGMV&amp;rba_content=frase-articulo\" class=\"more-link\">EMPIEZA YA<\/a><\/div>\n<\/div>\n<\/aside>\n<p style=\"display: none;\"><img decoding=\"async\" id=\"ctl01_ctl00_phMain_phMain_ctl00_ctl02_ctl17_ctl01_imgContent\" src=\"https:\/\/news.google.com\/medio\/2022\/10\/11\/ronda_421b3ca1_800x800.jpg\" alt=\"Ronda\" style=\"border-width:0px;\"\/><\/p>\n<aside class=\"add300x250 publi-interior-top ad-container-r1 ad-inline\"\/>\n<aside class=\"add300x600 publi-interior-bot ad-inline ad-container-r2\"\/><\/div>\n<p><!-- START: tags-rel  --><!-- END: tags-rel   --><br \/>\n<!-- START:toolbar --><!-- END:toolbar --><\/div>\n<div id=\"contentFullImg\" class=\"contentFullImg\" style=\"display: none\">\n<div id=\"divFull\" class=\"divFullImg\">\n<img id=\"imgFull\" alt=\"imagen full\" onclick=\"\" class=\"imgFull lazyload\"\/><\/div>\n<\/div>\n<p><!-- END : detail --><\/p>\n<section class=\"block01 recommend ng-container\">&#13;<\/section>\n<\/div>\n<\/article>\n<\/div>\n<\/div>\n<p><!-- START: footer --><!-- END: footer -->\n<\/div>\n<p>&#13;&#13;<\/p>\n<div class=\"sticky-bottom\">\n<div class=\"ng-container\">\n<!-- START: ExtraSticky --><\/p>\n<aside class=\"sticky-subscription\">\n<div class=\"row\">\n<div class=\"catchphrase col-xs-12 col-sm-12 col-md-12 col-lg-12\">\n<p class=\"claim\" id=\"claimsticky\">SUSCR\u00cdBETE Y EXPLORA NUEVOS DESTINOS<\/p>\n<p><i class=\"icon-close-thin\"\/><\/div>\n<div class=\"magazines col-xs-12 col-sm-12 col-md-12 col-lg-12\">\n<h3 class=\"title\">&#13;Escoge tu revista<\/h3>\n<p class=\"subtitle\">Disfruta de un espectacular n\u00famero cada mes en tu casa<\/p>\n<\/div>\n<\/div>\n<\/aside>\n<p><!-- END: ExtraSticky --><\/div>\n<\/div>\n<p>&#13;<\/p>\n<div id=\"dialog-confirm\">\n<p>\u00bfDeseas dejar de recibir las noticias m\u00e1s destacadas de Viajes Nationwide Geographic?<\/p>\n<\/div>\n<p>&#13;&#13;<!-- AD DFP Manager -->&#13;&#13;<\/div>\n\n<p><em> &#8221; Fuentes news.google.com &#8221; <\/em><\/p>\n","protected":false},"excerpt":{"rendered":"<p>&#13; &#13;&#13; &#13;01 de diciembre de 2022 \u00b7 13:12&#13;&#13; &#13;&#13; El puente de diciembre de este a\u00f1o es una oportunidad \u00fanica para animarse a descubrir nuestro pa\u00eds con calma y tranquilidad. Una ocasi\u00f3n perfecta para descubrir algunos de\u00a0los pueblos m\u00e1s bonitos de Espa\u00f1a, visitar las estaciones de esqu\u00ed que est\u00e1n abiertas este puente o degustar [&hellip;]<\/p>\n","protected":false},"author":4,"featured_media":430143,"comment_status":"open","ping_status":"closed","sticky":false,"template":"","format":"standard","meta":{"om_disable_all_campaigns":false,"jnews-multi-image_gallery":[],"jnews_single_post":[],"jnews_primary_category":[],"jnews_social_meta":[],"footnotes":""},"categories":[39],"tags":[47258,47257],"class_list":["post-436100","post","type-post","status-publish","format-standard","has-post-thumbnail","hentry","category-viajes","tag-cargado-desde-el-fichero-de-recursos","tag-keywords-por-defecto"],"_links":{"self":[{"href":"https:\/\/dimensionturistica.com\/es\/wp-json\/wp\/v2\/posts\/436100","targetHints":{"allow":["GET"]}}],"collection":[{"href":"https:\/\/dimensionturistica.com\/es\/wp-json\/wp\/v2\/posts"}],"about":[{"href":"https:\/\/dimensionturistica.com\/es\/wp-json\/wp\/v2\/types\/post"}],"author":[{"embeddable":true,"href":"https:\/\/dimensionturistica.com\/es\/wp-json\/wp\/v2\/users\/4"}],"replies":[{"embeddable":true,"href":"https:\/\/dimensionturistica.com\/es\/wp-json\/wp\/v2\/comments?post=436100"}],"version-history":[{"count":0,"href":"https:\/\/dimensionturistica.com\/es\/wp-json\/wp\/v2\/posts\/436100\/revisions"}],"wp:featuredmedia":[{"embeddable":true,"href":"https:\/\/dimensionturistica.com\/es\/wp-json\/wp\/v2\/media\/430143"}],"wp:attachment":[{"href":"https:\/\/dimensionturistica.com\/es\/wp-json\/wp\/v2\/media?parent=436100"}],"wp:term":[{"taxonomy":"category","embeddable":true,"href":"https:\/\/dimensionturistica.com\/es\/wp-json\/wp\/v2\/categories?post=436100"},{"taxonomy":"post_tag","embeddable":true,"href":"https:\/\/dimensionturistica.com\/es\/wp-json\/wp\/v2\/tags?post=436100"}],"curies":[{"name":"wp","href":"https:\/\/api.w.org\/{rel}","templated":true}]}}