{"id":436040,"date":"2022-12-01T10:49:58","date_gmt":"2022-12-01T10:49:58","guid":{"rendered":"https:\/\/dimensionturistica.com\/es\/?p=436040"},"modified":"2022-12-01T10:49:58","modified_gmt":"2022-12-01T10:49:58","slug":"el-pueblo-que-es-un-islote-navarro-en-medio-de-aragon","status":"publish","type":"post","link":"https:\/\/dimensionturistica.com\/es\/el-pueblo-que-es-un-islote-navarro-en-medio-de-aragon\/","title":{"rendered":"El pueblo que es un islote navarro en medio de Arag\u00f3n"},"content":{"rendered":"<p> <br \/>\n<\/p>\n<div>\n<div id=\"involveds\" class=\"involveds wrap\">\n<div class=\"involved-authors only-author\">\n<div class=\"first-author\">\n<figure class=\"thumb col-xs-3\">&#13;<img loading=\"lazy\" decoding=\"async\" src=\"https:\/\/news.google.com\/medio\/2021\/12\/09\/foto-alex-newsletter_0d47dd82_600x600.jpg\" alt=\"Foto Alex Newsletter\" class=\"lazyload\" width=\"600\" height=\"600\" data-aspectratio=\"600\/600\"\/><noscript><img decoding=\"async\" src=\"https:\/\/news.google.com\/medio\/2021\/12\/09\/foto-alex-newsletter_0d47dd82_600x600.jpg\" alt=\"Foto Alex Newsletter\"\/><\/noscript>&#13;<\/figure>\n<\/div>\n<\/div>\n<\/div>\n<p class=\"date\"> <time itemprop=\"dateModified\" datetime=\"2022-12-01T07:00:00+01:00\" data-timestamp=\"1669878000\">&#13;01 de diciembre de 2022 \u00b7 07:00<\/time>&#13;<\/p>\n<\/div>\n<div id=\"article-text\">\n<div class=\"txt\">\n<aside class=\"subscription-highlighted\">\n<div class=\"subscription-container\">\n<div class=\"non-subscribed\">\n<p class=\"description\">Cyber Monday. Suscr\u00edbete hoy al -50% a la revista Viajes Nationwide Geographic y explora nuevos destinos<\/p>\n<p><a rel=\"nofollow noopener\" target=\"_blank\" href=\"https:\/\/tienda.rba.es\/revistas\/viajes-national-geographic?rba_source=viajes.nationalgeographic.com.es&amp;rba_medium=referral&amp;rba_campaign=NGMV&amp;rba_content=frase-articulo\" class=\"more-link\">EMPIEZA YA<\/a><\/div>\n<\/div>\n<\/aside>\n<p style=\"display: none;\"><img decoding=\"async\" id=\"ctl01_ctl00_phMain_phMain_ctl00_ctl02_ctl17_ctl01_imgContent\" src=\"https:\/\/news.google.com\/medio\/2022\/11\/30\/petilla-de-aragon-en-navarra_04d95361_800x800.jpeg\" alt=\"Petilla de Arag\u00f3n en Navarra\" style=\"border-width:0px;\"\/><\/p>\n<aside class=\"add300x250 publi-interior-top ad-container-r1 ad-inline\"\/>\n<p dir=\"ltr\"><span id=\"docs-internal-guid-76908912-7fff-f5e5-1e1d-646afe59a4f8\">La carretera que sube hasta Petilla de Arag\u00f3n es una suma de curvas y contracurvas que desemboca en la \u00fanica calle del pueblo, la Calle Mayor. A finales del siglo pasado, la calle estaba m\u00e1s o menos igual que en la actualidad, s\u00f3lo que algo m\u00e1s poblada. Hoy no superan la treintena de habitantes. Y es que, una de dos, o aqu\u00ed se viene por decir que se estuvo en una de las rarezas geogr\u00e1ficas que hay en el mapa de Espa\u00f1a o por devoci\u00f3n, por estar en la casa en la que naci\u00f3 su vecino m\u00e1s ilustre, Santiago Ram\u00f3n y Cajal. De hecho, la carretera no sigue a ning\u00fan otro lugar.<\/span><\/p>\n<p dir=\"ltr\"><span id=\"docs-internal-guid-76908912-7fff-f5e5-1e1d-646afe59a4f8\">En pleno Bal d&#8217;Onsella, en la comarca zaragozana de las Altas Cinco Villas, Petilla pertenece en realidad a Navarra. Para saber sobre el origen de esta peculiaridad geogr\u00e1fica hay que remontarse a comienzos del siglo XIII, cuando parece ser que Sancho VII el Fuerte de Navarra prest\u00f3 a Pedro II de Arag\u00f3n el dinero que necesitaba para guerrear. El rey aragon\u00e9s falleci\u00f3 en una de las contiendas sin poder devolver el pr\u00e9stamo, as\u00ed que el rey navarro no dud\u00f3 en ejecutar la garant\u00eda de la deuda y se qued\u00f3 el castillo de Petilla entre otras posesiones. El sucesor a la corona de Arag\u00f3n ten\u00eda el plazo de 20 a\u00f1os para saldar la deuda y recuperar el castillo. O bien no reuni\u00f3 el dinero o no quiso, pero el caso es que desde entonces, Petilla se incorpor\u00f3 definitivamente al Reino de Navarra.<\/span><\/p>\n<p dir=\"ltr\"><span id=\"docs-internal-guid-76908912-7fff-f5e5-1e1d-646afe59a4f8\">En la Calle Mayor destaca un cartel a modo de recuerdo de cuando el Ilustre Colegio de M\u00e9dicos de Navarra visit\u00f3 el pueblo el 1 de mayo de 1992 para homenajear a Santiago Ram\u00f3n y Cajal: \u201cEn esta casa naci\u00f3 el sabio doctor\u201d. Lo hizo el 1 de mayo de 1852, pero calor, entonces nadie pod\u00eda imaginar que acabar\u00eda siendo reconocido con un Premio Nobel de Medicina, y padre de la neurociencia como padre de la neurociencia. Pues s\u00ed, \u201clas misteriosas mariposas del alma\u201d como defini\u00f3 el genio a las c\u00e9lulas piramidales, comenzaron a aletear en este peque\u00f1o pueblo testigo de los viejos tiempos de los reinos de Navarra y Arag\u00f3n. <\/span><\/p>\n<aside class=\"add300x600 publi-interior-bot ad-inline ad-container-r2\"\/><\/div>\n<p><!-- START:toolbar --><!-- END:toolbar --><\/div>\n\n<p><em> &#8221; Fuentes news.google.com &#8221; <\/em><\/p>\n","protected":false},"excerpt":{"rendered":"<p>&#13;&#13; &#13;01 de diciembre de 2022 \u00b7 07:00&#13; Cyber Monday. Suscr\u00edbete hoy al -50% a la revista Viajes Nationwide Geographic y explora nuevos destinos EMPIEZA YA La carretera que sube hasta Petilla de Arag\u00f3n es una suma de curvas y contracurvas que desemboca en la \u00fanica calle del pueblo, la Calle Mayor. A finales del [&hellip;]<\/p>\n","protected":false},"author":4,"featured_media":436041,"comment_status":"open","ping_status":"closed","sticky":false,"template":"","format":"standard","meta":{"om_disable_all_campaigns":false,"jnews-multi-image_gallery":[],"jnews_single_post":[],"jnews_primary_category":[],"jnews_social_meta":[],"footnotes":""},"categories":[39],"tags":[47258,47257],"class_list":["post-436040","post","type-post","status-publish","format-standard","has-post-thumbnail","hentry","category-viajes","tag-cargado-desde-el-fichero-de-recursos","tag-keywords-por-defecto"],"_links":{"self":[{"href":"https:\/\/dimensionturistica.com\/es\/wp-json\/wp\/v2\/posts\/436040","targetHints":{"allow":["GET"]}}],"collection":[{"href":"https:\/\/dimensionturistica.com\/es\/wp-json\/wp\/v2\/posts"}],"about":[{"href":"https:\/\/dimensionturistica.com\/es\/wp-json\/wp\/v2\/types\/post"}],"author":[{"embeddable":true,"href":"https:\/\/dimensionturistica.com\/es\/wp-json\/wp\/v2\/users\/4"}],"replies":[{"embeddable":true,"href":"https:\/\/dimensionturistica.com\/es\/wp-json\/wp\/v2\/comments?post=436040"}],"version-history":[{"count":0,"href":"https:\/\/dimensionturistica.com\/es\/wp-json\/wp\/v2\/posts\/436040\/revisions"}],"wp:featuredmedia":[{"embeddable":true,"href":"https:\/\/dimensionturistica.com\/es\/wp-json\/wp\/v2\/media\/436041"}],"wp:attachment":[{"href":"https:\/\/dimensionturistica.com\/es\/wp-json\/wp\/v2\/media?parent=436040"}],"wp:term":[{"taxonomy":"category","embeddable":true,"href":"https:\/\/dimensionturistica.com\/es\/wp-json\/wp\/v2\/categories?post=436040"},{"taxonomy":"post_tag","embeddable":true,"href":"https:\/\/dimensionturistica.com\/es\/wp-json\/wp\/v2\/tags?post=436040"}],"curies":[{"name":"wp","href":"https:\/\/api.w.org\/{rel}","templated":true}]}}