{"id":435978,"date":"2022-12-01T08:18:57","date_gmt":"2022-12-01T08:18:57","guid":{"rendered":"https:\/\/dimensionturistica.com\/es\/?p=435978"},"modified":"2022-12-01T08:18:57","modified_gmt":"2022-12-01T08:18:57","slug":"rovaniemi-la-laponia-de-papa-noel","status":"publish","type":"post","link":"https:\/\/dimensionturistica.com\/es\/rovaniemi-la-laponia-de-papa-noel\/","title":{"rendered":"Rovaniemi, la Laponia de Pap\u00e1 Noel"},"content":{"rendered":"<p> <br \/>\n<\/p>\n<div>\n<div id=\"involveds\" class=\"involveds wrap\">\n<div class=\"involved-authors only-author\">\n<div class=\"first-author\">\n<figure class=\"thumb col-xs-3\">&#13;<img loading=\"lazy\" decoding=\"async\" src=\"https:\/\/news.google.com\/medio\/2021\/12\/20\/lorena-autor-ok_4349f89c_600x600.jpeg\" alt=\"Lorena Autor OK\" class=\"lazyload\" width=\"600\" height=\"600\" data-aspectratio=\"600\/600\"\/><noscript><img decoding=\"async\" src=\"https:\/\/news.google.com\/medio\/2021\/12\/20\/lorena-autor-ok_4349f89c_600x600.jpeg\" alt=\"Lorena Autor OK\"\/><\/noscript>&#13;<\/figure>\n<\/div>\n<\/div>\n<\/div>\n<p class=\"date\"> <time itemprop=\"dateModified\" datetime=\"2022-12-01T09:00:00+01:00\" data-timestamp=\"1669885200\">&#13;01 de diciembre de 2022 \u00b7 09:00<\/time>&#13;<\/p>\n<\/div>\n<div id=\"article-sumary\">\n<div class=\"article-txt ad-mobile-top\">\n<p>Con temperaturas que van desde los -25\u00baC a los a -15 \u00baC durante el invierno, puede sonar una bravuconada, pero una vez en Rovaniemi, lo cierto es que tampoco hace tanto fr\u00edo como uno podr\u00eda pensar de la <a rel=\"nofollow noopener\" target=\"_blank\" href=\"https:\/\/viajes.nationalgeographic.com.es\/a\/laponia-finlandesa-travesia-rovaniemi-hasta-ivalo_7059\">Laponia finlandesa<\/a>. Puede que sea debido a la c\u00e1lida hospitalidad de la regi\u00f3n, a su ambiente universitario o al brillo navide\u00f1o que ba\u00f1a el<a rel=\"nofollow noopener\" target=\"_blank\" href=\"https:\/\/viajes.nationalgeographic.com.es\/a\/laponia-ruta-por-norte-finlandia-y-noruega_7880\"> norte de Finlandia<\/a>\u00a0durante pr\u00e1cticamente todo el a\u00f1o, con una presencia constante de Pap\u00e1 Noel.<\/p>\n<\/div>\n<\/div>\n\n<p><em> &#8221; Fuentes news.google.com &#8221; <\/em><\/p>\n","protected":false},"excerpt":{"rendered":"<p>&#13;&#13; &#13;01 de diciembre de 2022 \u00b7 09:00&#13; Con temperaturas que van desde los -25\u00baC a los a -15 \u00baC durante el invierno, puede sonar una bravuconada, pero una vez en Rovaniemi, lo cierto es que tampoco hace tanto fr\u00edo como uno podr\u00eda pensar de la Laponia finlandesa. Puede que sea debido a la c\u00e1lida [&hellip;]<\/p>\n","protected":false},"author":4,"featured_media":435979,"comment_status":"open","ping_status":"closed","sticky":false,"template":"","format":"standard","meta":{"om_disable_all_campaigns":false,"jnews-multi-image_gallery":[],"jnews_single_post":[],"jnews_primary_category":[],"jnews_social_meta":[],"footnotes":""},"categories":[39],"tags":[47258,47257],"class_list":["post-435978","post","type-post","status-publish","format-standard","has-post-thumbnail","hentry","category-viajes","tag-cargado-desde-el-fichero-de-recursos","tag-keywords-por-defecto"],"_links":{"self":[{"href":"https:\/\/dimensionturistica.com\/es\/wp-json\/wp\/v2\/posts\/435978","targetHints":{"allow":["GET"]}}],"collection":[{"href":"https:\/\/dimensionturistica.com\/es\/wp-json\/wp\/v2\/posts"}],"about":[{"href":"https:\/\/dimensionturistica.com\/es\/wp-json\/wp\/v2\/types\/post"}],"author":[{"embeddable":true,"href":"https:\/\/dimensionturistica.com\/es\/wp-json\/wp\/v2\/users\/4"}],"replies":[{"embeddable":true,"href":"https:\/\/dimensionturistica.com\/es\/wp-json\/wp\/v2\/comments?post=435978"}],"version-history":[{"count":0,"href":"https:\/\/dimensionturistica.com\/es\/wp-json\/wp\/v2\/posts\/435978\/revisions"}],"wp:featuredmedia":[{"embeddable":true,"href":"https:\/\/dimensionturistica.com\/es\/wp-json\/wp\/v2\/media\/435979"}],"wp:attachment":[{"href":"https:\/\/dimensionturistica.com\/es\/wp-json\/wp\/v2\/media?parent=435978"}],"wp:term":[{"taxonomy":"category","embeddable":true,"href":"https:\/\/dimensionturistica.com\/es\/wp-json\/wp\/v2\/categories?post=435978"},{"taxonomy":"post_tag","embeddable":true,"href":"https:\/\/dimensionturistica.com\/es\/wp-json\/wp\/v2\/tags?post=435978"}],"curies":[{"name":"wp","href":"https:\/\/api.w.org\/{rel}","templated":true}]}}