{"id":435962,"date":"2022-12-01T07:46:32","date_gmt":"2022-12-01T07:46:32","guid":{"rendered":"https:\/\/dimensionturistica.com\/es\/?p=435962"},"modified":"2022-12-01T07:46:32","modified_gmt":"2022-12-01T07:46:32","slug":"clase-azul-abre-su-primer-destino-de-lujo-en-los-cabos-y-nos-encanta","status":"publish","type":"post","link":"https:\/\/dimensionturistica.com\/es\/clase-azul-abre-su-primer-destino-de-lujo-en-los-cabos-y-nos-encanta\/","title":{"rendered":"Clase Azul abre su primer destino de lujo en Los Cabos y \u00a1nos encanta!"},"content":{"rendered":"<p> <br \/>\n<\/p>\n<div>\n<h2 class=\"cms-Subtitulos-Subtitulo1\">Clase Azul El Bar<\/h2>\n<p>Mismo consejo que arriba, \u00a1d\u00e9jate guiar! <b>En El Bar encontrar\u00e1s las distintas etiquetas de Clase Azul bajo la forma de deliciosos cocteles creados por la mix\u00f3loga Sheila Zenteno.<\/b> Ojo: aqu\u00ed te recomiendo que primero platiques con los <span class=\"Enhancement\"> <span class=\"\"><a rel=\"nofollow noopener\" target=\"_blank\" class=\"Link\" href=\"https:\/\/elle.mx\/estilo-de-vida\/2022\/07\/07\/makoto-combo-ganador-comida-japonesa-combinada-cocteles-gin\">mix\u00f3logos<\/a><\/span> <\/span> en barra sobre tus preferencias en drinks para que ellos puedan aconsejarte el coctel que m\u00e1s se ajuste a tu personalidad.<\/p>\n<div class=\"Enhancement\">\n           <span class=\"Enhancement-item\"> <\/p>\n<figure class=\"Figure\" itemscope=\"\" itemtype=\"http:\/\/schema.org\/ImageObject\">\n             <img loading=\"lazy\" decoding=\"async\" src=\"https:\/\/cdn-3.expansion.mx\/dims4\/default\/48efa8b\/2147483647\/strip\/true\/crop\/7320x5486+0+0\/resize\/600x450!\/format\/webp\/quality\/90\/?url=https%3A%2F%2Fcdn-3.expansion.mx%2F1f%2F51%2F49c1ee084e25a75825320e5523c7%2Fterraza-cabos-3.jpg\" class=\"lazyload\" alt=\"CLASE-AZUL-LOS-CABOS-TEQUILA.jpg\" srcset=\"https:\/\/cdn-3.expansion.mx\/dims4\/default\/48efa8b\/2147483647\/strip\/true\/crop\/7320x5486+0+0\/resize\/600x450!\/format\/webp\/quality\/90\/?url=https%3A%2F%2Fcdn-3.expansion.mx%2F1f%2F51%2F49c1ee084e25a75825320e5523c7%2Fterraza-cabos-3.jpg 1x,https:\/\/cdn-3.expansion.mx\/dims4\/default\/75669eb\/2147483647\/strip\/true\/crop\/7320x5486+0+0\/resize\/1200x900!\/format\/webp\/quality\/90\/?url=https%3A%2F%2Fcdn-3.expansion.mx%2F1f%2F51%2F49c1ee084e25a75825320e5523c7%2Fterraza-cabos-3.jpg 2x\" width=\"600\" height=\"450\"\/><figcaption class=\"Figure-info\">\n              <span class=\"Figure-caption\" itemprop=\"caption\">Clase Azul Los Cabos<\/span><br \/>\n              <span class=\"Figure-credit\" itemprop=\"author\">(Cortes\u00eda de Clase Azul)<\/span><br \/>\n             <\/figcaption><\/figure>\n<p> <\/span>\n          <\/div>\n<h2 class=\"cms-Subtitulos-Subtitulo1\">Clase Azul Boutique<\/h2>\n<p>Despu\u00e9s de degustar y conocer la historia detr\u00e1s de cada una de las etiquetas de Clase Azul lleg\u00f3 el momento de tomar la decisi\u00f3n m\u00e1s dif\u00edcil: cu\u00e1l llevar a casa. Adem\u00e1s de los \u00edconos, <b>aqu\u00ed podr\u00e1s comprar ediciones limitadas que no est\u00e1n disponibles en ning\u00fan otro lugar<\/b>. Verdaderamente es el Narnia de los coleccionistas.<\/p>\n<div class=\"Enhancement\">\n           <span class=\"Enhancement-item\"> <\/p>\n<figure class=\"Figure\" itemscope=\"\" itemtype=\"http:\/\/schema.org\/ImageObject\">\n             <img loading=\"lazy\" decoding=\"async\" src=\"https:\/\/cdn-3.expansion.mx\/dims4\/default\/4cbffcf\/2147483647\/strip\/true\/crop\/7519x5015+0+0\/resize\/600x400!\/format\/webp\/quality\/90\/?url=https%3A%2F%2Fcdn-3.expansion.mx%2Fe9%2F06%2F9787467942af823a6136f6589c40%2Fdestinations-terraza-e3-14.jpg\" class=\"lazyload\" alt=\"CLASE-AZUL-LOS-CABOS-TEQUILA.jpg\" srcset=\"https:\/\/cdn-3.expansion.mx\/dims4\/default\/4cbffcf\/2147483647\/strip\/true\/crop\/7519x5015+0+0\/resize\/600x400!\/format\/webp\/quality\/90\/?url=https%3A%2F%2Fcdn-3.expansion.mx%2Fe9%2F06%2F9787467942af823a6136f6589c40%2Fdestinations-terraza-e3-14.jpg 1x,https:\/\/cdn-3.expansion.mx\/dims4\/default\/ef0ed7f\/2147483647\/strip\/true\/crop\/7519x5015+0+0\/resize\/1200x800!\/format\/webp\/quality\/90\/?url=https%3A%2F%2Fcdn-3.expansion.mx%2Fe9%2F06%2F9787467942af823a6136f6589c40%2Fdestinations-terraza-e3-14.jpg 2x\" width=\"600\" height=\"400\"\/><figcaption class=\"Figure-info\">\n              <span class=\"Figure-caption\" itemprop=\"caption\">Clase Azul Los Cabos<\/span><br \/>\n              <span class=\"Figure-credit\" itemprop=\"author\">(Cortes\u00eda de Clase Azul)<\/span><br \/>\n             <\/figcaption><\/figure>\n<p> <\/span>\n          <\/div>\n<h2 class=\"cms-Subtitulos-Subtitulo1\">\u00bfD\u00f3nde?<\/h2>\n<p>Clase Azul Los Cabos est\u00e1 ubicada en The Shoppes at Palmilla, Carretera Transpeninsular, Km. 27.5, Palmilla, San Jos\u00e9 del Cabo, B.C.S., M\u00e9xico, 23406.<\/p>\n<\/p><\/div>\n<p><script>\n    window.fbAsyncInit = function() {\n        FB.init({\n                appId : '575957626194914',\n            cookie     : true,\n            xfbml      : true,\n            version    : 'v8.0'\n        });\n        FB.AppEvents.logPageView();\n    };\n    (function(d, s, id){\n        var js, fjs = d.getElementsByTagName(s)[0];\n        if (d.getElementById(id)) {return;}\n        js = d.createElement(s); js.id = id;\n        js.src = \"https:\/\/connect.facebook.net\/en_US\/sdk.js\";\n        fjs.parentNode.insertBefore(js, fjs);\n    }(document, 'script', 'facebook-jssdk'));\n<\/script><br \/>\n<br \/><\/p>\n<p><em> &#8221; Fuentes news.google.com &#8221; <\/em><\/p>\n","protected":false},"excerpt":{"rendered":"<p>Clase Azul El Bar Mismo consejo que arriba, \u00a1d\u00e9jate guiar! En El Bar encontrar\u00e1s las distintas etiquetas de Clase Azul bajo la forma de deliciosos cocteles creados por la mix\u00f3loga Sheila Zenteno. Ojo: aqu\u00ed te recomiendo que primero platiques con los mix\u00f3logos en barra sobre tus preferencias en drinks para que ellos puedan aconsejarte el [&hellip;]<\/p>\n","protected":false},"author":4,"featured_media":435963,"comment_status":"open","ping_status":"closed","sticky":false,"template":"","format":"standard","meta":{"om_disable_all_campaigns":false,"jnews-multi-image_gallery":[],"jnews_single_post":[],"jnews_primary_category":[],"jnews_social_meta":[],"footnotes":""},"categories":[39],"tags":[58157,58158,58161,58162,58159,58163,58164,58165,58166,58160,1720],"class_list":["post-435962","post","type-post","status-publish","format-standard","has-post-thumbnail","hentry","category-viajes","tag-a-taste-of-culture-clase-azul","tag-clase-azul","tag-clase-azul-boutique-los-cabos","tag-clase-azul-experiencia-en-los-cabos","tag-clase-azul-los-cabos","tag-clase-azul-mezcal","tag-clase-azul-tequila","tag-clase-azul-tequila-de-lujo","tag-clase-azul-tequila-lujo","tag-clase-azul-terraza-los-cabos","tag-estilo-de-vida"],"_links":{"self":[{"href":"https:\/\/dimensionturistica.com\/es\/wp-json\/wp\/v2\/posts\/435962","targetHints":{"allow":["GET"]}}],"collection":[{"href":"https:\/\/dimensionturistica.com\/es\/wp-json\/wp\/v2\/posts"}],"about":[{"href":"https:\/\/dimensionturistica.com\/es\/wp-json\/wp\/v2\/types\/post"}],"author":[{"embeddable":true,"href":"https:\/\/dimensionturistica.com\/es\/wp-json\/wp\/v2\/users\/4"}],"replies":[{"embeddable":true,"href":"https:\/\/dimensionturistica.com\/es\/wp-json\/wp\/v2\/comments?post=435962"}],"version-history":[{"count":0,"href":"https:\/\/dimensionturistica.com\/es\/wp-json\/wp\/v2\/posts\/435962\/revisions"}],"wp:featuredmedia":[{"embeddable":true,"href":"https:\/\/dimensionturistica.com\/es\/wp-json\/wp\/v2\/media\/435963"}],"wp:attachment":[{"href":"https:\/\/dimensionturistica.com\/es\/wp-json\/wp\/v2\/media?parent=435962"}],"wp:term":[{"taxonomy":"category","embeddable":true,"href":"https:\/\/dimensionturistica.com\/es\/wp-json\/wp\/v2\/categories?post=435962"},{"taxonomy":"post_tag","embeddable":true,"href":"https:\/\/dimensionturistica.com\/es\/wp-json\/wp\/v2\/tags?post=435962"}],"curies":[{"name":"wp","href":"https:\/\/api.w.org\/{rel}","templated":true}]}}