{"id":435686,"date":"2022-11-30T23:59:35","date_gmt":"2022-11-30T23:59:35","guid":{"rendered":"https:\/\/dimensionturistica.com\/es\/?p=435686"},"modified":"2022-11-30T23:59:35","modified_gmt":"2022-11-30T23:59:35","slug":"los-50-grandes-viajes-que-todo-viajero-deberia-hacer-2","status":"publish","type":"post","link":"https:\/\/dimensionturistica.com\/es\/los-50-grandes-viajes-que-todo-viajero-deberia-hacer-2\/","title":{"rendered":"Los 50 grandes viajes que todo viajero deber\u00eda hacer"},"content":{"rendered":"<p> <br \/>\n<\/p>\n<div id=\"article-sumary\">\n<div class=\"article-txt ad-mobile-top\">\n<p>Pero&#8230; \u00bfqu\u00e9 es un gran viaje? Sobre todo, una forma de abordar un lugar, un esp\u00edritu que impulsa a<strong> cerrar la maleta, abrir los ojos, atarse las botas y hacer kil\u00f3metros y kil\u00f3metros coleccionando recuerdos e improntas.<\/strong> Esta selecci\u00f3n est\u00e1 hecha por viajeros profesionales, aquellos que hacen posible que <strong>Viajes Nationwide Geographic<\/strong> sea un medio referente y relevante. Todo con un objetivo: resolver dudas entre aquellos que oscilan entre un destino u otro y, por supuesto, inspirar y hacer so\u00f1ar. Empezamos.\u00a0<\/p>\n<\/div>\n<\/div>\n\n<p><em> &#8221; Fuentes news.google.com &#8221; <\/em><\/p>\n","protected":false},"excerpt":{"rendered":"<p>Pero&#8230; \u00bfqu\u00e9 es un gran viaje? Sobre todo, una forma de abordar un lugar, un esp\u00edritu que impulsa a cerrar la maleta, abrir los ojos, atarse las botas y hacer kil\u00f3metros y kil\u00f3metros coleccionando recuerdos e improntas. Esta selecci\u00f3n est\u00e1 hecha por viajeros profesionales, aquellos que hacen posible que Viajes Nationwide Geographic sea un medio [&hellip;]<\/p>\n","protected":false},"author":4,"featured_media":429957,"comment_status":"open","ping_status":"closed","sticky":false,"template":"","format":"standard","meta":{"om_disable_all_campaigns":false,"jnews-multi-image_gallery":[],"jnews_single_post":[],"jnews_primary_category":[],"jnews_social_meta":[],"footnotes":""},"categories":[39],"tags":[47258,47257],"class_list":["post-435686","post","type-post","status-publish","format-standard","has-post-thumbnail","hentry","category-viajes","tag-cargado-desde-el-fichero-de-recursos","tag-keywords-por-defecto"],"_links":{"self":[{"href":"https:\/\/dimensionturistica.com\/es\/wp-json\/wp\/v2\/posts\/435686","targetHints":{"allow":["GET"]}}],"collection":[{"href":"https:\/\/dimensionturistica.com\/es\/wp-json\/wp\/v2\/posts"}],"about":[{"href":"https:\/\/dimensionturistica.com\/es\/wp-json\/wp\/v2\/types\/post"}],"author":[{"embeddable":true,"href":"https:\/\/dimensionturistica.com\/es\/wp-json\/wp\/v2\/users\/4"}],"replies":[{"embeddable":true,"href":"https:\/\/dimensionturistica.com\/es\/wp-json\/wp\/v2\/comments?post=435686"}],"version-history":[{"count":0,"href":"https:\/\/dimensionturistica.com\/es\/wp-json\/wp\/v2\/posts\/435686\/revisions"}],"wp:featuredmedia":[{"embeddable":true,"href":"https:\/\/dimensionturistica.com\/es\/wp-json\/wp\/v2\/media\/429957"}],"wp:attachment":[{"href":"https:\/\/dimensionturistica.com\/es\/wp-json\/wp\/v2\/media?parent=435686"}],"wp:term":[{"taxonomy":"category","embeddable":true,"href":"https:\/\/dimensionturistica.com\/es\/wp-json\/wp\/v2\/categories?post=435686"},{"taxonomy":"post_tag","embeddable":true,"href":"https:\/\/dimensionturistica.com\/es\/wp-json\/wp\/v2\/tags?post=435686"}],"curies":[{"name":"wp","href":"https:\/\/api.w.org\/{rel}","templated":true}]}}