{"id":435482,"date":"2022-11-30T17:54:37","date_gmt":"2022-11-30T17:54:37","guid":{"rendered":"https:\/\/dimensionturistica.com\/es\/?p=435482"},"modified":"2022-11-30T17:54:37","modified_gmt":"2022-11-30T17:54:37","slug":"rosario-stevez-crea-accesorios-para-viajar-con-estilo","status":"publish","type":"post","link":"https:\/\/dimensionturistica.com\/es\/rosario-stevez-crea-accesorios-para-viajar-con-estilo\/","title":{"rendered":"Rosario Stevez crea accesorios para viajar con estilo"},"content":{"rendered":"<p> <br \/>\n<\/p>\n<div>\n<div class=\"audioAndDate\"><button id=\"share-code-305875\" class=\"jsx-3171889892 audio-player btn-share-embed\"><i class=\"jsx-3171889892 mdi mdi-code-tags\"\/><\/p>\n<h4 class=\"jsx-3171889892\">Inscrustar nota<\/h4>\n<p><\/button><\/p>\n<p>30 de noviembre de 2022, 13:37 PM<\/p>\n<\/div>\n<p>30 de noviembre de 2022, 13:37 PM<\/p>\n<div>\n<p>Es propietaria de una marca artesanal, de calidad y socialmente responsable, con el compromiso de <b>aportar al crecimiento del pa\u00eds y ofrecer un producto sustentable<\/b> que valora el trabajo hecho a mano por nuestras mujeres. <\/p>\n<\/div>\n<div>\n<p>En el hogar de Jorge y Enma, naci\u00f3 Rosario, el 10 de junio de 1980. Creci\u00f3 y se form\u00f3 como bioqu\u00edmica farmac\u00e9utica, se cas\u00f3, tuvo dos ni\u00f1as, Dhana y Frida Vaca Stevez. Pero, su vida dio un giro con su divorcio, <b>de este traspi\u00e9s ella sac\u00f3 la mejor ense\u00f1anza, se levant\u00f3 y se sacudi\u00f3<\/b>, ten\u00eda que surgir por sus tesoros y junto a ellas lo hizo. <\/p>\n<\/div>\n<div>\n<p>La oportunidad lleg\u00f3 al colaborar a un amigo empresario que introduc\u00eda al mercado m\u00e1quinas de sublimaci\u00f3n de chinelas. Rosario ten\u00eda los contactos y se puso a promocionar el producto. La recompensa fue un inventory de 80 chinelas sublimadas a elecci\u00f3n. <b>Entr\u00f3 al emprendimiento su hija, en el trabajo de dise\u00f1o y as\u00ed naci\u00f3 Hopes.\u00a0<\/b><span style=\" background-color: transparent; font-size: 18.4px; letter-spacing: -0.015em;\">Las chinelas gustaron en la ciudad y en todo el pa\u00eds, ten\u00edan distribuidores en departamentos y provincias.<\/span><\/p>\n<\/div>\n<div>\n<p>No le gustaba hacer manualidades, sin embargo, primero aprendi\u00f3 a bordar chinelas, luego la invitaron a un programa de TV a realizar algo diferente, y se anim\u00f3, mir\u00f3 tutoriales para aprender a decorar sombreros playeros. <b>\u201cEse fue el inicio de un gran \u00e9xito en mi vida personal y empresarial,<\/b> cuando sal\u00ed del programa, mi tel\u00e9fono ten\u00eda cientos de llamadas perdidas, me escribieron de todos los departamentos, agencias de viaje me ped\u00edan sombreros en cantidades, no sab\u00eda cu\u00e1nto pod\u00eda cobrar por un sombrero, ese lo hab\u00eda realizado con accesorios que encontr\u00e9 en mi casa\u201d, cuenta. <\/p>\n<\/div>\n<div>\n<p><b>\u00bfCu\u00e1nto lleva en este oficio?<\/b> <\/p>\n<\/div>\n<div>\n<p>Hopes es la oportunidad que Dios me dio en el momento que m\u00e1s lo necesitaba. El negocio naci\u00f3 despu\u00e9s de mi divorcio, el 5 de abril del a\u00f1o 2017, luego de haber perdido una gran empresa y todos mis bienes materiales, entr\u00e9 en una profunda depresi\u00f3n. Pero, no hay mal que por bien no venga, tuve la oportunidad de realizar un trabajo artesanal y lo tom\u00e9. <\/p>\n<\/div>\n<div>\n<p>Hopes es una palabra en ingl\u00e9s, que en espa\u00f1ol significa esperanza. El emprendimiento period la esperanza que ten\u00eda con mis hijas de que Dios nos levantara despu\u00e9s de haber quedado solas y ante una nueva realidad de vida. Trabajo con ellas, una en la imagen gr\u00e1fica y la otra, en el gusto por la moda. Tengo un trabajador, con el que realizamos la tipograf\u00eda y molder\u00eda de letras y accesorios para los sombreros. Y familias que nos proveen materials y su trabajo, que remuneramos en condiciones justas <span style=\"mso-spacerun:yes\">\u00a0<\/span><\/p>\n<\/div>\n<div>\n<p><b>\u00bfQu\u00e9 produce y cu\u00e1l es el valor a\u00f1adido de sus productos?<\/b> <\/p>\n<\/div>\n<div>\n<p>Hopes es una tienda boutique de moda playera, que ofrece todo lo que necesite para su viaje a la playa o vacaciones a cualquier lugar.\u00a0<span style=\" background-color: transparent; font-size: 18.4px; letter-spacing: -0.015em;\"><b>Personalizamos sombreros, bolsos, chinelas y sandalias con exclusividad. Confeccionamos pareos y poleras<\/b> para grupos de viajeros. Todo es artesanal.<\/span><\/p>\n<\/div>\n<div>\n<p>Confeccionamos carteras y porta botellas de cuero finamente trabajadas con cueros seleccionados. Hacemos sublimaci\u00f3n, serigraf\u00eda y bordado para ropa en common. <\/p>\n<\/div>\n<div>\n<p>Nuestro valor a\u00f1adido est\u00e1 en que <b>generamos empleos a muchas mujeres y familias de escasos recursos para que tengan una mejor calidad de vida al lado de sus hijos.<\/b>\u00a0<span style=\" background-color: transparent; font-size: 18.4px; letter-spacing: -0.015em;\">Transformamos materias primas de nuestro pa\u00eds d\u00e1ndole una mirada y uso diferente a lo que estamos acostumbrados a ver.<\/span><\/p>\n<\/div>\n<div>\n<p><b>Damos trabajo a comunarios de Paurito que tejen los bolsos en palma de sa\u00f3, y luego los transformamos en lindos bolsos de playa. <\/b>Trabajamos con mujeres ind\u00edgenas que viven a orillas del lago Titicaca que tejen las toquillas bajo dise\u00f1os propios con lana de beiby alpaca, las que colocamos a sombreros y los decoramos d\u00e1ndole el estilo playero. <\/p>\n<\/div>\n<div>\n<p>Incursionamos tambi\u00e9n con los sombreros vaqueros decorados con cueros y cristales.<b> Hacemos sombreros con mucha pedrer\u00eda para artistas <\/b>y personalidades de nuestra ciudad y de otros departamentos. <\/p>\n<\/div>\n<div>\n<p><b>\u00bfQuiere decir que los modelos son exclusivos?<\/b> <\/p>\n<\/div>\n<div>\n<p>Exactamente, cada pedido es \u00fanico y a gusto de cada cliente. Porque se hace a mano. Trabajamos con materia prima boliviana, brasilera, paraguaya y peruana. <\/p>\n<\/div>\n<div>\n<p><b>\u00bfQui\u00e9nes hacen los accesorios tejidos a crochet?<\/b> <\/p>\n<\/div>\n<div>\n<p>Una familia de la comunidad Itapaqui, del municipio de Cotoca. Ellos tejen los pareos y trajes de ba\u00f1o con la t\u00e9cnica de crochet y macram\u00e9 desde la comodidad de sus hogares. <\/p>\n<\/div>\n<div>\n<p><b>Sea cual sea la temporada, el sombrero nunca falla. Vers\u00e1til y elegante, es el accesorio clave en cualquier circunstancia. \u00bfD\u00f3nde se especializ\u00f3 en hacerlos?<\/b> <\/p>\n<\/div>\n<div>\n<p>He viajado a Europa hace muchos a\u00f1os atr\u00e1s, cuando ni por mi cabeza pasaba que alg\u00fan d\u00eda dise\u00f1ar\u00eda sombreros. Me encant\u00f3 la moda europea, el uso del sombrero en las personalizades siempre me llam\u00f3 la atenci\u00f3n, por la elegancia que brindaban a los outfits. <b>Creo que, si vas a copiar a alguien, copia lo bueno y diferente a lo que hay en tu c\u00edrculo,<\/b> siempre estoy pendiente de la moda playera de Brasil, M\u00e9xico y algunos pa\u00edses de Europa, me inspiro en esos lugares.<\/p>\n<\/div>\n<div>\n<p><img decoding=\"async\" src=\"https:\/\/static.eldeber.com.bo\/\/Files\/Sizes\/2022\/11\/30\/rosario-en-su-tienda_1265558864_760x520.jpg\" style=\"box-sizing: border-box; border: 0px; vertical-align: middle; margin: 0px; height: auto; width: auto; max-width: 100%; font-family: Rubik, sans-serif; font-size: 18.4px; font-style: normal; font-variant-ligatures: normal; font-variant-caps: normal; font-weight: 300; letter-spacing: -0.276px; orphans: 2; text-align: left; text-indent: 0px; text-transform: none; white-space: normal; widows: 2; word-spacing: 0px; -webkit-text-stroke-width: 0px; text-decoration-thickness: initial; text-decoration-style: initial; text-decoration-color: initial;\"\/><\/p>\n<\/div>\n<div>\n<p><b style=\" background-color: transparent; font-size: 18.4px; letter-spacing: -0.015em;\">\u00bfTiene una tienda f\u00edsica o comercializa solo por las redes?<\/b><\/p>\n<\/div>\n<div>\n<p>Contamos con una tienda f\u00edsica, en la feria Barrio Lindo, Asociaci\u00f3n 2 de octubre, pasillo Vallegrande 622. Tenemos un showroom en nuestra casa matriz, ubicada en la avenida Santos Dumont y 5to anillo. Hacemos envi\u00f3 a todo Bolivia y entregas gratuitas dentro del quarto. anillo en la ciudad de Santa Cruz. Estamos presentes las redes sociales: Fb, Instagram, TikTok y Pinterest. <\/p>\n<\/div>\n<div>\n<p><b>\u00bfTiene un buen consejo para las nuevas emprendedoras?<\/b> <\/p>\n<\/div>\n<div>\n<p>Solo Dios dispone de la vida, de los sue\u00f1os y de los prop\u00f3sitos de una persona. \u201cCuando \u00e9l dice este es t\u00fa tiempo: es t\u00fa tiempo\u201d. Sin pensarlo, sin planearlo, aprend\u00ed que nunca hay que perder las oportunidades. A medida que pasan los d\u00edas tu visi\u00f3n cambia, porque estamos en constante aprendizaje. Hoy me siento muy feliz por todo lo logrado y aprendido, por las personas que he conocido en este camino. <b>Hay que animarse siempre con mucha fe en una misma y en el Creador.<\/b><\/p>\n<\/div>\n<\/div>\n\n<p><em> &#8221; Fuentes news.google.com &#8221; <\/em><\/p>\n","protected":false},"excerpt":{"rendered":"<p>Inscrustar nota 30 de noviembre de 2022, 13:37 PM 30 de noviembre de 2022, 13:37 PM Es propietaria de una marca artesanal, de calidad y socialmente responsable, con el compromiso de aportar al crecimiento del pa\u00eds y ofrecer un producto sustentable que valora el trabajo hecho a mano por nuestras mujeres. En el hogar de [&hellip;]<\/p>\n","protected":false},"author":4,"featured_media":435483,"comment_status":"open","ping_status":"closed","sticky":false,"template":"","format":"standard","meta":{"om_disable_all_campaigns":false,"jnews-multi-image_gallery":[],"jnews_single_post":[],"jnews_primary_category":[],"jnews_social_meta":[],"footnotes":""},"categories":[40],"tags":[58120,49296,58118,58119],"class_list":["post-435482","post","type-post","status-publish","format-standard","has-post-thumbnail","hentry","category-industria","tag-accesorios-de-playa","tag-emprendedora","tag-hopes","tag-sombreros-de-playa"],"_links":{"self":[{"href":"https:\/\/dimensionturistica.com\/es\/wp-json\/wp\/v2\/posts\/435482","targetHints":{"allow":["GET"]}}],"collection":[{"href":"https:\/\/dimensionturistica.com\/es\/wp-json\/wp\/v2\/posts"}],"about":[{"href":"https:\/\/dimensionturistica.com\/es\/wp-json\/wp\/v2\/types\/post"}],"author":[{"embeddable":true,"href":"https:\/\/dimensionturistica.com\/es\/wp-json\/wp\/v2\/users\/4"}],"replies":[{"embeddable":true,"href":"https:\/\/dimensionturistica.com\/es\/wp-json\/wp\/v2\/comments?post=435482"}],"version-history":[{"count":0,"href":"https:\/\/dimensionturistica.com\/es\/wp-json\/wp\/v2\/posts\/435482\/revisions"}],"wp:featuredmedia":[{"embeddable":true,"href":"https:\/\/dimensionturistica.com\/es\/wp-json\/wp\/v2\/media\/435483"}],"wp:attachment":[{"href":"https:\/\/dimensionturistica.com\/es\/wp-json\/wp\/v2\/media?parent=435482"}],"wp:term":[{"taxonomy":"category","embeddable":true,"href":"https:\/\/dimensionturistica.com\/es\/wp-json\/wp\/v2\/categories?post=435482"},{"taxonomy":"post_tag","embeddable":true,"href":"https:\/\/dimensionturistica.com\/es\/wp-json\/wp\/v2\/tags?post=435482"}],"curies":[{"name":"wp","href":"https:\/\/api.w.org\/{rel}","templated":true}]}}