{"id":435335,"date":"2022-11-30T13:58:17","date_gmt":"2022-11-30T13:58:17","guid":{"rendered":"https:\/\/dimensionturistica.com\/es\/?p=435335"},"modified":"2022-11-30T13:58:17","modified_gmt":"2022-11-30T13:58:17","slug":"act-anuncia-trabajos-de-reparacion-en-expreso-martinez-nadal-agencias","status":"publish","type":"post","link":"https:\/\/dimensionturistica.com\/es\/act-anuncia-trabajos-de-reparacion-en-expreso-martinez-nadal-agencias\/","title":{"rendered":"ACT anuncia trabajos de reparaci\u00f3n en expreso Mart\u00ednez Nadal | Agencias"},"content":{"rendered":"<p> <br \/>\n<\/p>\n<div id=\"article-body\" itemprop=\"articleBody\">\n                                <meta itemprop=\"isAccessibleForFree\" content=\"true\"\/><\/p>\n<p>La <strong>Autoridad de Carreteras y Transportaci\u00f3n<\/strong> (ACT) anunci\u00f3 que realizar\u00e1 reemplazo de losas de pavimento en el Expreso Mart\u00ednez Nadal (PR-20) en direcci\u00f3n San Juan a Guaynabo.<\/p>\n<p>Seg\u00fan se detall\u00f3, los trabajos comenzar\u00e1n el viernes, 2 de diciembre a las 9:00 p.m. y terminar\u00e1n el lunes, 5 de diciembre en la madrugada.<\/p>\n<p>Ante esto, se cerrar\u00e1 de manera temporal del carril derecho y mantendr\u00e1n el carril izquierdo y central disponible al tr\u00e1nsito.<\/p>\n<p>Para reducir los retrasos en los tiempos de viaje se recomienda a los conductores utilizar la aplicaci\u00f3n WAZE.<\/p>\n<div id=\"tncms-region-article_bottom_content\" class=\"tncms-region hidden-print\">\n<div id=\"tncms-block-1281565\" class=\"tncms-block\">\n<div class=\"visible-xs visible-sm\">\n<p style=\"font-style:italic\">Recibe m\u00e1s informaci\u00f3n sobre esta y otras noticias. Pulsa aqu\u00ed si eres usuario de <a rel=\"nofollow noopener\" target=\"_blank\" href=\"https:\/\/play.google.com\/store\/apps\/details?id=hr.apps.n207032405&amp;hl=en&amp;gl=US\">Android<\/a> o de <a rel=\"nofollow noopener\" target=\"_blank\" href=\"https:\/\/apps.apple.com\/us\/app\/el-vocero-de-puerto-rico\/id569268626\">iPhone<\/a>.<\/p>\n<\/div>\n<\/div>\n<\/div><\/div>\n<p><script>\n!function(f,b,e,v,n,t,s)\n{if(f.fbq)return;n=f.fbq=function(){n.callMethod?\nn.callMethod.apply(n,arguments):n.queue.push(arguments)};\nif(!f._fbq)f._fbq=n;n.push=n;n.loaded=!0;n.version='2.0';\nn.queue=[];t=b.createElement(e);t.async=!0;\nt.src=v;s=b.getElementsByTagName(e)[0];\ns.parentNode.insertBefore(t,s)}(window, document,'script',\n'https:\/\/connect.facebook.net\/en_US\/fbevents.js');\nfbq('init', '1815340891988198');\nfbq('track', 'PageView');\n<\/script><br \/>\n<br \/><\/p>\n<p><em> &#8221; Fuentes news.google.com &#8221; <\/em><\/p>\n","protected":false},"excerpt":{"rendered":"<p>La Autoridad de Carreteras y Transportaci\u00f3n (ACT) anunci\u00f3 que realizar\u00e1 reemplazo de losas de pavimento en el Expreso Mart\u00ednez Nadal (PR-20) en direcci\u00f3n San Juan a Guaynabo. Seg\u00fan se detall\u00f3, los trabajos comenzar\u00e1n el viernes, 2 de diciembre a las 9:00 p.m. y terminar\u00e1n el lunes, 5 de diciembre en la madrugada. Ante esto, se [&hellip;]<\/p>\n","protected":false},"author":4,"featured_media":435336,"comment_status":"open","ping_status":"closed","sticky":false,"template":"","format":"standard","meta":{"om_disable_all_campaigns":false,"jnews-multi-image_gallery":[],"jnews_single_post":[],"jnews_primary_category":[],"jnews_social_meta":[],"footnotes":""},"categories":[40],"tags":[1161],"class_list":["post-435335","post","type-post","status-publish","format-standard","has-post-thumbnail","hentry","category-industria","tag-agencias"],"_links":{"self":[{"href":"https:\/\/dimensionturistica.com\/es\/wp-json\/wp\/v2\/posts\/435335","targetHints":{"allow":["GET"]}}],"collection":[{"href":"https:\/\/dimensionturistica.com\/es\/wp-json\/wp\/v2\/posts"}],"about":[{"href":"https:\/\/dimensionturistica.com\/es\/wp-json\/wp\/v2\/types\/post"}],"author":[{"embeddable":true,"href":"https:\/\/dimensionturistica.com\/es\/wp-json\/wp\/v2\/users\/4"}],"replies":[{"embeddable":true,"href":"https:\/\/dimensionturistica.com\/es\/wp-json\/wp\/v2\/comments?post=435335"}],"version-history":[{"count":0,"href":"https:\/\/dimensionturistica.com\/es\/wp-json\/wp\/v2\/posts\/435335\/revisions"}],"wp:featuredmedia":[{"embeddable":true,"href":"https:\/\/dimensionturistica.com\/es\/wp-json\/wp\/v2\/media\/435336"}],"wp:attachment":[{"href":"https:\/\/dimensionturistica.com\/es\/wp-json\/wp\/v2\/media?parent=435335"}],"wp:term":[{"taxonomy":"category","embeddable":true,"href":"https:\/\/dimensionturistica.com\/es\/wp-json\/wp\/v2\/categories?post=435335"},{"taxonomy":"post_tag","embeddable":true,"href":"https:\/\/dimensionturistica.com\/es\/wp-json\/wp\/v2\/tags?post=435335"}],"curies":[{"name":"wp","href":"https:\/\/api.w.org\/{rel}","templated":true}]}}