{"id":435284,"date":"2022-11-30T12:39:43","date_gmt":"2022-11-30T12:39:43","guid":{"rendered":"https:\/\/dimensionturistica.com\/es\/?p=435284"},"modified":"2022-11-30T12:39:44","modified_gmt":"2022-11-30T12:39:44","slug":"seis-planes-para-conocer-sierra-espuna-el-pulmon-verde-de-la-region-de-murcia","status":"publish","type":"post","link":"https:\/\/dimensionturistica.com\/es\/seis-planes-para-conocer-sierra-espuna-el-pulmon-verde-de-la-region-de-murcia\/","title":{"rendered":"Seis planes para conocer Sierra Espu\u00f1a, el pulm\u00f3n verde de la Regi\u00f3n de Murcia"},"content":{"rendered":"<p> <br \/>\n<\/p>\n<div id=\"article-sumary\">\n<div class=\"article-txt ad-mobile-top\">\n<p>De todos los encantos de la Regi\u00f3n de Murcia, el <a rel=\"nofollow noopener\" target=\"_blank\" href=\"https:\/\/sierraespuna.com\/experiencias-territorio\/\">Parque Regional de Sierra Espu\u00f1a<\/a> tiene el honor de ser el mayor pulm\u00f3n pure y uno de los <strong>mejores destinos de turismo sostenible <\/strong>de la regi\u00f3n. Este espacio pure, el primero protegido por la Carta Europea de Turismo Sostenible de la Regi\u00f3n de Murcia, promete una escapada para respirar aire puro, alejarse del ruido y olvidar el estr\u00e9s con <strong>planes que van desde el deporte hasta la gastronom\u00eda,<\/strong> pasando por la cultura y el patrimonio de sus pueblos.<\/p>\n<p>\u00a0<\/p>\n<\/div>\n<\/div>\n\n<p><em> &#8221; Fuentes news.google.com &#8221; <\/em><\/p>\n","protected":false},"excerpt":{"rendered":"<p>De todos los encantos de la Regi\u00f3n de Murcia, el Parque Regional de Sierra Espu\u00f1a tiene el honor de ser el mayor pulm\u00f3n pure y uno de los mejores destinos de turismo sostenible de la regi\u00f3n. Este espacio pure, el primero protegido por la Carta Europea de Turismo Sostenible de la Regi\u00f3n de Murcia, promete [&hellip;]<\/p>\n","protected":false},"author":4,"featured_media":435285,"comment_status":"open","ping_status":"closed","sticky":false,"template":"","format":"standard","meta":{"om_disable_all_campaigns":false,"jnews-multi-image_gallery":[],"jnews_single_post":[],"jnews_primary_category":[],"jnews_social_meta":[],"footnotes":""},"categories":[39],"tags":[47258,47257],"class_list":["post-435284","post","type-post","status-publish","format-standard","has-post-thumbnail","hentry","category-viajes","tag-cargado-desde-el-fichero-de-recursos","tag-keywords-por-defecto"],"_links":{"self":[{"href":"https:\/\/dimensionturistica.com\/es\/wp-json\/wp\/v2\/posts\/435284","targetHints":{"allow":["GET"]}}],"collection":[{"href":"https:\/\/dimensionturistica.com\/es\/wp-json\/wp\/v2\/posts"}],"about":[{"href":"https:\/\/dimensionturistica.com\/es\/wp-json\/wp\/v2\/types\/post"}],"author":[{"embeddable":true,"href":"https:\/\/dimensionturistica.com\/es\/wp-json\/wp\/v2\/users\/4"}],"replies":[{"embeddable":true,"href":"https:\/\/dimensionturistica.com\/es\/wp-json\/wp\/v2\/comments?post=435284"}],"version-history":[{"count":0,"href":"https:\/\/dimensionturistica.com\/es\/wp-json\/wp\/v2\/posts\/435284\/revisions"}],"wp:featuredmedia":[{"embeddable":true,"href":"https:\/\/dimensionturistica.com\/es\/wp-json\/wp\/v2\/media\/435285"}],"wp:attachment":[{"href":"https:\/\/dimensionturistica.com\/es\/wp-json\/wp\/v2\/media?parent=435284"}],"wp:term":[{"taxonomy":"category","embeddable":true,"href":"https:\/\/dimensionturistica.com\/es\/wp-json\/wp\/v2\/categories?post=435284"},{"taxonomy":"post_tag","embeddable":true,"href":"https:\/\/dimensionturistica.com\/es\/wp-json\/wp\/v2\/tags?post=435284"}],"curies":[{"name":"wp","href":"https:\/\/api.w.org\/{rel}","templated":true}]}}