{"id":435181,"date":"2022-11-30T09:08:09","date_gmt":"2022-11-30T09:08:09","guid":{"rendered":"https:\/\/dimensionturistica.com\/es\/?p=435181"},"modified":"2022-11-30T09:08:09","modified_gmt":"2022-11-30T09:08:09","slug":"esta-es-la-mejor-estacion-de-esqui-del-mundo-de-2022-2","status":"publish","type":"post","link":"https:\/\/dimensionturistica.com\/es\/esta-es-la-mejor-estacion-de-esqui-del-mundo-de-2022-2\/","title":{"rendered":"Esta es la mejor estaci\u00f3n de esqu\u00ed del mundo de 2022"},"content":{"rendered":"<p> <br \/>\n<\/p>\n<div>\n<div id=\"involveds\" class=\"involveds wrap\">\n<div class=\"involved-authors only-author\">\n<div class=\"first-author\">\n<figure class=\"thumb col-xs-3\">&#13;<img loading=\"lazy\" decoding=\"async\" src=\"https:\/\/news.google.com\/medio\/2022\/11\/25\/sandra-martin-nueva-nl_31c8ba35_600x600.jpg\" alt=\"Sandra Martin Nueva NL\" class=\"lazyload\" width=\"600\" height=\"600\" data-aspectratio=\"600\/600\"\/><noscript><img decoding=\"async\" src=\"https:\/\/news.google.com\/medio\/2022\/11\/25\/sandra-martin-nueva-nl_31c8ba35_600x600.jpg\" alt=\"Sandra Martin Nueva NL\"\/><\/noscript>&#13;<\/figure>\n<\/div>\n<\/div>\n<\/div>\n<p class=\"date\"> <time itemprop=\"dateModified\" datetime=\"2022-11-30T09:33:00+01:00\" data-timestamp=\"1669800780\">&#13;30 de noviembre de 2022 \u00b7 09:33<\/time>&#13;<\/p>\n<\/div>\n<div id=\"article-sumary\">\n<div class=\"article-txt ad-mobile-top\">\n<p>La estaci\u00f3n de Verbier, en el Valais suizo, ha ganado por segundo a\u00f1o consecutivo la d\u00e9cima edici\u00f3n de los <a rel=\"nofollow noopener\" target=\"_blank\" href=\"https:\/\/viajes.nationalgeographic.com.es\/lifestyle\/mejores-destinos-esqui-2020_14890\">World Ski Awards<\/a> en la categor\u00eda de World\u2019s Greatest Ski Resort. Este premio reconoce el enclave de Verbier por sus instalaciones, su oferta gastron\u00f3mica y hotelera, sus actividades complementarias al esqu\u00ed as\u00ed como su apr\u00e8s-ski. La categor\u00eda World\u2019s Greatest Ski Lodge la ha ganado el WVerbier, que acaba de renovar sus 123 habitaciones para esta temporada 2022-2023.<\/p>\n<section class=\"related-article-content relacionado\">\n<p class=\"relatedTitle\">Art\u00edculo relacionado<\/p>\n<p><a rel=\"nofollow noopener\" target=\"_blank\" href=\"https:\/\/news.google.com\/a\/estaciones-esqui-a-dos-dedos-frontera_18783\" class=\"rel\"><\/p>\n<article class=\"article\">&#13;<\/p>\n<figure class=\"thumb\">&#13;<img decoding=\"async\" src=\"https:\/\/news.google.com\/medio\/2022\/11\/23\/porte-puymorens-domaine-skiable-03_33e897df_1280x720.jpg\" alt=\"porte-puymorens domaine-skiable 03\" class=\"imagenRelacionado lazyload\"\/><noscript><img decoding=\"async\" src=\"https:\/\/news.google.com\/medio\/2022\/11\/23\/porte-puymorens-domaine-skiable-03_33e897df_1280x720.jpg\" alt=\"porte-puymorens domaine-skiable 03\"\/><\/noscript>&#13;<\/figure>\n<p>&#13;<\/p>\n<div class=\"relacionadoTxt\">\n<p>&#13;<\/p>\n<h4 class=\"supertitle\">&#13;Un puente muy blanco<\/h4>\n<h4 class=\"title\">&#13;Estaciones de esqu\u00ed a dos dedos de la frontera<\/h4>\n<p>&#13;<\/p>\n<\/div>\n<\/article>\n<p><\/a><\/section>\n<\/div>\n<\/div>\n<div id=\"article-text\">\n<div class=\"txt\">\n<aside class=\"subscription-highlighted\">\n<div class=\"subscription-container\">\n<div class=\"non-subscribed\">\n<p class=\"description\">Cyber Monday. Suscr\u00edbete hoy al -50% a la revista Viajes Nationwide Geographic y explora nuevos destinos<\/p>\n<p><a rel=\"nofollow noopener\" target=\"_blank\" href=\"https:\/\/tienda.rba.es\/revistas\/viajes-national-geographic?rba_source=viajes.nationalgeographic.com.es&amp;rba_medium=referral&amp;rba_campaign=NGMV&amp;rba_content=frase-articulo\" class=\"more-link\">EMPIEZA YA<\/a><\/div>\n<\/div>\n<\/aside>\n<p style=\"display: none;\"><img decoding=\"async\" id=\"ctl01_ctl00_phMain_phMain_ctl00_ctl02_ctl17_ctl01_imgContent\" src=\"https:\/\/news.google.com\/medio\/2022\/11\/24\/verbier_fc43cb5d_800x800.jpg\" alt=\"Verbier\" style=\"border-width:0px;\"\/><\/p>\n<aside class=\"add300x250 publi-interior-top ad-container-r1 ad-inline\"\/>\n<p>Los World Ski Awards nacieron en 2013 a rebufo de los <a rel=\"nofollow noopener\" target=\"_blank\" href=\"https:\/\/viajes.nationalgeographic.com.es\/lifestyle\/ganadores-mas-eco-world-travel-awards_14908\">World Travel Awards<\/a>, que ya van por la 29\u00ba edici\u00f3n, para premiar la excelencia en el turismo de esqu\u00ed de estaciones, alojamientos y empresas de servicios. Estaciones de 25 pa\u00edses de todos los continentes han participado en la selecci\u00f3n de este a\u00f1o. La votaci\u00f3n se ha llevado a cabo on-line y han participado profesionales del turismo de esqu\u00ed, desde empresarios y directivos hasta periodistas especializados, agentes de viajes y p\u00fablico basic.<\/p>\n<figure class=\"thumb zoom\"><img loading=\"lazy\" decoding=\"async\" sizes=\"auto, 100vw\" srcset=\"https:\/\/news.google.com\/medio\/2022\/11\/24\/teleferico-mont-fort_ed5c3b66_720x479.jpg 720w,https:\/\/news.google.com\/medio\/2022\/11\/24\/teleferico-mont-fort_2f3cacc8_1200x799.jpg 1200w\" src=\"https:\/\/news.google.com\/medio\/2022\/11\/24\/teleferico-mont-fort_2f3cacc8_1200x799.jpg\" alt=\"telef\u00e9rico Mont Fort\" class=\"lazyload\" width=\"1200\" height=\"799\" data-aspectratio=\"1200\/799\"\/><noscript><img decoding=\"async\" src=\"https:\/\/news.google.com\/medio\/2022\/11\/24\/teleferico-mont-fort_2f3cacc8_1200x799.jpg\" alt=\"telef\u00e9rico Mont Fort\"\/><\/noscript><\/p>\n<p>&#13;<figcaption class=\"by\">&#13;GoneGone Media \/Suiza Turismo<\/figcaption>&#13;<\/p>\n<\/figure>\n<p>Verbier, en el <a rel=\"nofollow noopener\" target=\"_blank\" href=\"https:\/\/viajes.nationalgeographic.com.es\/a\/suiza-plan-virtual_15507\">Valais suizo<\/a>, lleva dos a\u00f1os seguidos proclam\u00e1ndose World&#8217;s Greatest Ski Resort gracias a la calidad de sus servicios e instalaciones en un \u00e1rea de esqu\u00ed tan extensa como variada, que adem\u00e1s est\u00e1 inmersa en un paisaje alpino espectacular. El macizo de Combins y el <a rel=\"nofollow noopener\" target=\"_blank\" href=\"https:\/\/viajes.nationalgeographic.com.es\/a\/por-valle-chamonix-hasta-mont-blanc_8993\">Mont Blanc<\/a> dominan las vistas de esta puerta de entrada a &#8220;los Cuatro Valles&#8221;, un dominio que agrupa las estaciones de Verbier, Nendaz, Veysonnaz, Thyon y La Tzoumaz que entre todas suman 410 km de pistas y m\u00e1s de 89 remontes mec\u00e1nicos. Tambi\u00e9n cuenta con una pista de trineos de 10 km, itinerarios para raquetas de nieve y posibilidades de practicar heliesqu\u00ed.<\/p>\n<p>PARA LEER M\u00c1S<\/p>\n<figure class=\"thumb zoom\"><img loading=\"lazy\" decoding=\"async\" sizes=\"auto, 100vw\" srcset=\"https:\/\/news.google.com\/medio\/2022\/11\/24\/hotel-w-verbier_2be669cf_720x478.jpg 720w,https:\/\/news.google.com\/medio\/2022\/11\/24\/hotel-w-verbier_521d78bf_970x645.jpg 970w\" src=\"https:\/\/news.google.com\/medio\/2022\/11\/24\/hotel-w-verbier_521d78bf_970x645.jpg\" alt=\"Hotel W Verbier\" class=\"lazyload\" width=\"970\" height=\"645\" data-aspectratio=\"970\/645\"\/><noscript><img decoding=\"async\" src=\"https:\/\/news.google.com\/medio\/2022\/11\/24\/hotel-w-verbier_521d78bf_970x645.jpg\" alt=\"Hotel W Verbier\"\/><\/noscript><\/p>\n<p>&#13;<figcaption class=\"by\">&#13;Suiza Turismo<\/figcaption>&#13;<\/p>\n<\/figure>\n<p>El telef\u00e9rico que llega hasta la cima del Mont-Fort, a 3329 metros de altitud, es el m\u00e1s espectacular de todo Verbier, por la pista negra que desciende y por el panorama de picos al que se asoma (Weisshorn, <a rel=\"nofollow noopener\" target=\"_blank\" href=\"https:\/\/viajes.nationalgeographic.com.es\/a\/diez-glaciares-para-esquiar-europa_18775\">Cervino<\/a>, Grand Combin, Mont Blanc, Dents du Midi), con el valle del R\u00f3dano y los Alpes berneses a lo lejos. Este es el escenario de la Haute Route, la traves\u00eda alpina entre Chamonix y Zermatt que solo puede realizarse con esqu\u00eds de monta\u00f1a.<\/p>\n<figure class=\"thumb zoom\"><img loading=\"lazy\" decoding=\"async\" sizes=\"auto, 100vw\" srcset=\"https:\/\/news.google.com\/medio\/2022\/11\/24\/laax_3100b55e_720x355.jpg 720w,https:\/\/news.google.com\/medio\/2022\/11\/24\/laax_d7c439d8_1200x592.jpg 1200w\" src=\"https:\/\/news.google.com\/medio\/2022\/11\/24\/laax_d7c439d8_1200x592.jpg\" alt=\"Laax\" class=\"lazyload\" width=\"1200\" height=\"592\" data-aspectratio=\"1200\/592\"\/><noscript><img decoding=\"async\" src=\"https:\/\/news.google.com\/medio\/2022\/11\/24\/laax_d7c439d8_1200x592.jpg\" alt=\"Laax\"\/><\/noscript><\/p>\n<p>&#13;<figcaption class=\"by\">&#13;istock<\/figcaption>&#13;<\/p>\n<\/figure>\n<p>Los World Ski Awards han premiado otra estaci\u00f3n suiza: Laax, en el cant\u00f3n de los <a rel=\"nofollow noopener\" target=\"_blank\" href=\"https:\/\/viajes.nationalgeographic.com.es\/a\/ginebra-a-saint-moritz_7930\">Grisones<\/a>, se ha llevado el Greatest Freestyle Resort. El dominio Flims Laax Falera tiene su punto m\u00e1s alto en el glaciar Vorabgletscher, a 3018 metros, pero lo que lo convierte en un fuera de serie entre las estaciones de esqu\u00ed son sus instalaciones y \u00e1reas de <em>freeride<\/em> para practicar el surf de nieve o s<i>nowboard<\/i>.<\/p>\n<h2>Los nominados de los Pirineos<\/h2>\n<p>Entre los nominados a World&#8217;s Greatest Ski Resort hay dos estaciones del Pirineo: la aragonesa <a rel=\"nofollow noopener\" target=\"_blank\" href=\"https:\/\/viajes.nationalgeographic.com.es\/a\/escapada-pirineo-huesca_13799\">Candanch\u00fa<\/a> y Grandvalira, que desde esta temporada integra todas las estaciones de Andorra. En la categor\u00eda Greatest Ski Lodge, hab\u00eda tambi\u00e9n dos nominados pirenaicos: el Grand Plaza Lodge &amp;Wellness, en Andorra la Vella, y el Lodge Val de Neu, en <a rel=\"nofollow noopener\" target=\"_blank\" href=\"https:\/\/viajes.nationalgeographic.com.es\/a\/baqueira-modo-experto_15098\">Baqueira<\/a>.<\/p>\n<aside class=\"add300x600 publi-interior-bot ad-inline ad-container-r2\"\/><\/div>\n<p><!-- START: tags-rel  --><!-- END: tags-rel   --><br \/>\n<!-- START:toolbar --><!-- END:toolbar --><\/div>\n\n<p><em> &#8221; Fuentes news.google.com &#8221; <\/em><\/p>\n","protected":false},"excerpt":{"rendered":"<p>&#13;&#13; &#13;30 de noviembre de 2022 \u00b7 09:33&#13; La estaci\u00f3n de Verbier, en el Valais suizo, ha ganado por segundo a\u00f1o consecutivo la d\u00e9cima edici\u00f3n de los World Ski Awards en la categor\u00eda de World\u2019s Greatest Ski Resort. Este premio reconoce el enclave de Verbier por sus instalaciones, su oferta gastron\u00f3mica y hotelera, sus actividades [&hellip;]<\/p>\n","protected":false},"author":4,"featured_media":435176,"comment_status":"open","ping_status":"closed","sticky":false,"template":"","format":"standard","meta":{"om_disable_all_campaigns":false,"jnews-multi-image_gallery":[],"jnews_single_post":[],"jnews_primary_category":[],"jnews_social_meta":[],"footnotes":""},"categories":[39],"tags":[47258,47257],"class_list":["post-435181","post","type-post","status-publish","format-standard","has-post-thumbnail","hentry","category-viajes","tag-cargado-desde-el-fichero-de-recursos","tag-keywords-por-defecto"],"_links":{"self":[{"href":"https:\/\/dimensionturistica.com\/es\/wp-json\/wp\/v2\/posts\/435181","targetHints":{"allow":["GET"]}}],"collection":[{"href":"https:\/\/dimensionturistica.com\/es\/wp-json\/wp\/v2\/posts"}],"about":[{"href":"https:\/\/dimensionturistica.com\/es\/wp-json\/wp\/v2\/types\/post"}],"author":[{"embeddable":true,"href":"https:\/\/dimensionturistica.com\/es\/wp-json\/wp\/v2\/users\/4"}],"replies":[{"embeddable":true,"href":"https:\/\/dimensionturistica.com\/es\/wp-json\/wp\/v2\/comments?post=435181"}],"version-history":[{"count":0,"href":"https:\/\/dimensionturistica.com\/es\/wp-json\/wp\/v2\/posts\/435181\/revisions"}],"wp:featuredmedia":[{"embeddable":true,"href":"https:\/\/dimensionturistica.com\/es\/wp-json\/wp\/v2\/media\/435176"}],"wp:attachment":[{"href":"https:\/\/dimensionturistica.com\/es\/wp-json\/wp\/v2\/media?parent=435181"}],"wp:term":[{"taxonomy":"category","embeddable":true,"href":"https:\/\/dimensionturistica.com\/es\/wp-json\/wp\/v2\/categories?post=435181"},{"taxonomy":"post_tag","embeddable":true,"href":"https:\/\/dimensionturistica.com\/es\/wp-json\/wp\/v2\/tags?post=435181"}],"curies":[{"name":"wp","href":"https:\/\/api.w.org\/{rel}","templated":true}]}}