{"id":434780,"date":"2022-11-29T17:33:46","date_gmt":"2022-11-29T17:33:46","guid":{"rendered":"https:\/\/dimensionturistica.com\/es\/?p=434780"},"modified":"2022-11-29T17:33:46","modified_gmt":"2022-11-29T17:33:46","slug":"fotos-las-12-islas-privadas-de-espana-desde-espacios-protegidos-a-propiedades-multimillonarias","status":"publish","type":"post","link":"https:\/\/dimensionturistica.com\/es\/fotos-las-12-islas-privadas-de-espana-desde-espacios-protegidos-a-propiedades-multimillonarias\/","title":{"rendered":"Fotos: Las 12 islas privadas de Espa\u00f1a: desde espacios protegidos a propiedades multimillonarias"},"content":{"rendered":"<p> <br \/>\n<\/p>\n<div>\n<p class=\"title-photo caption \" itemprop=\"title\" id=\"m321-320-322\">Islas Sisargas, Malpica de Berganti\u00f1os<\/p>\n<p class=\"description \" itemprop=\"caption\" id=\"m326-325-327\">Aunque los vecinos de Malpica siempre la llamaron \u201cla Isla\u201d, las Sisargas son un archipi\u00e9lago formado por tres islotes independientes: la Grande, la Chica y la Malante. Incluye la ermita de Santa Mari\u00f1a y el faro, construido a mediados del siglo XIX. Adem\u00e1s, las islas son un importante refugio para las aves marinas, algunas de ellas en peligro de extinci\u00f3n, y zona de paso para aves migratorias.<\/p>\n<p><span class=\"credits \" id=\"m331-330-332\">Concello de Malpica<\/span>\n<\/div>\n\n<p><em> &#8221; Fuentes news.google.com &#8221; <\/em><\/p>\n","protected":false},"excerpt":{"rendered":"<p>Islas Sisargas, Malpica de Berganti\u00f1os Aunque los vecinos de Malpica siempre la llamaron \u201cla Isla\u201d, las Sisargas son un archipi\u00e9lago formado por tres islotes independientes: la Grande, la Chica y la Malante. Incluye la ermita de Santa Mari\u00f1a y el faro, construido a mediados del siglo XIX. Adem\u00e1s, las islas son un importante refugio para [&hellip;]<\/p>\n","protected":false},"author":4,"featured_media":434781,"comment_status":"open","ping_status":"closed","sticky":false,"template":"","format":"standard","meta":{"om_disable_all_campaigns":false,"jnews-multi-image_gallery":[],"jnews_single_post":[],"jnews_primary_category":[],"jnews_social_meta":[],"footnotes":""},"categories":[39],"tags":[1228,545],"class_list":["post-434780","post","type-post","status-publish","format-standard","has-post-thumbnail","hentry","category-viajes","tag-destinos","tag-viajes"],"_links":{"self":[{"href":"https:\/\/dimensionturistica.com\/es\/wp-json\/wp\/v2\/posts\/434780","targetHints":{"allow":["GET"]}}],"collection":[{"href":"https:\/\/dimensionturistica.com\/es\/wp-json\/wp\/v2\/posts"}],"about":[{"href":"https:\/\/dimensionturistica.com\/es\/wp-json\/wp\/v2\/types\/post"}],"author":[{"embeddable":true,"href":"https:\/\/dimensionturistica.com\/es\/wp-json\/wp\/v2\/users\/4"}],"replies":[{"embeddable":true,"href":"https:\/\/dimensionturistica.com\/es\/wp-json\/wp\/v2\/comments?post=434780"}],"version-history":[{"count":0,"href":"https:\/\/dimensionturistica.com\/es\/wp-json\/wp\/v2\/posts\/434780\/revisions"}],"wp:featuredmedia":[{"embeddable":true,"href":"https:\/\/dimensionturistica.com\/es\/wp-json\/wp\/v2\/media\/434781"}],"wp:attachment":[{"href":"https:\/\/dimensionturistica.com\/es\/wp-json\/wp\/v2\/media?parent=434780"}],"wp:term":[{"taxonomy":"category","embeddable":true,"href":"https:\/\/dimensionturistica.com\/es\/wp-json\/wp\/v2\/categories?post=434780"},{"taxonomy":"post_tag","embeddable":true,"href":"https:\/\/dimensionturistica.com\/es\/wp-json\/wp\/v2\/tags?post=434780"}],"curies":[{"name":"wp","href":"https:\/\/api.w.org\/{rel}","templated":true}]}}