{"id":434744,"date":"2022-11-29T16:33:44","date_gmt":"2022-11-29T16:33:44","guid":{"rendered":"https:\/\/dimensionturistica.com\/es\/?p=434744"},"modified":"2022-11-29T16:33:44","modified_gmt":"2022-11-29T16:33:44","slug":"turismo-global-requiere-colaboracion-entre-ip-y-gobierno-2","status":"publish","type":"post","link":"https:\/\/dimensionturistica.com\/es\/turismo-global-requiere-colaboracion-entre-ip-y-gobierno-2\/","title":{"rendered":"Turismo global requiere colaboraci\u00f3n entre IP y gobierno"},"content":{"rendered":"<p> <br \/>\n<\/p>\n<div>\n<p>Para Anthony Capuano, director ejecutivo del Marriot Internacional, es de suma importancia la colaboraci\u00f3n del sector p\u00fablico y privado para generar apoyar en el campo laboral y se impulse al turismo.<\/p>\n<p>Una thought en que la coincidi\u00f3 Stephen Scherr, director ejecutivo de The Hertz Company, durante la mesa &#8220;To recovery and Beyond&#8221;.<\/p>\n<p>&#8220;El nivel de colaboraci\u00f3n es necesario. Es caro el sector p\u00fablico, el gobierno lo necesita&#8221;, expres\u00f3.<\/p>\n<p>El ministro de Inversiones de Arabia Saudita, Khalid Al-Falih, detall\u00f3 que esa naci\u00f3n ha implementado la colaboraci\u00f3n de los sectores p\u00fablico y privado en 28 iniciativas que facilitan la inversi\u00f3n.<\/p>\n<p>Esta naci\u00f3n proyecta un plan ambicioso para que 100 mil millones de turistas lleguen a Arabia Saudita en 2030.<\/p>\n<h2 class=\"cms-Subtitulos-Subtitulo1\">Facilitar movilidad<\/h2>\n<p>Durante el encuentro, la princesa Haifa Al Saud, viceministra de Turismo de Arabia Saudita, consider\u00f3 que debe haber regulaciones sin restricciones que faciliten la movilidad.<\/p>\n<p>Ejemplific\u00f3 que el uso de la telefon\u00eda celular es igual en todo el mundo, situaci\u00f3n que deber\u00eda aplicarse en el turismo.<\/p>\n<p>Los participantes detallaron la importancia de apoyar a las comunidades.<\/p>\n<p>S\u00e9bastien Bazin, presidente y CEO de AccorHotels, consider\u00f3 que los hoteles de ma\u00f1ana deben atender las necesidades locales, no la de los viajeros.<\/p>\n<p>&#8220;Es importante la apreciaci\u00f3n del tiempo&#8221;, dijo.<\/p>\n<p>Consider\u00f3 importante confiar en las poblaciones locales y delegarles poder.<\/p>\n<p>Y ante la posibilidad de una futura recesi\u00f3n, Scherr asegur\u00f3 que no habr\u00e1 una disaster tan grande como la de la pandemia, por lo que &#8220;estamos mejor preparados para futuras crisis&#8221;.<\/p>\n<\/p><\/div>\n<p><script>\n    window.fbAsyncInit = function() {\n        FB.init({\n                appId : '777317472403233',\n            cookie     : true,\n            xfbml      : true,\n            version    : 'v8.0'\n        });\n        FB.AppEvents.logPageView();\n    };\n    (function(d, s, id){\n        var js, fjs = d.getElementsByTagName(s)[0];\n        if (d.getElementById(id)) {return;}\n        js = d.createElement(s); js.id = id;\n        js.src = \"https:\/\/connect.facebook.net\/en_US\/sdk.js\";\n        fjs.parentNode.insertBefore(js, fjs);\n    }(document, 'script', 'facebook-jssdk'));\n<\/script><br \/>\n<br \/><\/p>\n<p><em> &#8221; Fuentes news.google.com &#8221; <\/em><\/p>\n","protected":false},"excerpt":{"rendered":"<p>Para Anthony Capuano, director ejecutivo del Marriot Internacional, es de suma importancia la colaboraci\u00f3n del sector p\u00fablico y privado para generar apoyar en el campo laboral y se impulse al turismo. Una thought en que la coincidi\u00f3 Stephen Scherr, director ejecutivo de The Hertz Company, durante la mesa &#8220;To recovery and Beyond&#8221;. &#8220;El nivel de [&hellip;]<\/p>\n","protected":false},"author":4,"featured_media":434739,"comment_status":"open","ping_status":"closed","sticky":false,"template":"","format":"standard","meta":{"om_disable_all_campaigns":false,"jnews-multi-image_gallery":[],"jnews_single_post":[],"jnews_primary_category":[],"jnews_social_meta":[],"footnotes":""},"categories":[39],"tags":[58051,634,58052,58053,58054],"class_list":["post-434744","post","type-post","status-publish","format-standard","has-post-thumbnail","hentry","category-viajes","tag-empresarios-y-cadenas-hoteleras","tag-empresas","tag-turismo-colaboracion-ip-y-gobierno","tag-turismo-epoca-dorada","tag-turismo-global"],"_links":{"self":[{"href":"https:\/\/dimensionturistica.com\/es\/wp-json\/wp\/v2\/posts\/434744","targetHints":{"allow":["GET"]}}],"collection":[{"href":"https:\/\/dimensionturistica.com\/es\/wp-json\/wp\/v2\/posts"}],"about":[{"href":"https:\/\/dimensionturistica.com\/es\/wp-json\/wp\/v2\/types\/post"}],"author":[{"embeddable":true,"href":"https:\/\/dimensionturistica.com\/es\/wp-json\/wp\/v2\/users\/4"}],"replies":[{"embeddable":true,"href":"https:\/\/dimensionturistica.com\/es\/wp-json\/wp\/v2\/comments?post=434744"}],"version-history":[{"count":0,"href":"https:\/\/dimensionturistica.com\/es\/wp-json\/wp\/v2\/posts\/434744\/revisions"}],"wp:featuredmedia":[{"embeddable":true,"href":"https:\/\/dimensionturistica.com\/es\/wp-json\/wp\/v2\/media\/434739"}],"wp:attachment":[{"href":"https:\/\/dimensionturistica.com\/es\/wp-json\/wp\/v2\/media?parent=434744"}],"wp:term":[{"taxonomy":"category","embeddable":true,"href":"https:\/\/dimensionturistica.com\/es\/wp-json\/wp\/v2\/categories?post=434744"},{"taxonomy":"post_tag","embeddable":true,"href":"https:\/\/dimensionturistica.com\/es\/wp-json\/wp\/v2\/tags?post=434744"}],"curies":[{"name":"wp","href":"https:\/\/api.w.org\/{rel}","templated":true}]}}