{"id":434605,"date":"2022-11-29T13:54:01","date_gmt":"2022-11-29T13:54:01","guid":{"rendered":"https:\/\/dimensionturistica.com\/es\/?p=434605"},"modified":"2022-11-29T13:54:01","modified_gmt":"2022-11-29T13:54:01","slug":"maroma-a-belmond-hotel-en-la-riviera-maya-volvera-a-operar-a-partir-de-mayo-2023","status":"publish","type":"post","link":"https:\/\/dimensionturistica.com\/es\/maroma-a-belmond-hotel-en-la-riviera-maya-volvera-a-operar-a-partir-de-mayo-2023\/","title":{"rendered":"Maroma, A Belmond Hotel en la Riviera Maya, volvera a operar a partir de mayo 2023"},"content":{"rendered":"<p>El 25 de mayo de 2023, la Riviera Maya volver\u00e1 a dar la bienvenida al hist\u00f3rico Maroma, A Belmond Hotel. El legendario alojamiento se encuentra en una ubicaci\u00f3n privilegiada, rodeado de 80 hect\u00e1reas<img decoding=\"async\" class=\"size-medium wp-image-434626 alignright\" src=\"https:\/\/dimensionturistica.com\/es\/wp-content\/uploads\/2022\/11\/MAR-ACC-15-225x300.jpg\" alt=\"\" width=\"225\" height=\"300\" srcset=\"https:\/\/dimensionturistica.com\/es\/wp-content\/uploads\/2022\/11\/MAR-ACC-15-225x300.jpg 225w, https:\/\/dimensionturistica.com\/es\/wp-content\/uploads\/2022\/11\/MAR-ACC-15.jpg 600w\" sizes=\"(max-width: 225px) 100vw, 225px\" \/> de frondosa selva tropical junto a las rec\u00f3nditas playas de arena blanca de la costa caribe\u00f1a mexicana. Su completa renovaci\u00f3n ha puesto el foco en la cultura maya, y ser\u00e1 la primera transformaci\u00f3n exhaustiva dentro de la cartera norteamericana de Belmond bajo la administraci\u00f3n de LVMH. El nuevo Maroma cuenta con 10 nuevas suites frente al mar, una experiencia de bienestar centrada en la naturaleza en colaboraci\u00f3n con Guerlain, innovadoras iniciativas sostenibles, y una nueva era gastron\u00f3mica bajo los mandos del chef ejecutivo mexicano Daniel Camacho.<br \/>\nEl renacimiento de una Leyenda Maya<br \/>\nLa famosa dise\u00f1adora internacional Tara Bernerd ha sido la encargada de dirigir la renovaci\u00f3n, y ha trabajado mano a mano con artesanos locales para rendir homenaje al legado mexicano. El equipo ha combinado la artesan\u00eda contempor\u00e1nea con un cuidadoso abastecimiento de materiales locales para crear espacios atemporales que honran sus ra\u00edces y transmiten la energ\u00eda de la tierra en la<img decoding=\"async\" class=\"size-medium wp-image-434625 alignleft\" src=\"https:\/\/dimensionturistica.com\/es\/wp-content\/uploads\/2022\/11\/MAR-ACC-16-225x300.jpg\" alt=\"\" width=\"225\" height=\"300\" srcset=\"https:\/\/dimensionturistica.com\/es\/wp-content\/uploads\/2022\/11\/MAR-ACC-16-225x300.jpg 225w, https:\/\/dimensionturistica.com\/es\/wp-content\/uploads\/2022\/11\/MAR-ACC-16.jpg 600w\" sizes=\"(max-width: 225px) 100vw, 225px\" \/> que se encuentran. La arquitectura y el dise\u00f1o original de la propiedad se han preservado, incluidas las construcciones blancas de estuco, alineadas con la geometr\u00eda sagrada maya. Las l\u00edneas curvas y las formas org\u00e1nicas inspiradas en los frondosos alrededores caracterizan el armonioso flujo entre el exterior y el interior de habitaciones, suites y villas. Las 72 habitaciones de este resort \u00fanico se sit\u00faan a lo largo de la playa privada de Maroma. Tres cuartos de las mismas tienen ahora vistas al mar, incluida una nueva amplia suite frente al mar con piscina privada y jard\u00edn. Las tres piscinas de la propiedad se han redise\u00f1ado por completo con revestimiento Sukabumi elaborado a mano a partir de piedras volc\u00e1nicas, en los mismos tonos turquesa de los cenotes naturales de la zona.<br \/>\n\u201dMaroma me ofreci\u00f3 la oportunidad \u00fanica de reinterpretar este hotel ic\u00f3nico, una propiedad con una<img decoding=\"async\" class=\"size-medium wp-image-434624 alignright\" src=\"https:\/\/dimensionturistica.com\/es\/wp-content\/uploads\/2022\/11\/MAR-ACC-17-300x228.jpg\" alt=\"\" width=\"300\" height=\"228\" srcset=\"https:\/\/dimensionturistica.com\/es\/wp-content\/uploads\/2022\/11\/MAR-ACC-17-300x228.jpg 300w, https:\/\/dimensionturistica.com\/es\/wp-content\/uploads\/2022\/11\/MAR-ACC-17.jpg 600w\" sizes=\"(max-width: 300px) 100vw, 300px\" \/> gran historia. Nuestro objetivo ha sido conservar y mejorar el car\u00e1cter original trabajando con artesanos locales, mientras incorporamos una elegancia contempor\u00e1nea que se ajusta a las necesidades de los hu\u00e9spedes de Belmond de las pr\u00f3ximas generaciones\u201d, explica Bernerd. Maroma albergar\u00e1 una extraordinaria colecci\u00f3n de arte y dise\u00f1o de todos los rincones de M\u00e9xico: el 80 % de los muebles y los objetos estar\u00e1n elaborados por artesanos mexicanos, desde el candelabro de techo de vidrio soplado a mano hasta las macetas de barro pintado y las tradicionales baldosas Saltillo que elevar\u00e1n el lujo de las habitaciones.<br \/>\nUn destino de fama Internacional dedicado al bienestar<br \/>\nLos servicios centrados en el bienestar de Maroma se basan en los principios de naturaleza y vitalidad, alcanzando una nueva dimensi\u00f3n con el lanzamiento del primer spa Guerlain en Latinoam\u00e9rica. Los hu\u00e9spedes podr\u00e1n sentir el flujo vital de las energ\u00edas sanadoras de la jungla y el mar en el nuevo y<img decoding=\"async\" class=\"size-medium wp-image-434623 alignleft\" src=\"https:\/\/dimensionturistica.com\/es\/wp-content\/uploads\/2022\/11\/MAR-ACC-SUI-20-300x200.jpg\" alt=\"\" width=\"300\" height=\"200\" srcset=\"https:\/\/dimensionturistica.com\/es\/wp-content\/uploads\/2022\/11\/MAR-ACC-SUI-20-300x200.jpg 300w, https:\/\/dimensionturistica.com\/es\/wp-content\/uploads\/2022\/11\/MAR-ACC-SUI-20.jpg 600w\" sizes=\"(max-width: 300px) 100vw, 300px\" \/> renovado espacio biof\u00edlico. Las salas de tratamientos, templos de rejuvenecimiento dedicados a la espiritualidad m\u00e1s profunda, tendr\u00e1n vistas a la selva, mientras que los elementos de dise\u00f1o local se incorporar\u00e1n a trav\u00e9s de formas geom\u00e9tricas y objetos artesanales. Los tratamientos nacen del poder de la naturaleza, de las pr\u00e1cticas ancestrales y de la abeja melipona sagrada, venerada por los mayas durante 3000 a\u00f1os como s\u00edmbolo de resonancia espiritual. Guerlain se centra en el equilibrio y la armon\u00eda para crear una carta de spa exclusiva compuesta por ic\u00f3nicos tratamientos para el cuerpo y el rostro, as\u00ed como experiencias exclusivas dise\u00f1adas en base a la filosof\u00eda del bienestar y los rituales curativos y de sonido de los mayas. Este suntuoso retiro de bienestar ofrece a diario talleres de meditaci\u00f3n, movimiento y yoga para sincronizar el cuerpo, la mente y el esp\u00edritu.<br \/>\nUna gastronomia colorida y contemporanea<br \/>\nEl chef ejecutivo mexicano Daniel Camacho continuar\u00e1 su legado de homenaje a la rica diversidad culinaria de su pa\u00eds en el restaurante Casa Mayor. El 90 % de los ingredientes ser\u00e1n de origen mexicano<img decoding=\"async\" class=\"size-medium wp-image-434622 alignleft\" src=\"https:\/\/dimensionturistica.com\/es\/wp-content\/uploads\/2022\/11\/MAR-EXT-04-200x300.jpg\" alt=\"\" width=\"200\" height=\"300\" srcset=\"https:\/\/dimensionturistica.com\/es\/wp-content\/uploads\/2022\/11\/MAR-EXT-04-200x300.jpg 200w, https:\/\/dimensionturistica.com\/es\/wp-content\/uploads\/2022\/11\/MAR-EXT-04.jpg 600w\" sizes=\"(max-width: 200px) 100vw, 200px\" \/> y casi la mitad de ellos provendr\u00e1n de la pen\u00ednsula de Yucat\u00e1n gracias al enfoque de abastecimiento local y sostenible. El pescado y el marisco fresco proceder\u00e1 de Amigos de Sian Ka\u2019an, miembro de Pesca con Futuro con una clara voluntad de fomentar la pesca y la acuicultura sostenibles. Los coloridos platos pretenden reinventar la cocina mexicana tradicional, e incluir\u00e1n desde torres de marisco y corundas michoacanas hasta birria al estilo Jalisco y pastel de chocolate con mole de Oaxaca flameado con mezcal de la casa.<br \/>\nBambuco es el lugar ideal para disfrutar de una bebida refrescante al atardecer en un ambiente informal. La carta incluye bebidas de hierbas de temporada del jard\u00edn, vinos mexicanos, c\u00f3cteles con tequila y una amplia selecci\u00f3n de mezcal. El legendario Freddy\u2019s Bar de la playa seguir\u00e1 transmitiendo el esp\u00edritu vibrante de la Riviera Maya con m\u00fasica en directo, DJ, marisco fresco y c\u00f3cteles.<img decoding=\"async\" class=\"size-medium wp-image-434621 alignright\" src=\"https:\/\/dimensionturistica.com\/es\/wp-content\/uploads\/2022\/11\/MAR-EXT-BEACH-05-300x200.jpg\" alt=\"\" width=\"300\" height=\"200\" srcset=\"https:\/\/dimensionturistica.com\/es\/wp-content\/uploads\/2022\/11\/MAR-EXT-BEACH-05-300x200.jpg 300w, https:\/\/dimensionturistica.com\/es\/wp-content\/uploads\/2022\/11\/MAR-EXT-BEACH-05.jpg 600w\" sizes=\"(max-width: 300px) 100vw, 300px\" \/><br \/>\nBiodiversidad: la Abeja con la que empezo todo<br \/>\nLa larga historia de las colaboraciones de Maroma con organizaciones locales sigue con la Fundaci\u00f3n Selva Maya y Mayahuum para proteger a la abeja melipona, en peligro de extinci\u00f3n y fundamental para la ecolog\u00eda de la pen\u00ednsula de Yucat\u00e1n. Con el objetivo de ir a\u00fan m\u00e1s all\u00e1, se ha creado una nueva colaboraci\u00f3n con Guerlain en un proyecto atrevido y revolucionario que amplificar\u00e1 este compromiso. La colaboraci\u00f3n combina un legado de empat\u00eda e investigaci\u00f3n con programas comunitarios, e incluye la expansi\u00f3n de las colmenas, con la presentaci\u00f3n de un nuevo santuario que servir\u00e1 para crear experiencias educativas para los hu\u00e9spedes, y las iniciativas \u201cBee<img decoding=\"async\" class=\"size-medium wp-image-434619 alignleft\" src=\"https:\/\/dimensionturistica.com\/es\/wp-content\/uploads\/2022\/11\/MAR-FOOD-13-200x300.jpg\" alt=\"\" width=\"200\" height=\"300\" srcset=\"https:\/\/dimensionturistica.com\/es\/wp-content\/uploads\/2022\/11\/MAR-FOOD-13-200x300.jpg 200w, https:\/\/dimensionturistica.com\/es\/wp-content\/uploads\/2022\/11\/MAR-FOOD-13.jpg 600w\" sizes=\"(max-width: 200px) 100vw, 200px\" \/> School\u201d de Guerlain y \u201cWomen for Bees\u201d en las comunidades de Yucat\u00e1n. La melipona y otros tipos de miel forman parte de la experiencia de bienestar y de los men\u00fas culinarios y de cocteler\u00eda. El cuidado del medioambiente es una prioridad que impregna todos los aspectos de Maroma y se materializa a trav\u00e9s de otras iniciativas, como la conservaci\u00f3n de las tortugas y de la fauna y flora locales.<br \/>\nFotografia Maroma, una galeria de talento mexicano<br \/>\nLa Riviera Maya es un terreno f\u00e9rtil para la expresi\u00f3n creativa y el desarrollo art\u00edstico, con su cultura rica, sus tradiciones de narraci\u00f3n y sus espectaculares paisajes naturales. Maroma rinde homenaje a los artistas locales a trav\u00e9s de un concepto creativo multifac\u00e9tico,<img decoding=\"async\" class=\"size-medium wp-image-434618 alignright\" src=\"https:\/\/dimensionturistica.com\/es\/wp-content\/uploads\/2022\/11\/MAR-FOOD-14-300x200.jpg\" alt=\"\" width=\"300\" height=\"200\" srcset=\"https:\/\/dimensionturistica.com\/es\/wp-content\/uploads\/2022\/11\/MAR-FOOD-14-300x200.jpg 300w, https:\/\/dimensionturistica.com\/es\/wp-content\/uploads\/2022\/11\/MAR-FOOD-14.jpg 600w\" sizes=\"(max-width: 300px) 100vw, 300px\" \/> Fotograf\u00eda Maroma, en colaboraci\u00f3n con las curadoras Fariba Farshad (cofundadora y directora de Photo London) y Patricia Conde (fundadora de la Patricia Conde Galer\u00eda en Ciudad de M\u00e9xico y de la exposici\u00f3n anual Proyectosjuancano68). Junto con Belmond, estas curadoras han seleccionado a cuatro fot\u00f3grafos mexicanos para participar en la serie de fotograf\u00eda inaugural: Patricia Lagarde, Javier Hinojosa e Il\u00e1n Rabchinskey, junto con la artista emergente Margot Kalach. Las fotograf\u00edas, que capturan la Riviera Maya a trav\u00e9s de la lente y la perspectiva distintivas de cada fot\u00f3grafo, se expondr\u00e1n durante Art Basel en Miami, y en Ciudad de M\u00e9xico y Photo London en el marco de Zona Maco.<\/p>\n","protected":false},"excerpt":{"rendered":"<p>El 25 de mayo de 2023, la Riviera Maya volver\u00e1 a dar la bienvenida al hist\u00f3rico Maroma, A Belmond Hotel. El legendario alojamiento se encuentra en una ubicaci\u00f3n privilegiada, rodeado de 80 hect\u00e1reas de frondosa selva tropical junto a las rec\u00f3nditas playas de arena blanca de la costa caribe\u00f1a mexicana. Su completa renovaci\u00f3n ha puesto [&hellip;]<\/p>\n","protected":false},"author":1,"featured_media":434620,"comment_status":"open","ping_status":"closed","sticky":false,"template":"","format":"standard","meta":{"om_disable_all_campaigns":false,"jnews-multi-image_gallery":[],"jnews_single_post":{"source_name":"","source_url":"","via_name":"","via_url":"","override_template":"0","override":[{"template":"1","single_blog_custom":"","parallax":"1","fullscreen":"1","layout":"right-sidebar","sidebar":"default-sidebar","second_sidebar":"default-sidebar","sticky_sidebar":"1","share_position":"top","share_float_style":"share-monocrhome","show_share_counter":"1","show_view_counter":"1","show_featured":"1","show_post_meta":"1","show_post_author":"1","show_post_author_image":"1","show_post_date":"1","post_date_format":"default","post_date_format_custom":"Y\/m\/d","show_post_category":"1","show_post_reading_time":"0","post_reading_time_wpm":"300","show_zoom_button":"0","zoom_button_out_step":"2","zoom_button_in_step":"3","show_post_tag":"1","show_prev_next_post":"1","show_popup_post":"1","number_popup_post":"1","show_author_box":"0","show_post_related":"0","show_inline_post_related":"0"}],"override_image_size":"0","image_override":[{"single_post_thumbnail_size":"crop-500","single_post_gallery_size":"crop-500"}],"trending_post":"0","trending_post_position":"meta","trending_post_label":"Trending","sponsored_post":"0","sponsored_post_label":"Sponsored by","sponsored_post_name":"","sponsored_post_url":"","sponsored_post_logo_enable":"0","sponsored_post_logo":"","sponsored_post_desc":"","disable_ad":"0"},"jnews_primary_category":{"id":"","hide":""},"jnews_social_meta":{"fb_title":"","fb_description":"","fb_image":"","twitter_title":"","twitter_description":"","twitter_image":""},"footnotes":""},"categories":[39],"tags":[],"class_list":["post-434605","post","type-post","status-publish","format-standard","has-post-thumbnail","hentry","category-viajes"],"_links":{"self":[{"href":"https:\/\/dimensionturistica.com\/es\/wp-json\/wp\/v2\/posts\/434605","targetHints":{"allow":["GET"]}}],"collection":[{"href":"https:\/\/dimensionturistica.com\/es\/wp-json\/wp\/v2\/posts"}],"about":[{"href":"https:\/\/dimensionturistica.com\/es\/wp-json\/wp\/v2\/types\/post"}],"author":[{"embeddable":true,"href":"https:\/\/dimensionturistica.com\/es\/wp-json\/wp\/v2\/users\/1"}],"replies":[{"embeddable":true,"href":"https:\/\/dimensionturistica.com\/es\/wp-json\/wp\/v2\/comments?post=434605"}],"version-history":[{"count":0,"href":"https:\/\/dimensionturistica.com\/es\/wp-json\/wp\/v2\/posts\/434605\/revisions"}],"wp:featuredmedia":[{"embeddable":true,"href":"https:\/\/dimensionturistica.com\/es\/wp-json\/wp\/v2\/media\/434620"}],"wp:attachment":[{"href":"https:\/\/dimensionturistica.com\/es\/wp-json\/wp\/v2\/media?parent=434605"}],"wp:term":[{"taxonomy":"category","embeddable":true,"href":"https:\/\/dimensionturistica.com\/es\/wp-json\/wp\/v2\/categories?post=434605"},{"taxonomy":"post_tag","embeddable":true,"href":"https:\/\/dimensionturistica.com\/es\/wp-json\/wp\/v2\/tags?post=434605"}],"curies":[{"name":"wp","href":"https:\/\/api.w.org\/{rel}","templated":true}]}}