{"id":434519,"date":"2022-11-29T11:48:14","date_gmt":"2022-11-29T11:48:14","guid":{"rendered":"https:\/\/dimensionturistica.com\/es\/?p=434519"},"modified":"2022-11-29T11:48:14","modified_gmt":"2022-11-29T11:48:14","slug":"estas-son-las-aves-tropicales-mas-coloridas","status":"publish","type":"post","link":"https:\/\/dimensionturistica.com\/es\/estas-son-las-aves-tropicales-mas-coloridas\/","title":{"rendered":"Estas son las aves tropicales m\u00e1s coloridas"},"content":{"rendered":"<p> <br \/>\n<\/p>\n<div>\n<p>Si, como a nosotros, te gustan las <strong>aves <\/strong>y eres aficionado a la <strong>ornitolog\u00eda<\/strong>, seguro que llaman tu atenci\u00f3n esas especies cuyas plumas son una aut\u00e9ntica <strong>explosi\u00f3n de coloration<\/strong>. Algunas de ellas nos resultan extra\u00f1as o desconocidas, puesto que<a rel=\"nofollow noopener\" target=\"_blank\" href=\"https:\/\/www.europapress.es\/ciencia\/habitat\/noticia-pajaros-son-mas-coloridos-cuanto-mas-cerca-ecuador-20220405102635.html\"> cuanto m\u00e1s pr\u00f3ximas est\u00e1n al ecuador, m\u00e1s se intensifica la tonalidad de su plumaje<\/a>, por lo que hoy no vamos a hablar de especies europeas.<\/p>\n<p>Y es que en esta ocasi\u00f3n repasaremos algunas de las<strong> aves tropicales m\u00e1s coloridas del mundo <\/strong>para conocer un poco m\u00e1s este maravilloso planeta que habitamos, en el que es necesario proteger su flora y su fauna.<\/p>\n<h3>Azulito del Senegal<\/h3>\n<figure class=\"wp-block-image size-large\"><img decoding=\"async\" width=\"1024\" height=\"683\" src=\"https:\/\/www.publico.es\/yo-animal\/wp-content\/uploads\/2022\/11\/azulito-1024x683.jpg\" alt=\"azulito de Senagal\" class=\"wp-image-1027\" srcset=\"https:\/\/www.publico.es\/yo-animal\/wp-content\/uploads\/2022\/11\/azulito-1024x683.jpg 1024w, https:\/\/www.publico.es\/yo-animal\/wp-content\/uploads\/2022\/11\/azulito-300x200.jpg 300w, https:\/\/www.publico.es\/yo-animal\/wp-content\/uploads\/2022\/11\/azulito-768x512.jpg 768w, https:\/\/www.publico.es\/yo-animal\/wp-content\/uploads\/2022\/11\/azulito-720x480.jpg 720w, https:\/\/www.publico.es\/yo-animal\/wp-content\/uploads\/2022\/11\/azulito-480x320.jpg 480w, https:\/\/www.publico.es\/yo-animal\/wp-content\/uploads\/2022\/11\/azulito.jpg 1080w\" sizes=\"(max-width: 1024px) 100vw, 1024px\"\/><figcaption class=\"wp-element-caption\">Azulito de Senegal\/Foto: Wikimedia Francesco Veronesi CC BY-SA 2.0<\/figcaption><\/figure>\n<p>Conocido como <strong>azulito del Senegal<\/strong> (<em>Uraeginthus bengalus<\/em>), este peque\u00f1o p\u00e1jaro mide unos 11 cent\u00edmetros y es originario del continente africano. Destaca por su intenso coloration azul y marr\u00f3n, adem\u00e1s de por su pico rosado. Resulta sencillo distinguir a los machos de las hembras, puesto que los primeros cuentan con una mancha roja en la mejilla.<\/p>\n<h3>Tangara barbinegra (<em>Anisognathus notabilis<\/em>)<\/h3>\n<figure class=\"wp-block-image size-full\"><img decoding=\"async\" loading=\"lazy\" width=\"1024\" height=\"685\" src=\"https:\/\/www.publico.es\/yo-animal\/wp-content\/uploads\/2022\/11\/tangana.jpg\" alt=\"Tangana\" class=\"wp-image-1028\" srcset=\"https:\/\/www.publico.es\/yo-animal\/wp-content\/uploads\/2022\/11\/tangana.jpg 1024w, https:\/\/www.publico.es\/yo-animal\/wp-content\/uploads\/2022\/11\/tangana-300x201.jpg 300w, https:\/\/www.publico.es\/yo-animal\/wp-content\/uploads\/2022\/11\/tangana-768x514.jpg 768w, https:\/\/www.publico.es\/yo-animal\/wp-content\/uploads\/2022\/11\/tangana-480x321.jpg 480w\" sizes=\"auto, (max-width: 1024px) 100vw, 1024px\"\/><figcaption class=\"wp-element-caption\">Tangana barbinegra\/Foto: Wikimedia Ben Tavener CC BY 2.0<\/figcaption><\/figure>\n<p>La <strong>tangara barbinegra<\/strong> es un <strong>ave end\u00e9mica de los bosques<\/strong> que est\u00e1n entre los 1.400 y 2.200 metros de altitud sobre el nivel del mar, en Colombia y Ecuador. De hecho, Quito es uno de los mejores destinos para observar a esta y a otras especies, que lo convierten en uno de los sitios preferidos para los ornit\u00f3logos y aficionados al avistamiento de aves.<\/p>\n<p>Las plumas del <strong>tanga barbinegra<\/strong> tienen un hermoso <strong>tono amarillo dorado<\/strong>, que destaca todav\u00eda m\u00e1s por su cabeza negra y el azul de sus alas. Su tama\u00f1o es medio.<\/p>\n<h3>Guacamayo rojo (<em>Ara macao<\/em>)\u00a0<\/h3>\n<figure class=\"wp-block-image size-large\"><img decoding=\"async\" loading=\"lazy\" width=\"1024\" height=\"680\" src=\"https:\/\/www.publico.es\/yo-animal\/wp-content\/uploads\/2022\/11\/guacamayo-1024x680.jpg\" alt=\"Guacamayo rojo\" class=\"wp-image-1029\" srcset=\"https:\/\/www.publico.es\/yo-animal\/wp-content\/uploads\/2022\/11\/guacamayo-1024x680.jpg 1024w, https:\/\/www.publico.es\/yo-animal\/wp-content\/uploads\/2022\/11\/guacamayo-300x199.jpg 300w, https:\/\/www.publico.es\/yo-animal\/wp-content\/uploads\/2022\/11\/guacamayo-768x510.jpg 768w, https:\/\/www.publico.es\/yo-animal\/wp-content\/uploads\/2022\/11\/guacamayo-480x319.jpg 480w, https:\/\/www.publico.es\/yo-animal\/wp-content\/uploads\/2022\/11\/guacamayo.jpg 1280w\" sizes=\"auto, (max-width: 1024px) 100vw, 1024px\"\/><figcaption class=\"wp-element-caption\">Guacamayo rojo\/Foto: Pixabay<\/figcaption><\/figure>\n<p>Seguramente, cuando se habla de <strong>aves tropicales <\/strong>coloridas, en la primera que pensamos casi todos es en el <a rel=\"nofollow noopener\" target=\"_blank\" href=\"https:\/\/www.publico.es\/yo-animal\/por-que-los-loros-bailan-con-la-musica\/\">guacamayo<\/a>. Entre los distintos tipos que existen, uno de los m\u00e1s vistosos es el <strong>guacamayo rojo<\/strong>\u00a0(<em>Ara macao<\/em>), tambi\u00e9n conocido como guacamayo escarlata. Habita en<strong> Am\u00e9rica del Sur<\/strong>. Adem\u00e1s, es una de las aves de mayor tama\u00f1o del mundo, ya que alcanza hasta los 90 cent\u00edmetros de longitud.<\/p>\n<h3>Ave del para\u00edso republicana (<em>Cicinnurus respublica<\/em>)<a rel=\"nofollow noopener\" target=\"_blank\" href=\"http:\/\/datazone.birdlife.org\/species\/factsheet\/22706202\"><\/h3>\n<figure class=\"wp-block-image size-full\"><img decoding=\"async\" loading=\"lazy\" width=\"900\" height=\"632\" src=\"https:\/\/www.publico.es\/yo-animal\/wp-content\/uploads\/2022\/11\/avedelparaiso.jpg\" alt=\"ave del para\u00edso\" class=\"wp-image-1030\" srcset=\"https:\/\/www.publico.es\/yo-animal\/wp-content\/uploads\/2022\/11\/avedelparaiso.jpg 900w, https:\/\/www.publico.es\/yo-animal\/wp-content\/uploads\/2022\/11\/avedelparaiso-300x211.jpg 300w, https:\/\/www.publico.es\/yo-animal\/wp-content\/uploads\/2022\/11\/avedelparaiso-768x539.jpg 768w, https:\/\/www.publico.es\/yo-animal\/wp-content\/uploads\/2022\/11\/avedelparaiso-480x337.jpg 480w\" sizes=\"auto, (max-width: 900px) 100vw, 900px\"\/><figcaption class=\"wp-element-caption\">Ave del para\u00edso republicana\/Foto: Wikimedia Serhanoksay CC BY-SA 3.0<\/figcaption><\/figure>\n<p>Originaria de Nueva Guinea, el<strong> ave del para\u00edso<\/strong> es una de las m\u00e1s bonitas y coloridas del planeta. Sus plumas destacan por unos tonos que van desde el rojo al amarillo, sin olvidar el azul. Todo depende del sitio en el que habite. <\/p>\n<p>Como suele suceder en el reino animal, que los machos lucen un plumaje m\u00e1s vistoso para captar la atenci\u00f3n de las hembras, en el caso de las aves del para\u00edso, aquellos son los que poseen esas serpentinas tan llamativas. Entre todas ellas, resulta especialmente curiosa el<strong> ave del para\u00edso republicana<\/strong> (<em>Cicinnurus respublica<\/em>).<a rel=\"nofollow noopener\" target=\"_blank\" href=\"http:\/\/datazone.birdlife.org\/species\/factsheet\/22706202\"><\/p>\n<h3>Maluro espl\u00e9ndido (<em>Malurus splendens<\/em>)<\/h3>\n<figure class=\"wp-block-image size-full\"><img decoding=\"async\" loading=\"lazy\" width=\"768\" height=\"512\" src=\"https:\/\/www.publico.es\/yo-animal\/wp-content\/uploads\/2022\/11\/maluro.jpg\" alt=\"Maluro\" class=\"wp-image-1031\" srcset=\"https:\/\/www.publico.es\/yo-animal\/wp-content\/uploads\/2022\/11\/maluro.jpg 768w, https:\/\/www.publico.es\/yo-animal\/wp-content\/uploads\/2022\/11\/maluro-300x200.jpg 300w, https:\/\/www.publico.es\/yo-animal\/wp-content\/uploads\/2022\/11\/maluro-720x480.jpg 720w, https:\/\/www.publico.es\/yo-animal\/wp-content\/uploads\/2022\/11\/maluro-480x320.jpg 480w\" sizes=\"auto, (max-width: 768px) 100vw, 768px\"\/><figcaption class=\"wp-element-caption\">Maluro\/Foto: Wikimedia Foto: Ron Knight, CC BY 2.0,<\/figcaption><\/figure>\n<p>El <strong>maluro espl\u00e9ndido<\/strong>, tambi\u00e9n conocido como <strong>ratona australiana<\/strong>, es un ave de peque\u00f1o tama\u00f1o y originaria de Australia, donde habita en regiones secas. El brillante tono azul del plumaje de los machos, que se extiende por casi todo su cuerpo, de entre 11,5 y 13,5 cent\u00edmetros, siempre llama la atenci\u00f3n. Es un p\u00e1jaro muy peque\u00f1o que no para quieto, as\u00ed que no es de los m\u00e1s f\u00e1ciles de localizar y, mucho menos, de fotografiar.<\/p>\n<h3>Coqueta crestirrufa (<em>Lophornis delattrei<\/em>)<\/h3>\n<figure class=\"wp-block-image size-large\"><img decoding=\"async\" loading=\"lazy\" width=\"1024\" height=\"683\" src=\"https:\/\/www.publico.es\/yo-animal\/wp-content\/uploads\/2022\/11\/coqu-1024x683.jpg\" alt=\"Coqueta crestirrufa\" class=\"wp-image-1032\" srcset=\"https:\/\/www.publico.es\/yo-animal\/wp-content\/uploads\/2022\/11\/coqu-1024x683.jpg 1024w, https:\/\/www.publico.es\/yo-animal\/wp-content\/uploads\/2022\/11\/coqu-300x200.jpg 300w, https:\/\/www.publico.es\/yo-animal\/wp-content\/uploads\/2022\/11\/coqu-768x512.jpg 768w, https:\/\/www.publico.es\/yo-animal\/wp-content\/uploads\/2022\/11\/coqu-720x480.jpg 720w, https:\/\/www.publico.es\/yo-animal\/wp-content\/uploads\/2022\/11\/coqu-480x320.jpg 480w, https:\/\/www.publico.es\/yo-animal\/wp-content\/uploads\/2022\/11\/coqu.jpg 1080w\" sizes=\"auto, (max-width: 1024px) 100vw, 1024px\"\/><figcaption class=\"wp-element-caption\">Coqueta crestirrufa\/Foto: Wikimedia Dominic Sherony CC BY-SA 2.0<\/figcaption><\/figure>\n<p>La <strong>coqueta crestirrufa<\/strong>, tambi\u00e9n denominada<strong> coqueta crestirroja<\/strong>, es un simp\u00e1tico p\u00e1jaro de tama\u00f1o muy peque\u00f1o con una cresta que hace que resulte inconfundible. Se trata de un colibr\u00ed diminuto y colorido, con el penacho de su cabeza naranja y el plumaje de su cuerpo en tonalidades diversas. Es posible encontrarlo en Am\u00e9rica del Sur, entre Bolivia y Costa Rica.<\/p>\n<h3>Azulejo de las monta\u00f1as (<em>Sialia currucoides<\/em>)<\/h3>\n<figure class=\"wp-block-image size-large\"><img decoding=\"async\" loading=\"lazy\" width=\"1024\" height=\"676\" src=\"https:\/\/www.publico.es\/yo-animal\/wp-content\/uploads\/2022\/11\/azulejo-1024x676.jpg\" alt=\"Azulejo de las monta\u00f1as\" class=\"wp-image-1033\" srcset=\"https:\/\/www.publico.es\/yo-animal\/wp-content\/uploads\/2022\/11\/azulejo-1024x676.jpg 1024w, https:\/\/www.publico.es\/yo-animal\/wp-content\/uploads\/2022\/11\/azulejo-300x198.jpg 300w, https:\/\/www.publico.es\/yo-animal\/wp-content\/uploads\/2022\/11\/azulejo-768x507.jpg 768w, https:\/\/www.publico.es\/yo-animal\/wp-content\/uploads\/2022\/11\/azulejo-480x317.jpg 480w, https:\/\/www.publico.es\/yo-animal\/wp-content\/uploads\/2022\/11\/azulejo.jpg 1091w\" sizes=\"auto, (max-width: 1024px) 100vw, 1024px\"\/><figcaption class=\"wp-element-caption\">Azulejo de las monta\u00f1as\/Foto: USFWS Mountain-Prairie CC BY 2.0<\/figcaption><\/figure>\n<p>El intenso coloration azul del <strong>azulejo de las monta\u00f1as <\/strong>tampoco deja indiferente a nadie, aunque de nuevo estamos ante un p\u00e1jaro escurridizo bastante dif\u00edcil de ver. Su tama\u00f1o puede alcanzar los 18 cent\u00edmetros, tienen el pico y las patas negras, y el macho es completamente azul salvo la punta de las alas. La hembra, en cambio, cuenta con la cola y el pecho en un tono gris\u00e1ceo. El azulejo gris\u00e1ceo habita en el continente americano, en M\u00e9xico y por las costas de California hasta Alaska.<\/p>\n<h3>Diamante de Gould (<em>Erythrura gouldiae<\/em>) <\/h3>\n<figure class=\"wp-block-image size-large\"><img decoding=\"async\" loading=\"lazy\" width=\"1024\" height=\"671\" src=\"https:\/\/www.publico.es\/yo-animal\/wp-content\/uploads\/2022\/11\/ave-1024x671.jpg\" alt=\"Diamante de Gould\" class=\"wp-image-1034\" srcset=\"https:\/\/www.publico.es\/yo-animal\/wp-content\/uploads\/2022\/11\/ave-1024x671.jpg 1024w, https:\/\/www.publico.es\/yo-animal\/wp-content\/uploads\/2022\/11\/ave-300x197.jpg 300w, https:\/\/www.publico.es\/yo-animal\/wp-content\/uploads\/2022\/11\/ave-768x503.jpg 768w, https:\/\/www.publico.es\/yo-animal\/wp-content\/uploads\/2022\/11\/ave-480x314.jpg 480w, https:\/\/www.publico.es\/yo-animal\/wp-content\/uploads\/2022\/11\/ave.jpg 1099w\" sizes=\"auto, (max-width: 1024px) 100vw, 1024px\"\/><figcaption class=\"wp-element-caption\">Diamante de Gould\/Foto: Wikimedia Bernard Spragg. CC0 1.0<\/figcaption><\/figure>\n<p>El <strong>diamante de Gould <\/strong>es un <strong>p\u00e1jaro de origen australiano<\/strong> que habita en las zonas arboladas de la sabana. De verde plumaje, con el vientre amarillo, los machos tienen el pecho coloration p\u00farpura (machos), mientras que las hembras en una tonalidad malva m\u00e1s clara.<\/p>\n<p>Cualquiera de las variedades que es posible ver de este p\u00e1jaro es tan bonita como colorida, puesto que es posible encontrarlo con la cabeza naranja, roja o negra.<\/p>\n<h3>Tuc\u00e1n andino piquilaminado (<em>Andigena laminirostris<\/em>)<\/h3>\n<figure class=\"wp-block-image size-large\"><img decoding=\"async\" loading=\"lazy\" width=\"1024\" height=\"682\" src=\"https:\/\/www.publico.es\/yo-animal\/wp-content\/uploads\/2022\/11\/tucan-1024x682.jpg\" alt=\"tuc\u00e1n\" class=\"wp-image-1035\" srcset=\"https:\/\/www.publico.es\/yo-animal\/wp-content\/uploads\/2022\/11\/tucan-1024x682.jpg 1024w, https:\/\/www.publico.es\/yo-animal\/wp-content\/uploads\/2022\/11\/tucan-300x200.jpg 300w, https:\/\/www.publico.es\/yo-animal\/wp-content\/uploads\/2022\/11\/tucan-768x512.jpg 768w, https:\/\/www.publico.es\/yo-animal\/wp-content\/uploads\/2022\/11\/tucan-720x480.jpg 720w, https:\/\/www.publico.es\/yo-animal\/wp-content\/uploads\/2022\/11\/tucan-480x320.jpg 480w, https:\/\/www.publico.es\/yo-animal\/wp-content\/uploads\/2022\/11\/tucan.jpg 1280w\" sizes=\"auto, (max-width: 1024px) 100vw, 1024px\"\/><figcaption class=\"wp-element-caption\">Tuc\u00e1n\/Foto: Wikimedia Joseph C Boone CC BY-SA 4.0<\/figcaption><\/figure>\n<p>Entre las <strong>aves tropicales m\u00e1s bellas y coloridas<\/strong> no puede faltar el<strong> tuc\u00e1n andino piquilaminado<\/strong>, originario de Ecuador y Colombia. Se trata de una de las cinco especies que constituyen los denominados tucanes de monta\u00f1a. <\/p>\n<p>Mide entre 42 y 53 cent\u00edmetros de longitud, mientras que su llamativo pico alcanza los diez cent\u00edmetros de largo. Sus plumas amarillas, azules, verdes, grises, negras y cobrizas son una maravillosa combinaci\u00f3n de colores. Como curiosidad, dos dedos de sus patas est\u00e1n orientados hacia adelante y otros dos, en sentido contrario, hacia atr\u00e1s.<\/p>\n<p><!-- AI CONTENT END 1 --><\/p><\/div>\n\n<p><em> &#8221; Fuentes news.google.com &#8221; <\/em><\/p>\n","protected":false},"excerpt":{"rendered":"<p>Si, como a nosotros, te gustan las aves y eres aficionado a la ornitolog\u00eda, seguro que llaman tu atenci\u00f3n esas especies cuyas plumas son una aut\u00e9ntica explosi\u00f3n de coloration. Algunas de ellas nos resultan extra\u00f1as o desconocidas, puesto que cuanto m\u00e1s pr\u00f3ximas est\u00e1n al ecuador, m\u00e1s se intensifica la tonalidad de su plumaje, por lo [&hellip;]<\/p>\n","protected":false},"author":4,"featured_media":434520,"comment_status":"open","ping_status":"closed","sticky":false,"template":"","format":"standard","meta":{"om_disable_all_campaigns":false,"jnews-multi-image_gallery":[],"jnews_single_post":[],"jnews_primary_category":[],"jnews_social_meta":[],"footnotes":""},"categories":[39],"tags":[],"class_list":["post-434519","post","type-post","status-publish","format-standard","has-post-thumbnail","hentry","category-viajes"],"_links":{"self":[{"href":"https:\/\/dimensionturistica.com\/es\/wp-json\/wp\/v2\/posts\/434519","targetHints":{"allow":["GET"]}}],"collection":[{"href":"https:\/\/dimensionturistica.com\/es\/wp-json\/wp\/v2\/posts"}],"about":[{"href":"https:\/\/dimensionturistica.com\/es\/wp-json\/wp\/v2\/types\/post"}],"author":[{"embeddable":true,"href":"https:\/\/dimensionturistica.com\/es\/wp-json\/wp\/v2\/users\/4"}],"replies":[{"embeddable":true,"href":"https:\/\/dimensionturistica.com\/es\/wp-json\/wp\/v2\/comments?post=434519"}],"version-history":[{"count":0,"href":"https:\/\/dimensionturistica.com\/es\/wp-json\/wp\/v2\/posts\/434519\/revisions"}],"wp:featuredmedia":[{"embeddable":true,"href":"https:\/\/dimensionturistica.com\/es\/wp-json\/wp\/v2\/media\/434520"}],"wp:attachment":[{"href":"https:\/\/dimensionturistica.com\/es\/wp-json\/wp\/v2\/media?parent=434519"}],"wp:term":[{"taxonomy":"category","embeddable":true,"href":"https:\/\/dimensionturistica.com\/es\/wp-json\/wp\/v2\/categories?post=434519"},{"taxonomy":"post_tag","embeddable":true,"href":"https:\/\/dimensionturistica.com\/es\/wp-json\/wp\/v2\/tags?post=434519"}],"curies":[{"name":"wp","href":"https:\/\/api.w.org\/{rel}","templated":true}]}}