{"id":434485,"date":"2022-11-29T10:51:03","date_gmt":"2022-11-29T10:51:03","guid":{"rendered":"https:\/\/dimensionturistica.com\/es\/?p=434485"},"modified":"2022-11-29T10:51:04","modified_gmt":"2022-11-29T10:51:04","slug":"una-postal-de-bodegas-patrimonio-y-naturaleza","status":"publish","type":"post","link":"https:\/\/dimensionturistica.com\/es\/una-postal-de-bodegas-patrimonio-y-naturaleza\/","title":{"rendered":"una postal de bodegas, patrimonio y naturaleza"},"content":{"rendered":"<p> <br \/>\n<\/p>\n<div>\n<aside class=\"subscription-highlighted\">\n<div class=\"subscription-container\">\n<div class=\"non-subscribed\">\n<p id=\"vpA3\" class=\"description\">Cyber Monday. Suscr\u00edbete hoy al -50% a la revista Viajes Nationwide Geographic y explora nuevos destinos<\/p>\n<p><a rel=\"nofollow noopener\" target=\"_blank\" href=\"https:\/\/tienda.rba.es\/revistas\/viajes-national-geographic?rba_source=viajes.nationalgeographic.com.es&amp;rba_medium=referral&amp;rba_campaign=NGMV&amp;rba_content=frase-articulo\" class=\"more-link\">EMPIEZA YA<\/a><\/div>\n<\/div>\n<\/aside>\n<p style=\"display: none;\"><img decoding=\"async\" id=\"ctl01_ctl00_phMain_phMain_ctl00_ctl02_ctl17_ctl01_imgContent\" src=\"https:\/\/news.google.com\/medio\/2022\/11\/15\/rioja-alavesa_9ed4bf86_800x800.jpg\" alt=\"Rioja Alavesa\" style=\"border-width:0px;\"\/><\/p>\n<aside class=\"add300x250 publi-interior-top ad-container-r1 ad-inline\"\/>\n<p>A nadie se le escapa la profundidad de los paisajes de \u00c1lava. Su belleza atrae a muchos en oto\u00f1o por su gama de colores, pero puede sorprender tambi\u00e9n con el verdor intenso de la vi\u00f1a en primavera y verano y la intimidad del invierno, una \u00e9poca que invita a refugiarse y disfrutar de la cosecha. Sea como sea, esta regi\u00f3n es una postal c\u00edclica que es, en s\u00ed misma, todo un espect\u00e1culo.<\/p>\n<p>Enmarcada entre mares de vi\u00f1as y villas medievales escoltadas por la Sierra de Cantabria en Rioja Alavesa y verdes monta\u00f1as y valles en Ayala, esta provincia promete una escapada inolvidable para conocer, saborear y disfrutar ciudades como Vitoria-Gasteiz, capital de Euskadi, con su centro hist\u00f3rico y su Anillo Verde.<\/p>\n<h2><strong>Rioja Alavesa, referente vitivin\u00edcola<\/strong><\/h2>\n<p>La diversidad y el contraste, un gran cuidado de la uva y el mimo por el paisaje, sumado al respeto a la tradici\u00f3n en la elaboraci\u00f3n del vino, dan como fruto las bodegas de Rioja Alavesa. Integradas en la Denominaci\u00f3n de Origen Calificada Rioja, en ellas se elaboran algunos de los mejores vinos del mundo, que cautivan cada a\u00f1o a far de visitantes nacionales e internacionales por su fuerza, su historia y su paladar.<\/p>\n<figure class=\"thumb zoom\"><img loading=\"lazy\" decoding=\"async\" sizes=\"auto, 100vw\" srcset=\"https:\/\/news.google.com\/medio\/2022\/11\/15\/bodegas-ysios_3735b199_720x539.jpg 720w,https:\/\/news.google.com\/medio\/2022\/11\/15\/bodegas-ysios_2587c392_1200x899.jpg 1200w\" src=\"https:\/\/news.google.com\/medio\/2022\/11\/15\/bodegas-ysios_2587c392_1200x899.jpg\" alt=\"Bodegas Ysios\" class=\"lazyload\" width=\"1200\" height=\"899\" data-aspectratio=\"1200\/899\"\/><noscript><img decoding=\"async\" src=\"https:\/\/news.google.com\/medio\/2022\/11\/15\/bodegas-ysios_2587c392_1200x899.jpg\" alt=\"Bodegas Ysios\"\/><\/noscript><\/p>\n<p>&#13;<figcaption class=\"by\">&#13;Turismo de \u00c1lava<\/figcaption>&#13;<\/p>\n<\/figure>\n<p>Una ruta por esta regi\u00f3n es sin\u00f3nimo de descubrimiento: ya sean negocios centenarios y tradicionales que rezuman familiaridad por sus cuatro costados, u otros que revolucionan el panorama precise con su rabiosa vanguardia e innovador dise\u00f1o, con arquitectos de renombre mundial como Frank Ghery (Marqu\u00e9s de Riscal) como art\u00edfices.<\/p>\n<p>Una muestra de la gran calidad y potencial enotur\u00edstico del lugar son las bodegas Photo voltaic de Samaniego, premio <em>The Better of 2022 <\/em>a la mejor experiencia por su propuesta \u201cBeber entre l\u00edneas\u201d, donde se fusiona la cultura del vino, el arte y la literatura. Otro buen ejemplo es el de bodegas Valdelana, que invita a perderse en su Jard\u00edn de las Variedades y relajarse en su columpio con vistas al Ebro o con una cata bajo una alfombra de estrellas.<\/p>\n<p>Y no solo las bodegas. Los restaurantes y otros operadores ofrecen un amplio abanico de posibilidades y experiencias que invitan a sentir de forma \u00edntima todo lo que ofrece este mundo que tiene a la uva como fruto de su poder de fascinaci\u00f3n. Una inmersi\u00f3n a trav\u00e9s de rutas guiadas, catas comentadas, almuerzos deliciosos, cenas m\u00e1gicas y actividades entre vi\u00f1edos tan sugerentes como vendimiar en familia o sentir los beneficios de un spa con vinoterapia.<\/p>\n<figure class=\"thumb zoom\"><img loading=\"lazy\" decoding=\"async\" sizes=\"auto, 100vw\" srcset=\"https:\/\/news.google.com\/medio\/2022\/11\/15\/vinoterapia-alava_3cb1ab47_720x479.jpg 720w,https:\/\/news.google.com\/medio\/2022\/11\/15\/vinoterapia-alava_67ba9e36_1200x799.jpg 1200w\" src=\"https:\/\/news.google.com\/medio\/2022\/11\/15\/vinoterapia-alava_67ba9e36_1200x799.jpg\" alt=\"vinoterapia \u00c1lava\" class=\"lazyload\" width=\"1200\" height=\"799\" data-aspectratio=\"1200\/799\"\/><noscript><img decoding=\"async\" src=\"https:\/\/news.google.com\/medio\/2022\/11\/15\/vinoterapia-alava_67ba9e36_1200x799.jpg\" alt=\"vinoterapia \u00c1lava\"\/><\/noscript><\/p>\n<p>&#13;<figcaption class=\"by\">&#13;Turismo de \u00c1lava<\/figcaption>&#13;<\/p>\n<\/figure>\n<p>Vino y bodegas, pero tambi\u00e9n patrimonio y naturaleza son las claves de lugares como Labraza y Laguardia, donde callejear sin prisa entre las murallas de una villa medieval, o los d\u00f3lmenes de la Chabola de la Hechicera, en Elvillar, y El Sotillo, en Leza, donde observar la gran historia que se encierra tras sus piedras. Descubrir un poblado prerromano como el de La Hoya e internarse en los lagares rupestres de Labastida son experiencias que redondean el viaje, pero a\u00fan hay m\u00e1s.<\/p>\n<h2><strong>Ayala, la comarca del txakoli<\/strong><\/h2>\n<p>Al noroeste de \u00c1lava se encuentra la segunda comarca vitivin\u00edcola de la provincia. Entre verdes prados, imponentes monta\u00f1as y sorprendentes cascadas, es imperativo descubrir otra de las joyas enol\u00f3gicas del norte de Espa\u00f1a, un vino diferente, blanco y ligeramente espumoso, fruto de una cuidadosamente preservada tradici\u00f3n: el txakoli.<\/p>\n<p>Durante siglos, las bodegas de esta zona han estado elaborando con mimo un producto que, desde hace m\u00e1s de veinte a\u00f1os, cuenta con el amparo de la Denominaci\u00f3n de Origen Txakoli de \u00c1lava.<\/p>\n<figure class=\"thumb zoom\"><img loading=\"lazy\" decoding=\"async\" sizes=\"auto, 100vw\" srcset=\"https:\/\/news.google.com\/medio\/2022\/11\/15\/txakoli_fc139c36_720x480.jpg 720w,https:\/\/news.google.com\/medio\/2022\/11\/15\/txakoli_5d9e7108_1200x800.jpg 1200w\" src=\"https:\/\/news.google.com\/medio\/2022\/11\/15\/txakoli_5d9e7108_1200x800.jpg\" alt=\"Txakoli\" class=\"lazyload\" width=\"1200\" height=\"800\" data-aspectratio=\"1200\/800\"\/><noscript><img decoding=\"async\" src=\"https:\/\/news.google.com\/medio\/2022\/11\/15\/txakoli_5d9e7108_1200x800.jpg\" alt=\"Txakoli\"\/><\/noscript><\/p>\n<p>&#13;<figcaption class=\"by\">&#13;Turismo de \u00c1lava<\/figcaption>&#13;<\/p>\n<\/figure>\n<p>Adem\u00e1s de visitar sus bodegas, una de las mejores maneras de maridar sus vinos es acerc\u00e1ndose a algunas de sus queser\u00edas artesanales y probar sus quesos Idiazabal y de pastor, o realizar alguna actividad de senderismo para acabar con un buen almuerzo regado de los mejores vinos de la comarca en algunas de las tabernas y locales donde saborear la cocina tradicional.<\/p>\n<p>Sin embargo, no todo se limita a beber y comer en esta peque\u00f1a denominaci\u00f3n de origen. Una buena recomendaci\u00f3n para completar esta ruta enogastron\u00f3mica es dar un paseo por la villa medieval de Artziniega, uno de las cinco municipios de la comarca, y visitar sus museos.<\/p>\n<p>Uno de los m\u00e1s interesantes es el Museo Etnogr\u00e1fico, que ofrece un viaje por la vida rural, o el Museo Santxotena, que acerca a los visitantes la obra de Xabier Santxotena, disc\u00edpulo de Jorge Oteiza, de la mano del propio artista.<\/p>\n<figure class=\"thumb zoom\"><img loading=\"lazy\" decoding=\"async\" sizes=\"auto, 100vw\" srcset=\"https:\/\/news.google.com\/medio\/2022\/11\/15\/conjunto-monumental-de-quejana_49d156d4_720x480.jpg 720w,https:\/\/news.google.com\/medio\/2022\/11\/15\/conjunto-monumental-de-quejana_5c3db5db_1200x800.jpg 1200w\" src=\"https:\/\/news.google.com\/medio\/2022\/11\/15\/conjunto-monumental-de-quejana_5c3db5db_1200x800.jpg\" alt=\"Conjunto Monumental de Quejana\" class=\"lazyload\" width=\"1200\" height=\"800\" data-aspectratio=\"1200\/800\"\/><noscript><img decoding=\"async\" src=\"https:\/\/news.google.com\/medio\/2022\/11\/15\/conjunto-monumental-de-quejana_5c3db5db_1200x800.jpg\" alt=\"Conjunto Monumental de Quejana\"\/><\/noscript><\/p>\n<p>&#13;<figcaption class=\"by\">&#13;Turismo de \u00c1lava<\/figcaption>&#13;<\/p>\n<\/figure>\n<p>Otro de los atractivos tur\u00edsticos de la comarca es el Conjunto Monumental de Quejana, formado por el Convento de San Juan Bautista, el Torre\u00f3n-Capilla de la Virgen del Cabello y el Palacio Fuerte de los Ayala, donde se encuentra un museo para conocer la historia del lugar y de los Ayala, con numerosas obras de arte, documentaci\u00f3n, maquetas y objetos.<\/p>\n<p>El bosque pintado de La Robleda de los Sue\u00f1os se suma al reclamo art\u00edstico con la intervenci\u00f3n de 25 artistas en plena naturaleza, componiendo todo un museo al aire libre. Para redondear la propuesta medioambiental, la senda verde de Delika se adentra en el ca\u00f1\u00f3n del mismo nombre en un recorrido de cinco kil\u00f3metros en los que disfrutar de robles y hayas con el tel\u00f3n de fondo del Salto del Nervi\u00f3n.<\/p>\n<h2><strong>Unidas por el vino y la gastronom\u00eda<\/strong><\/h2>\n<p>Las dos comarcas vitivin\u00edcolas por excelencia de \u00c1lava se unen durante unos d\u00edas para celebrar su riqueza enogastron\u00f3mica. Entre el 3 y el 8 de diciembre, en la capital vasca de Vitoria-Gasteiz se celebra la feria Ardoaraba, donde el vino de Rioja Alavesa y el txakoli de Ayala maridan con los mejores <em>pintxos. <\/em>Tambi\u00e9n tiene lugar un evento muy especial, Summun, que ofrece la oportunidad de catar los vinos alaveses mejor puntuados en las gu\u00edas internacionales y vinos diferentes e innovadores.<\/p>\n<figure class=\"thumb zoom\"><img loading=\"lazy\" decoding=\"async\" sizes=\"auto, 100vw\" srcset=\"https:\/\/news.google.com\/medio\/2022\/11\/15\/chuletas-sarmiento_893b89e5_720x479.jpg 720w,https:\/\/news.google.com\/medio\/2022\/11\/15\/chuletas-sarmiento_b7caa43e_1200x799.jpg 1200w\" src=\"https:\/\/news.google.com\/medio\/2022\/11\/15\/chuletas-sarmiento_b7caa43e_1200x799.jpg\" alt=\"chuletas sarmiento\" class=\"lazyload\" width=\"1200\" height=\"799\" data-aspectratio=\"1200\/799\"\/><noscript><img decoding=\"async\" src=\"https:\/\/news.google.com\/medio\/2022\/11\/15\/chuletas-sarmiento_b7caa43e_1200x799.jpg\" alt=\"chuletas sarmiento\"\/><\/noscript><\/p>\n<p>&#13;<figcaption class=\"by\">&#13;Turismo de \u00c1lava<\/figcaption>&#13;<\/p>\n<\/figure>\n<p>Adem\u00e1s de ser una buena oportunidad para conocer los encantos de una ciudad como Vitoria-Gasteiz, esta cita permite participar en distintas actividades paralelas a los actos que se llevan a cabo en carpas ubicadas en distintos puntos de la ciudad. Saborear <em>pintxos <\/em>tradicionales o innovadores, descubrir nuevas bodegas, disfrutar de ponencias y hacer catas comentadas son solo algunos de los atractivos de una feria que regresa este a\u00f1o con m\u00e1s fuerza que nunca.<\/p>\n<aside class=\"add300x600 publi-interior-bot ad-inline ad-container-r2\"\/><\/div>\n\n<p><em> &#8221; Fuentes news.google.com &#8221; <\/em><\/p>\n","protected":false},"excerpt":{"rendered":"<p>Cyber Monday. Suscr\u00edbete hoy al -50% a la revista Viajes Nationwide Geographic y explora nuevos destinos EMPIEZA YA A nadie se le escapa la profundidad de los paisajes de \u00c1lava. Su belleza atrae a muchos en oto\u00f1o por su gama de colores, pero puede sorprender tambi\u00e9n con el verdor intenso de la vi\u00f1a en primavera [&hellip;]<\/p>\n","protected":false},"author":4,"featured_media":434486,"comment_status":"open","ping_status":"closed","sticky":false,"template":"","format":"standard","meta":{"om_disable_all_campaigns":false,"jnews-multi-image_gallery":[],"jnews_single_post":[],"jnews_primary_category":[],"jnews_social_meta":[],"footnotes":""},"categories":[39],"tags":[47258,47257],"class_list":["post-434485","post","type-post","status-publish","format-standard","has-post-thumbnail","hentry","category-viajes","tag-cargado-desde-el-fichero-de-recursos","tag-keywords-por-defecto"],"_links":{"self":[{"href":"https:\/\/dimensionturistica.com\/es\/wp-json\/wp\/v2\/posts\/434485","targetHints":{"allow":["GET"]}}],"collection":[{"href":"https:\/\/dimensionturistica.com\/es\/wp-json\/wp\/v2\/posts"}],"about":[{"href":"https:\/\/dimensionturistica.com\/es\/wp-json\/wp\/v2\/types\/post"}],"author":[{"embeddable":true,"href":"https:\/\/dimensionturistica.com\/es\/wp-json\/wp\/v2\/users\/4"}],"replies":[{"embeddable":true,"href":"https:\/\/dimensionturistica.com\/es\/wp-json\/wp\/v2\/comments?post=434485"}],"version-history":[{"count":0,"href":"https:\/\/dimensionturistica.com\/es\/wp-json\/wp\/v2\/posts\/434485\/revisions"}],"wp:featuredmedia":[{"embeddable":true,"href":"https:\/\/dimensionturistica.com\/es\/wp-json\/wp\/v2\/media\/434486"}],"wp:attachment":[{"href":"https:\/\/dimensionturistica.com\/es\/wp-json\/wp\/v2\/media?parent=434485"}],"wp:term":[{"taxonomy":"category","embeddable":true,"href":"https:\/\/dimensionturistica.com\/es\/wp-json\/wp\/v2\/categories?post=434485"},{"taxonomy":"post_tag","embeddable":true,"href":"https:\/\/dimensionturistica.com\/es\/wp-json\/wp\/v2\/tags?post=434485"}],"curies":[{"name":"wp","href":"https:\/\/api.w.org\/{rel}","templated":true}]}}