{"id":434436,"date":"2022-11-29T09:36:01","date_gmt":"2022-11-29T09:36:01","guid":{"rendered":"https:\/\/dimensionturistica.com\/es\/?p=434436"},"modified":"2022-11-29T09:36:01","modified_gmt":"2022-11-29T09:36:01","slug":"el-modelo-turistico-a-debate-en-la-cumbre-del-consejo-de-viajes-y-turismo-wttc","status":"publish","type":"post","link":"https:\/\/dimensionturistica.com\/es\/el-modelo-turistico-a-debate-en-la-cumbre-del-consejo-de-viajes-y-turismo-wttc\/","title":{"rendered":"El modelo tur\u00edstico, a debate en la Cumbre del Consejo de Viajes y Turismo (WTTC)"},"content":{"rendered":"<p> <br \/>\n<\/p>\n<div>\n<div class=\"wysiwyg-photo\"><img decoding=\"async\" src=\"https:\/\/static.hosteltur.com\/app\/public\/uploads\/img\/posts\/2022\/11\/29\/L_103123_el-modelo-turistico-a-debate-en-la-cumbre-mundial-.jpg\" alt=\"Imagen opini\u00f3n Hosteltur\" width=\"1600\" height=\"1000\"\/>Esta misma semana se celebra la Cumbre Mundial del Consejo de Viajes y Turismo (por sus siglas en ingl\u00e9s, WTTC). Bajo el lema &#8216;Viaja por un futuro mejor&#8217;, la organizaci\u00f3n mundial con sede en Londres, Reino Unido, celebra el que, hasta la fecha, se posiciona como el mayor evento tur\u00edstico celebrado este a\u00f1o en el planeta. Y en esta l\u00ednea, hemos de se\u00f1alar que toda persona relevante vinculada al sector tur\u00edstico estar\u00e1 presente en esta importante reuni\u00f3n, a la vez que la cita se presenta como ese punto de inflexi\u00f3n para un sector que hoy, ante el potencial que este ofrece y que sustenta con los datos, se encuentra m\u00e1s disputado que nunca.<\/div>\n<p>Riad es el escenario escogido por la organizaci\u00f3n para la celebraci\u00f3n de esta importante cita, que se celebrar\u00e1 en dicha ubicaci\u00f3n desde el 28 de noviembre y hasta el 1 de diciembre. En este emplazamiento, durante cuatro d\u00edas, los principales organismos, empresas, autoridades, as\u00ed como agentes que participan en el sector tur\u00edstico, se dar\u00e1n cita para reflexionar acerca del sector, su recuperaci\u00f3n, as\u00ed como los retos y los desaf\u00edos que se presentan para este en los pr\u00f3ximos a\u00f1os. Y en este contexto, debemos se\u00f1alar que, bajo el lema citado, la cita pretende sentar las bases de un cambio en un sector que busca cada vez m\u00e1s la calidad, en contra de una cantidad que, hasta la fecha, ha puesto en duda el aporte de un sector que, como bien sabemos, contribuye ampliamente con las econom\u00edas que apuestan por \u00e9l.<\/p>\n<p>Antes de continuar, es preciso se\u00f1alar que el turismo es un sector que, atendiendo a su contribuci\u00f3n a nivel international, presenta una destacada importancia para casi todas las econom\u00edas que conforman este, nuestro planeta. Tomando como referencia el a\u00f1o previo a la pandemia, el 2019, los datos nos dicen que el peso del sector tur\u00edstico en la econom\u00eda mundial, o lo que es lo mismo, que el PIB tur\u00edstico en el mundo ascend\u00eda hasta niveles que rozaban el 10% (9,63%). Y de la misma manera, ocupando a m\u00e1s de 330 millones de trabajadores en todo el planeta, el turismo es un sector que, en ciertas econom\u00edas, llega a ocupar al 15% de la poblaci\u00f3n ocupada en estas. En resumen y como puede apreciarse, estamos ante unos datos que hablan por s\u00ed solos y que, como mencionaba anteriormente, reflejan esa contribuci\u00f3n citada.<\/p>\n<p>Adem\u00e1s, durante la pandemia, teniendo en cuenta esta contribuci\u00f3n y la recuperaci\u00f3n que ha experimentado el sector, el turismo ha sido uno de los sectores que mejor desempe\u00f1o ha tenido, a la vez que ha funcionado como un claro motor de crecimiento econ\u00f3mico para sacar a las econom\u00edas del atolladero en el que se encontraban inmersas. Siendo el sector que experiment\u00f3 la recuperaci\u00f3n m\u00e1s r\u00e1pida, adem\u00e1s de ser el sector que m\u00e1s promet\u00eda, y m\u00e1s promete, de cara a los pr\u00f3ximos a\u00f1os; teniendo en cuenta todas las previsiones, as\u00ed como el crecimiento que prev\u00e9 registrar en los pr\u00f3ximos a\u00f1os, creciendo por encima del crecimiento que prev\u00e9 experimentar la econom\u00eda mundial.<\/p>\n<p>Por esta raz\u00f3n es tan importante la celebraci\u00f3n de este evento, as\u00ed como las conclusiones que de este se extraigan en lo que respecta al turismo en los pr\u00f3ximos a\u00f1os. Pues hablamos de un grueso de la econom\u00eda mundial, a la vez que hablamos de uno de los sectores que, a la luz de los datos, presenta m\u00e1s potencial. Y en esta l\u00ednea hemos de se\u00f1alar ese punto de inflexi\u00f3n citado. Ya que la calidad por la que apuesta la organizaci\u00f3n, y por la que apuestan, cada vez m\u00e1s, los pa\u00edses, en un escenario en el que la oferta de Espa\u00f1a ha sido duramente cuestionada, ponen el foco sobre otras econom\u00edas que, en los pr\u00f3ximos a\u00f1os, podr\u00edan competir con Espa\u00f1a por la primera posici\u00f3n.<\/p>\n<p>En otras palabras, esta disputa, en caso de que no apostemos por la mejora de nuestro modelo tur\u00edstico, podr\u00eda restar liderazgo a una Espa\u00f1a que condiciona una mayor parte de su econom\u00eda a este sector. En cifras, hablamos de un 14% de nuestro PIB, as\u00ed como un 15% de nuestro empleo. Y es que, como se\u00f1alo, hablamos de un sector que, parsa el caso de Espa\u00f1a, Espa\u00f1a, presenta una mayor importancia, y esto, como digo, queda reflejado en un contraste con otras econom\u00edas en el que, atendiendo a las estad\u00edsticas, presentamos datos muy superiores a los ofrecidos para otras econom\u00edas, as\u00ed como para el entorno international.<\/p>\n<p>Por todo lo mencionado anteriormente, Espa\u00f1a debe seguir con atenci\u00f3n el evento, as\u00ed como las recomendaciones, directrices, as\u00ed como puntos que en este se debatir\u00e1n. Pues muchos mercados est\u00e1n ganando fuerza en este sector, en tanto en cuanto pretenden competir con Espa\u00f1a por los turistas con modelos que, a ojos de muchos expertos, presentan un mayor valor a\u00f1adido. Y una p\u00e9rdida de competitividad en lo que respecta a este sector, y un menor peso de este en nuestra econom\u00eda, restar\u00eda fuerza a uno de los mejores motores de crecimiento con los que cuenta nuestro pa\u00eds en el presente.<\/p>\n<\/p><\/div>\n\n<p><em> &#8221; Fuentes news.google.com &#8221; <\/em><\/p>\n","protected":false},"excerpt":{"rendered":"<p>Esta misma semana se celebra la Cumbre Mundial del Consejo de Viajes y Turismo (por sus siglas en ingl\u00e9s, WTTC). Bajo el lema &#8216;Viaja por un futuro mejor&#8217;, la organizaci\u00f3n mundial con sede en Londres, Reino Unido, celebra el que, hasta la fecha, se posiciona como el mayor evento tur\u00edstico celebrado este a\u00f1o en el [&hellip;]<\/p>\n","protected":false},"author":4,"featured_media":434437,"comment_status":"open","ping_status":"closed","sticky":false,"template":"","format":"standard","meta":{"om_disable_all_campaigns":false,"jnews-multi-image_gallery":[],"jnews_single_post":[],"jnews_primary_category":[],"jnews_social_meta":[],"footnotes":""},"categories":[40],"tags":[715],"class_list":["post-434436","post","type-post","status-publish","format-standard","has-post-thumbnail","hentry","category-industria","tag-economia"],"_links":{"self":[{"href":"https:\/\/dimensionturistica.com\/es\/wp-json\/wp\/v2\/posts\/434436","targetHints":{"allow":["GET"]}}],"collection":[{"href":"https:\/\/dimensionturistica.com\/es\/wp-json\/wp\/v2\/posts"}],"about":[{"href":"https:\/\/dimensionturistica.com\/es\/wp-json\/wp\/v2\/types\/post"}],"author":[{"embeddable":true,"href":"https:\/\/dimensionturistica.com\/es\/wp-json\/wp\/v2\/users\/4"}],"replies":[{"embeddable":true,"href":"https:\/\/dimensionturistica.com\/es\/wp-json\/wp\/v2\/comments?post=434436"}],"version-history":[{"count":0,"href":"https:\/\/dimensionturistica.com\/es\/wp-json\/wp\/v2\/posts\/434436\/revisions"}],"wp:featuredmedia":[{"embeddable":true,"href":"https:\/\/dimensionturistica.com\/es\/wp-json\/wp\/v2\/media\/434437"}],"wp:attachment":[{"href":"https:\/\/dimensionturistica.com\/es\/wp-json\/wp\/v2\/media?parent=434436"}],"wp:term":[{"taxonomy":"category","embeddable":true,"href":"https:\/\/dimensionturistica.com\/es\/wp-json\/wp\/v2\/categories?post=434436"},{"taxonomy":"post_tag","embeddable":true,"href":"https:\/\/dimensionturistica.com\/es\/wp-json\/wp\/v2\/tags?post=434436"}],"curies":[{"name":"wp","href":"https:\/\/api.w.org\/{rel}","templated":true}]}}