{"id":434413,"date":"2022-11-29T08:57:32","date_gmt":"2022-11-29T08:57:32","guid":{"rendered":"https:\/\/dimensionturistica.com\/es\/?p=434413"},"modified":"2022-11-29T08:57:32","modified_gmt":"2022-11-29T08:57:32","slug":"los-23-destinos-que-debes-visitar-en-2023","status":"publish","type":"post","link":"https:\/\/dimensionturistica.com\/es\/los-23-destinos-que-debes-visitar-en-2023\/","title":{"rendered":"Los 23 destinos que debes visitar en 2023"},"content":{"rendered":"<p> <br \/>\n<\/p>\n<div>\n<p><strong>Por qu\u00e9 ir:<\/strong> las playas salvajes y desiertas, los hoteles de arquitectura vanguardista, la apertura de lodge Vermelho.<\/p>\n<p><strong>Y, de repente, todos hablan de Melides\u2026<\/strong> por mucho que nos pese a quienes en fin, \u00e9ramos conscientes de que el secreto saltar\u00eda por los aires en cualquier momento. Pero as\u00ed es: este pueblo del litoral alentejano situado <strong>a apenas media hora de la ya widespread<\/strong> <a rel=\"nofollow noopener\" target=\"_blank\" href=\"https:\/\/www.traveler.es\/experiencias\/articulos\/viajar-a-comporta-guia-que-se-puede-hacer\/21482\"><strong>Comporta<\/strong><\/a> comienza a estar <strong>en boca de medio planeta.<\/strong>\u00a0<\/p>\n<p>Tiene su l\u00f3gica, pues razones para enamorar le sobran: <strong>la cercana playa de Gal\u00e9, con un acantilado f\u00f3sil de m\u00e1s de cinco millones de a\u00f1os<\/strong> que crea un <strong>on\u00edrico<\/strong> escenario rojizo, mantiene ese halo salvaje que poco a poco, seamos honestos, ha ido perdiendo Comporta aunque siga siendo un para\u00edso. Y encima le gana en fotogenia. <strong>De casi imposible masificaci\u00f3n<\/strong> \u2013forma parte de los 50 kil\u00f3metros de enviornment que van de Tr\u00f3ia a Sines\u2013, sus aguas son bravas y fr\u00edas, solo aptas para valientes, y sus habituales huyen del postureo tanto como de los mosquitos\u2026 que, por cierto, <strong>en Comporta son multitud y aqu\u00ed, sin tanto arrozal<\/strong> a la vista, remiten.\u00a0<\/p>\n<p>Hay otra raz\u00f3n enorme y tiene nombre propio: <strong>el dise\u00f1ador Christian Louboutin, el mismo que en 2013<\/strong> ya puso en el mapa la zona tras fotografiar el puerto palaf\u00edtico de Carrasqueira para una campa\u00f1a de sus ic\u00f3nicos zapatos, abrir\u00e1 su primer lodge aqu\u00ed, <strong>Resort Vermelho \u2013&#8221;rojo&#8221; en portugu\u00e9s, un gui\u00f1o al shade de las suelas de los Louboutin\u2013,<\/strong> en la primavera de 2023. Aqu\u00ed es en Melides, fregues\u00eda que forma parte del concejo de Gr\u00e2ndola y con <strong>1.789 habitantes censados.<\/strong>\u00a0<\/p>\n<p><strong>El pueblo no tiene nada y lo tiene todo.<\/strong> Como el encanto sencillo de la arquitectura widespread alentejana, como un paisaje verde y boscoso resultado de las estribaciones de la Sierra de Gr\u00e2ndola. <strong>Olivos, robles y alcornoques<\/strong> dan profundidad a la panor\u00e1mica que ver\u00e1s desde el imponente palacete del Vermelho, situado en el coraz\u00f3n de un pueblo que, de repente, ha visto c\u00f3mo <strong>todos los ojos se clavan en \u00e9l.<\/strong> La intenci\u00f3n de Louboutin es como la de Lampedusa: cambiar todo para que nada cambie. Es decir, que nadie ose romper la paz de este lugar, que <strong>solo lo visite para insuflarle vida.<\/strong><\/p>\n<p>Pero el dise\u00f1ador no est\u00e1 solo por estos lares: <a rel=\"nofollow noopener\" target=\"_blank\" href=\"https:\/\/www.traveler.es\/articulos\/first-in-pateos-hotel-melides-alentejo-reservar\"><strong>Pa.te.os<\/strong><\/a><strong>, el impresionante trabajo arquitect\u00f3nico de Manuel Aires Mateus<\/strong> para un lodge formado por villas independientes que reinventa los c\u00f3digos del lujo, acaba de abrir sus puertas en el campo melidense. Y <a rel=\"nofollow noopener\" target=\"_blank\" href=\"https:\/\/melidesart.com\/\">Melides Art<\/a>, concebido como <a rel=\"nofollow noopener\" target=\"_blank\" href=\"https:\/\/www.traveler.es\/viajeros\/galerias\/mejores-residencias-de-artistas-mundo-alojamiento-retiros-creativos\/2964\">residencia de artistas<\/a> y <strong>escenario de arte contempor\u00e1neo,<\/strong> tambi\u00e9n ha apostado por este rinc\u00f3n que respira bohemia, <strong>discreto encanto<\/strong> (de la burgues\u00eda, cierto es) y calma, mucha calma. <strong>Ojal\u00e1 que dure.<\/strong> \u2013<em>David Moralejo<\/em><\/p>\n<\/div>\n\n<p><em> &#8221; Fuentes news.google.com &#8221; <\/em><\/p>\n","protected":false},"excerpt":{"rendered":"<p>Por qu\u00e9 ir: las playas salvajes y desiertas, los hoteles de arquitectura vanguardista, la apertura de lodge Vermelho. Y, de repente, todos hablan de Melides\u2026 por mucho que nos pese a quienes en fin, \u00e9ramos conscientes de que el secreto saltar\u00eda por los aires en cualquier momento. Pero as\u00ed es: este pueblo del litoral alentejano [&hellip;]<\/p>\n","protected":false},"author":4,"featured_media":434414,"comment_status":"open","ping_status":"closed","sticky":false,"template":"","format":"standard","meta":{"om_disable_all_campaigns":false,"jnews-multi-image_gallery":[],"jnews_single_post":[],"jnews_primary_category":[],"jnews_social_meta":[],"footnotes":""},"categories":[39],"tags":[3637,20607],"class_list":["post-434413","post","type-post","status-publish","format-standard","has-post-thumbnail","hentry","category-viajes","tag-escapada","tag-inspiracion"],"_links":{"self":[{"href":"https:\/\/dimensionturistica.com\/es\/wp-json\/wp\/v2\/posts\/434413","targetHints":{"allow":["GET"]}}],"collection":[{"href":"https:\/\/dimensionturistica.com\/es\/wp-json\/wp\/v2\/posts"}],"about":[{"href":"https:\/\/dimensionturistica.com\/es\/wp-json\/wp\/v2\/types\/post"}],"author":[{"embeddable":true,"href":"https:\/\/dimensionturistica.com\/es\/wp-json\/wp\/v2\/users\/4"}],"replies":[{"embeddable":true,"href":"https:\/\/dimensionturistica.com\/es\/wp-json\/wp\/v2\/comments?post=434413"}],"version-history":[{"count":0,"href":"https:\/\/dimensionturistica.com\/es\/wp-json\/wp\/v2\/posts\/434413\/revisions"}],"wp:featuredmedia":[{"embeddable":true,"href":"https:\/\/dimensionturistica.com\/es\/wp-json\/wp\/v2\/media\/434414"}],"wp:attachment":[{"href":"https:\/\/dimensionturistica.com\/es\/wp-json\/wp\/v2\/media?parent=434413"}],"wp:term":[{"taxonomy":"category","embeddable":true,"href":"https:\/\/dimensionturistica.com\/es\/wp-json\/wp\/v2\/categories?post=434413"},{"taxonomy":"post_tag","embeddable":true,"href":"https:\/\/dimensionturistica.com\/es\/wp-json\/wp\/v2\/tags?post=434413"}],"curies":[{"name":"wp","href":"https:\/\/api.w.org\/{rel}","templated":true}]}}