{"id":434402,"date":"2022-11-29T08:25:03","date_gmt":"2022-11-29T08:25:03","guid":{"rendered":"https:\/\/dimensionturistica.com\/es\/?p=434402"},"modified":"2022-11-29T08:25:04","modified_gmt":"2022-11-29T08:25:04","slug":"el-patrimonio-de-la-humanidad-modernista-que-no-es-de-gaudi","status":"publish","type":"post","link":"https:\/\/dimensionturistica.com\/es\/el-patrimonio-de-la-humanidad-modernista-que-no-es-de-gaudi\/","title":{"rendered":"El Patrimonio de la Humanidad modernista que no es de Gaud\u00ed"},"content":{"rendered":"<p> <br \/>\n<\/p>\n<div>\n<div id=\"involveds\" class=\"involveds wrap\">\n<div class=\"involved-authors only-author\">\n<div class=\"first-author\">\n<figure class=\"thumb col-xs-3\">&#13;<img loading=\"lazy\" decoding=\"async\" src=\"https:\/\/news.google.com\/medio\/2021\/12\/09\/foto-alex-newsletter_0d47dd82_600x600.jpg\" alt=\"Foto Alex Newsletter\" class=\"lazyload\" width=\"600\" height=\"600\" data-aspectratio=\"600\/600\"\/><noscript><img decoding=\"async\" src=\"https:\/\/news.google.com\/medio\/2021\/12\/09\/foto-alex-newsletter_0d47dd82_600x600.jpg\" alt=\"Foto Alex Newsletter\"\/><\/noscript>&#13;<\/figure>\n<\/div>\n<\/div>\n<\/div>\n<p class=\"date\"> <time itemprop=\"dateModified\" datetime=\"2022-11-29T07:00:00+01:00\" data-timestamp=\"1669705200\">&#13;29 de noviembre de 2022 \u00b7 07:00<\/time>&#13;<\/p>\n<\/div>\n<div id=\"article-text\">\n<div class=\"txt\">\n<aside class=\"subscription-highlighted\">\n<div class=\"subscription-container\">\n<div class=\"non-subscribed\">\n<p class=\"description\">Especial Black Friday. Suscr\u00edbete hoy al -50% a la revista Viajes Nationwide Geographic y explora nuevos destinos<\/p>\n<p><a rel=\"nofollow noopener\" target=\"_blank\" href=\"https:\/\/tienda.rba.es\/revistas\/landing-suscripcion-viajes-national-geographic-black-friday?rba_source=viajes.nationalgeographic.com.es&amp;rba_medium=referral&amp;rba_campaign=black-friday-ngmv&amp;rba_term=viajesnationalgeographic&amp;rba_content=frase-articulo\" class=\"more-link\">EMPIEZA YA<\/a><\/div>\n<\/div>\n<\/aside>\n<p style=\"display: none;\"><img decoding=\"async\" id=\"ctl01_ctl00_phMain_phMain_ctl00_ctl02_ctl17_ctl01_imgContent\" src=\"https:\/\/news.google.com\/medio\/2022\/11\/28\/palacio-de-la-musica-barcelona_6b950d3e_800x800.jpg\" alt=\"Palacio de la M\u00fasica Barcelona\" style=\"border-width:0px;\"\/><\/p>\n<aside class=\"add300x250 publi-interior-top ad-container-r1 ad-inline\"\/>\n<p dir=\"ltr\"><span id=\"docs-internal-guid-6e0bb65c-7fff-a81c-401d-825203a305ab\">No, ni todo modernismo catal\u00e1n se acaba en la Sagrada Familia, ni Gaud\u00ed fue el \u00fanico que plant\u00f3 joyas arquitect\u00f3nicas en los primeros a\u00f1os del siglo XX en Barcelona. Otra de las m\u00e1ximas referencias en la ciudad es Llu\u00eds Dom\u00e8nech i Montaner, responsable de una belleza tan absoluta como el Palau de la M\u00fasica Catalana, un templo para mel\u00f3manos y para amantes de la arquitectura. <\/span><\/p>\n<p><span id=\"docs-internal-guid-6e0bb65c-7fff-a81c-401d-825203a305ab\">El edificio esquinero, entre las calles San Pedro y de Amadeu Vives, en el Barrio G\u00f3tic de Barcelona. Justo en el \u00e1ngulo, destaca como si fuera el mascar\u00f3n de proa de un barco una escultura de Miquel Blay. Construido entre 1905 y 1908, es una obra de arte que condensa algunos de los rasgos m\u00e1s caracter\u00edsticos del modernismo catal\u00e1n. Su m\u00e1xima apoteosis la logra en la sala de conciertos con capacidad para 2.000 espectadores. La decoraci\u00f3n en el inside es tan exuberante que sumada a la m\u00fasica lleva la experiencia musical a cotas sublimes. M\u00e1ximo protagonismo en su deslumbrante c\u00fapula, con la vidriera multicolor invertida que es s\u00edmbolo ella misma de todo el edificio. <\/span><\/p>\n<p><span><\/p>\n<section class=\"related-article-content relacionado\">\n<p class=\"relatedTitle\">Art\u00edculo relacionado<\/p>\n<p><a rel=\"nofollow noopener\" target=\"_blank\" href=\"https:\/\/news.google.com\/a\/paseo-por-once-obras-gaudi-ciudad-barcelona_10436\" class=\"rel\"><\/p>\n<article class=\"article\">&#13;<\/p>\n<figure class=\"thumb\">&#13;<img decoding=\"async\" src=\"https:\/\/news.google.com\/medio\/2022\/11\/22\/istock-972023428_e95d2d15_1280x720.jpg\" alt=\"iStock-972023428\" class=\"imagenRelacionado lazyload\"\/><noscript><img decoding=\"async\" src=\"https:\/\/news.google.com\/medio\/2022\/11\/22\/istock-972023428_e95d2d15_1280x720.jpg\" alt=\"iStock-972023428\"\/><\/noscript>&#13;<\/figure>\n<p>&#13;<\/p>\n<div class=\"relacionadoTxt\">\n<p>&#13;<\/p>\n<h4 class=\"supertitle\">&#13;Fantas\u00eda arquitect\u00f3nica<\/h4>\n<h4 class=\"title\">&#13;Ruta para descubrir las once obras de Gaud\u00ed en la ciudad de Barcelona<\/h4>\n<p>&#13;<\/p>\n<\/div>\n<\/article>\n<p><\/a><\/section>\n<p><\/span><\/p>\n<p><span id=\"docs-internal-guid-6e0bb65c-7fff-a81c-401d-825203a305ab\">El Palau de la M\u00fasica Catalana es Patrimonio de la Humanidad desde 1997 junto a otra formidable obra de Llu\u00eds Dom\u00e8nech i Montaner, el Hospital de Sant Pau. Dos ejemplos del modernismo catal\u00e1n m\u00e1s suntuoso y brillante que demuestran que<a rel=\"nofollow noopener\" target=\"_blank\" href=\"https:\/\/viajes.nationalgeographic.com.es\/a\/monumentos-patrimonio-humanidad-barcelona_12003\"> hay vida arquitect\u00f3nica m\u00e1s all\u00e1 de Gaud<\/a>\u00ed. <\/span><\/p>\n<aside class=\"add300x600 publi-interior-bot ad-inline ad-container-r2\"\/><\/div>\n<p><!-- START:toolbar --><!-- END:toolbar --><\/div>\n\n<p><em> &#8221; Fuentes news.google.com &#8221; <\/em><\/p>\n","protected":false},"excerpt":{"rendered":"<p>&#13;&#13; &#13;29 de noviembre de 2022 \u00b7 07:00&#13; Especial Black Friday. Suscr\u00edbete hoy al -50% a la revista Viajes Nationwide Geographic y explora nuevos destinos EMPIEZA YA No, ni todo modernismo catal\u00e1n se acaba en la Sagrada Familia, ni Gaud\u00ed fue el \u00fanico que plant\u00f3 joyas arquitect\u00f3nicas en los primeros a\u00f1os del siglo XX en [&hellip;]<\/p>\n","protected":false},"author":4,"featured_media":434403,"comment_status":"open","ping_status":"closed","sticky":false,"template":"","format":"standard","meta":{"om_disable_all_campaigns":false,"jnews-multi-image_gallery":[],"jnews_single_post":[],"jnews_primary_category":[],"jnews_social_meta":[],"footnotes":""},"categories":[39],"tags":[47258,47257],"class_list":["post-434402","post","type-post","status-publish","format-standard","has-post-thumbnail","hentry","category-viajes","tag-cargado-desde-el-fichero-de-recursos","tag-keywords-por-defecto"],"_links":{"self":[{"href":"https:\/\/dimensionturistica.com\/es\/wp-json\/wp\/v2\/posts\/434402","targetHints":{"allow":["GET"]}}],"collection":[{"href":"https:\/\/dimensionturistica.com\/es\/wp-json\/wp\/v2\/posts"}],"about":[{"href":"https:\/\/dimensionturistica.com\/es\/wp-json\/wp\/v2\/types\/post"}],"author":[{"embeddable":true,"href":"https:\/\/dimensionturistica.com\/es\/wp-json\/wp\/v2\/users\/4"}],"replies":[{"embeddable":true,"href":"https:\/\/dimensionturistica.com\/es\/wp-json\/wp\/v2\/comments?post=434402"}],"version-history":[{"count":0,"href":"https:\/\/dimensionturistica.com\/es\/wp-json\/wp\/v2\/posts\/434402\/revisions"}],"wp:featuredmedia":[{"embeddable":true,"href":"https:\/\/dimensionturistica.com\/es\/wp-json\/wp\/v2\/media\/434403"}],"wp:attachment":[{"href":"https:\/\/dimensionturistica.com\/es\/wp-json\/wp\/v2\/media?parent=434402"}],"wp:term":[{"taxonomy":"category","embeddable":true,"href":"https:\/\/dimensionturistica.com\/es\/wp-json\/wp\/v2\/categories?post=434402"},{"taxonomy":"post_tag","embeddable":true,"href":"https:\/\/dimensionturistica.com\/es\/wp-json\/wp\/v2\/tags?post=434402"}],"curies":[{"name":"wp","href":"https:\/\/api.w.org\/{rel}","templated":true}]}}