{"id":434324,"date":"2022-11-29T04:12:33","date_gmt":"2022-11-29T04:12:33","guid":{"rendered":"https:\/\/dimensionturistica.com\/es\/?p=434324"},"modified":"2024-02-20T22:10:34","modified_gmt":"2024-02-20T22:10:34","slug":"del-canamo-a-las-boutiques-el-viaje-de-la-moda-de-hemper-2","status":"publish","type":"post","link":"https:\/\/dimensionturistica.com\/es\/del-canamo-a-las-boutiques-el-viaje-de-la-moda-de-hemper-2\/","title":{"rendered":"Del c\u00e1\u00f1amo a las \u2018boutiques\u2019: el viaje de la moda de Hemper"},"content":{"rendered":"<p> <br \/>\n<\/p>\n<div>\n<p class=\"entradilla\">La historia de Hemper es la historia de un viaje: el viaje a Nepal que hizo la fundadora de esta marca de mochilas y complementos, Gloria Gubianas. En \u00e9l concibi\u00f3 la thought de convertir en un negocio rentable y socialmente responsable <strong>una tradici\u00f3n textil basada en el c\u00e1\u00f1amo<\/strong> que viste desde hace siglos a las gentes de la regi\u00f3n de Bajura, aisladas a 5.000 metros de altura.<\/p>\n<p>Pero tambi\u00e9n es <strong>el viaje de la <a rel=\"nofollow noopener\" target=\"_blank\" href=\"https:\/\/www.repsol.com\/es\/sostenibilidad\/economia-circular\/index.cshtml?utm_campaign=rep-brandedcontent-221129_2211_corp&amp;utm_medium=referral&amp;utm_source=expansion\" onclick=\"envioSC('');gtag('event', 'link', {'event_category': ''});\">econom\u00eda circular<\/a>,<\/strong> el que recorren las bolsas de arroz desechadas en ese mismo pa\u00eds para convertirse en <strong>art\u00edculos que no desentonan en las revistas m\u00e1s glamurosas<\/strong>. O el viaje de la sostenibilidad que, gracias a soluciones como los <a rel=\"nofollow noopener\" target=\"_blank\" href=\"https:\/\/www.repsol.com\/es\/energia-innovacion\/energia-futuro\/transicion-energetica\/combustibles-renovables\/index.cshtml?utm_campaign=rep-brandedcontent-221129_2211_corp&amp;utm_medium=referral&amp;utm_source=expansion\" onclick=\"envioSC('');gtag('event', 'link', {'event_category': ''});\">combustibles renovables<\/a>, llevar\u00e1n a la moda desde la manufactura hasta las boutiques con cada vez menos emisiones de CO<sub>2<\/sub>.<\/p>\n<h2>INNOVACI\u00d3N ARTESANAL: UN VIAJE A LA MODA CIRCULAR<\/h2>\n<p>Sobre todos esos viajes habla Gloria Gubianas en este v\u00eddeo con \u00cd\u00f1igo Ribas, ingeniero y experto en econom\u00eda round de Repsol. La conversaci\u00f3n se desarrolla en el <em>showroom<\/em> de Hemper en Madrid y ambos coinciden en la importancia de que la producci\u00f3n artesanal y la <strong>innovaci\u00f3n cient\u00edfica en el terreno de la circularidad<\/strong> se den la mano para <strong>hacer la moda m\u00e1s sostenible.<\/strong><\/p>\n<\/p><\/div>\n\n<p><em> &#8221; Fuentes news.google.com &#8221; <\/em><\/p>\n","protected":false},"excerpt":{"rendered":"<p>La historia de Hemper es la historia de un viaje: el viaje a Nepal que hizo la fundadora de esta marca de mochilas y complementos, Gloria Gubianas. En \u00e9l concibi\u00f3 la thought de convertir en un negocio rentable y socialmente responsable una tradici\u00f3n textil basada en el c\u00e1\u00f1amo que viste desde hace siglos a las [&hellip;]<\/p>\n","protected":false},"author":4,"featured_media":434301,"comment_status":"open","ping_status":"closed","sticky":false,"template":"","format":"standard","meta":{"om_disable_all_campaigns":false,"jnews-multi-image_gallery":[],"jnews_single_post":[],"jnews_primary_category":[],"jnews_social_meta":[],"footnotes":""},"categories":[144872],"tags":[],"class_list":["post-434324","post","type-post","status-publish","format-standard","has-post-thumbnail","hentry","category-fashion"],"_links":{"self":[{"href":"https:\/\/dimensionturistica.com\/es\/wp-json\/wp\/v2\/posts\/434324","targetHints":{"allow":["GET"]}}],"collection":[{"href":"https:\/\/dimensionturistica.com\/es\/wp-json\/wp\/v2\/posts"}],"about":[{"href":"https:\/\/dimensionturistica.com\/es\/wp-json\/wp\/v2\/types\/post"}],"author":[{"embeddable":true,"href":"https:\/\/dimensionturistica.com\/es\/wp-json\/wp\/v2\/users\/4"}],"replies":[{"embeddable":true,"href":"https:\/\/dimensionturistica.com\/es\/wp-json\/wp\/v2\/comments?post=434324"}],"version-history":[{"count":0,"href":"https:\/\/dimensionturistica.com\/es\/wp-json\/wp\/v2\/posts\/434324\/revisions"}],"wp:featuredmedia":[{"embeddable":true,"href":"https:\/\/dimensionturistica.com\/es\/wp-json\/wp\/v2\/media\/434301"}],"wp:attachment":[{"href":"https:\/\/dimensionturistica.com\/es\/wp-json\/wp\/v2\/media?parent=434324"}],"wp:term":[{"taxonomy":"category","embeddable":true,"href":"https:\/\/dimensionturistica.com\/es\/wp-json\/wp\/v2\/categories?post=434324"},{"taxonomy":"post_tag","embeddable":true,"href":"https:\/\/dimensionturistica.com\/es\/wp-json\/wp\/v2\/tags?post=434324"}],"curies":[{"name":"wp","href":"https:\/\/api.w.org\/{rel}","templated":true}]}}