{"id":434135,"date":"2022-11-28T21:07:14","date_gmt":"2022-11-28T21:07:14","guid":{"rendered":"https:\/\/dimensionturistica.com\/es\/?p=434135"},"modified":"2022-11-28T21:09:52","modified_gmt":"2022-11-28T21:09:52","slug":"maroma-a-belmond-hotel-riviera-maya-presenta-fotografia-maroma-una-exposicion-fotografica-itinerante-que-rinde-homenaje-a-mexico","status":"publish","type":"post","link":"https:\/\/dimensionturistica.com\/es\/maroma-a-belmond-hotel-riviera-maya-presenta-fotografia-maroma-una-exposicion-fotografica-itinerante-que-rinde-homenaje-a-mexico\/","title":{"rendered":"Maroma, a Belmond Hotel, Riviera Maya presenta \u00abFotograf\u00eda Maroma\u00bb una exposici\u00f3n fotogr\u00e1fica itinerante que rinde homenaje a M\u00e9xico"},"content":{"rendered":"<p>Anticip\u00e1ndose a su esperada reapertura en mayo de 2023, Maroma, A Belmond Hotel, Riviera Maya,<img decoding=\"async\" class=\"size-medium wp-image-434179 alignright\" src=\"https:\/\/dimensionturistica.com\/es\/wp-content\/uploads\/2022\/11\/image2-300x169.jpg\" alt=\"\" width=\"300\" height=\"169\" srcset=\"https:\/\/dimensionturistica.com\/es\/wp-content\/uploads\/2022\/11\/image2-300x169.jpg 300w, https:\/\/dimensionturistica.com\/es\/wp-content\/uploads\/2022\/11\/image2-1024x576.jpg 1024w, https:\/\/dimensionturistica.com\/es\/wp-content\/uploads\/2022\/11\/image2-768x432.jpg 768w, https:\/\/dimensionturistica.com\/es\/wp-content\/uploads\/2022\/11\/image2-1536x864.jpg 1536w, https:\/\/dimensionturistica.com\/es\/wp-content\/uploads\/2022\/11\/image2-750x422.jpg 750w, https:\/\/dimensionturistica.com\/es\/wp-content\/uploads\/2022\/11\/image2-1140x641.jpg 1140w, https:\/\/dimensionturistica.com\/es\/wp-content\/uploads\/2022\/11\/image2.jpg 1600w\" sizes=\"(max-width: 300px) 100vw, 300px\" \/> presentar\u00e1 un concepto creativo polifac\u00e9tico y una emocionante serie fotogr\u00e1fica, \u201cFotograf\u00eda Maroma\u201d, en colaboraci\u00f3n con las comisarias Fariba Farshad, cofundadora y directora de Photo London, y Patricia Conde, fundadora de la Patricia Conde Galer\u00eda en Ciudad de M\u00e9xico. Junto con Belmond, ambas comisarias seleccionaron a cuatro fot\u00f3grafos mexicanos para participar en la serie inaugural: los consagrados Patricia Lagarde, Javier Hinojosa e Il\u00e1n Rabchinskey, junto al prometedor talento de Margot Kalach. Las im\u00e1genes resultantes, que inmortalizan la Riviera Maya a trav\u00e9s de los objetivos y las<img decoding=\"async\" class=\"size-full wp-image-434188 alignleft\" src=\"https:\/\/dimensionturistica.com\/es\/wp-content\/uploads\/2022\/11\/23524_thumbnail.jpg\" alt=\"\" width=\"260\" height=\"146\" \/> miradas de cada fot\u00f3grafo, viajar\u00e1n a destacadas galer\u00edas de todo el mundo participando en algunas de las ferias de arte anuales m\u00e1s prestigiosas: Art Basel Miami (del 30 de noviembre al 3 de diciembre de 2022), ZONA MACO (del 8 al 12 de febrero de 2023) y Photo London (del 11 al 14 de mayo de 2023), finalizando la gira en Maroma, tras la reapertura del hotel.<br \/>\nUna Galeria viviente de talento mexicano<img decoding=\"async\" class=\"size-full wp-image-434184 alignright\" src=\"https:\/\/dimensionturistica.com\/es\/wp-content\/uploads\/2022\/11\/23519_thumbnail.jpg\" alt=\"\" width=\"259\" height=\"146\" \/><br \/>\n\u201cFotograf\u00eda Maroma\u201d mostrar\u00e1 perspectivas singulares de la fascinante pen\u00ednsula del Yucat\u00e1n. Su periplo dar\u00e1 comienzo en la 20.\u00aa edici\u00f3n de Art Basel Miami, la mayor muestra hasta la fecha, donde la exposici\u00f3n se alojar\u00e1 en el Miami Design District, en 182 NE 39th Street, Suite 117, Miami Design District, 33137, y estar\u00e1 abierta al p\u00fablico de 1 al 3 de diciembre de 2022, con un preestreno el 30 de noviembre. En 2023, la exposici\u00f3n viajar\u00e1 a Ciudad de M\u00e9xico durante ZONA MACO, la mayor feria de Am\u00e9rica Latina, y Photo London, el acontecimiento fotogr\u00e1fico del a\u00f1o en Reino Unido, durante el cual \u201cFotograf\u00eda Maroma\u201d se podr\u00e1 ver en los respectivos espacios de ambas comisar\u00edas: la Patricia Conde Galer\u00eda y la feria de arte de Gran Breta\u00f1a.<img decoding=\"async\" class=\"size-full wp-image-434187 alignleft\" src=\"https:\/\/dimensionturistica.com\/es\/wp-content\/uploads\/2022\/11\/23522_thumbnail.jpg\" alt=\"\" width=\"260\" height=\"146\" \/><br \/>\nEsta es la primera ocasi\u00f3n en la que las reputadas comisarias Fariba y Patricia se asocian y fusionan sus credenciales fotogr\u00e1ficas y sus conexiones con la programaci\u00f3n art\u00edstica mundial para formar un formidable d\u00fao. \u201dLa fotograf\u00eda mexicana est\u00e1 disfrutando actualmente del favor de la cr\u00edtica internacional. Nuestro reto ha sido crear la mezcla adecuada de talento y originalidad para transmitir el esp\u00edritu \u00fanico de Maroma. A cada artista se le encomend\u00f3 la tarea de crear im\u00e1genes fascinantes que atraigan al p\u00fablico de todo el mundo desplegando su propia sensibilidad y visi\u00f3n art\u00edstica\u201d, explican. Los fot\u00f3grafos seleccionados captan el esp\u00edritu de la Riviera Maya inmortalizando su cultura, su historia y sus exuberantes paisajes, elementos que tambi\u00e9n se reflejan en la renovaci\u00f3n inmersiva de inspiraci\u00f3n maya de Maroma.<br \/>\nLa expresion artistica hecha realidad<img decoding=\"async\" class=\"size-full wp-image-434181 alignright\" src=\"https:\/\/dimensionturistica.com\/es\/wp-content\/uploads\/2022\/11\/23516_thumbnail.jpg\" alt=\"\" width=\"260\" height=\"146\" \/><br \/>\nCon m\u00e1s de 45 a\u00f1os de experiencia, Javier Hinojosa se inspira en la manipulaci\u00f3n de la luz y gestiona factores incontrolables con paciencia y conocimiento del entorno. Para este proyecto se ha centrado en las playas de la Riviera Maya, ricas en vida natural, a fin de crear obras minimalistas y a la vez llenas de intenci\u00f3n y significado.<br \/>\nDe la tierra al mar, Patricia Lagarde focaliza su atenci\u00f3n en el mar Caribe, donde capta deslumbrantes tonos de azul. A trav\u00e9s de sus obras, la artista crea su propia realidad, plasmando su imaginaci\u00f3n a trav\u00e9s del objetivo fotogr\u00e1fico, recopilando obras, tanto reales como creadas.<br \/>\nIl\u00e1n Rabchinskey se inspira en el encuentro entre el mar y la tierra, la l\u00ednea del horizonte de Quintana Roo, donde los colores intensos suscitan una profunda sensaci\u00f3n de relajaci\u00f3n. Capta con franqueza la pureza del mar y el cielo, que se encuentran en un horizonte infinito.<br \/>\nLa artista emergente Margot Kalach estudia la historia, el arte y la ciencia de la toma de im\u00e1genes, en un delicado equilibrio entre la experimentaci\u00f3n y los entornos controlados. Lo visible, la selva y el mar, y lo<img decoding=\"async\" class=\"size-full wp-image-434192 alignleft\" src=\"https:\/\/dimensionturistica.com\/es\/wp-content\/uploads\/2022\/11\/23521_thumbnail.jpg\" alt=\"\" width=\"260\" height=\"146\" \/> invisible, el viento, son elementos esenciales para desentra\u00f1ar las conexiones entre dos fuerzas de la naturaleza.<br \/>\nUn terreno fertil para la expresion artistica<br \/>\nCon su cautivadora cultura, sus exuberantes paisajes y su rica tradici\u00f3n narrativa, la Riviera Maya es un terreno f\u00e9rtil para la expresi\u00f3n art\u00edstica. Las perspectivas \u00fanicas de los fot\u00f3grafos ofrecen una visi\u00f3n de la fascinante identidad mexicana a trav\u00e9s del pasado, el presente y el futuro. Esta colecci\u00f3n indispensable tiende un encantador puente hacia la cultura aut\u00f3ctona y es una invitaci\u00f3n a adentrarse en el alma de la Riviera Maya, donde est\u00e1 situado Maroma, que reabre sus puertas en mayo de 2023. Rodeado de 90 hect\u00e1reas de exuberante selva tropical y apartadas playas blancas de la costa caribe\u00f1a de M\u00e9xico, el hist\u00f3rico refugio se ha renovado por completo con la cultura maya como elemento central. Este nuevo cap\u00edtulo de Maroma revelar\u00e1 10 nuevas suites con vistas al mar, una experiencia de bienestar centrada en la naturaleza en colaboraci\u00f3n con Guerlain, iniciativas innovadoras de sostenibilidad y una nueva era gastron\u00f3mica bajo la batuta del chef mexicano Daniel Camacho.<br \/>\nEsta nueva iniciativa se inscribe en el marco del perenne compromiso de Belmond con la comunidad art\u00edstica. A principios de este a\u00f1o, Belmond inici\u00f3 una colaboraci\u00f3n bajo el t\u00edtulo de \u201cM\u00edtico\u201d con Galleria Continua, una galer\u00eda de arte de renombre internacional, para presentar el talento de cuatro destacados artistas. Belmond seguir\u00e1 inspirando a los amantes del arte y apoyando a los artistas para entablar un di\u00e1logo fruct\u00edfero entre el arte y el paisaje, con nuevas colaboraciones previstas para 2023.<\/p>\n","protected":false},"excerpt":{"rendered":"<p>Anticip\u00e1ndose a su esperada reapertura en mayo de 2023, Maroma, A Belmond Hotel, Riviera Maya, presentar\u00e1 un concepto creativo polifac\u00e9tico y una emocionante serie fotogr\u00e1fica, \u201cFotograf\u00eda Maroma\u201d, en colaboraci\u00f3n con las comisarias Fariba Farshad, cofundadora y directora de Photo London, y Patricia Conde, fundadora de la Patricia Conde Galer\u00eda en Ciudad de M\u00e9xico. Junto con [&hellip;]<\/p>\n","protected":false},"author":1,"featured_media":434180,"comment_status":"open","ping_status":"closed","sticky":false,"template":"","format":"standard","meta":{"om_disable_all_campaigns":false,"jnews-multi-image_gallery":[],"jnews_single_post":{"source_name":"","source_url":"","via_name":"","via_url":"","override_template":"0","override":[{"template":"1","single_blog_custom":"","parallax":"1","fullscreen":"1","layout":"right-sidebar","sidebar":"default-sidebar","second_sidebar":"default-sidebar","sticky_sidebar":"1","share_position":"top","share_float_style":"share-monocrhome","show_share_counter":"1","show_view_counter":"1","show_featured":"1","show_post_meta":"1","show_post_author":"1","show_post_author_image":"1","show_post_date":"1","post_date_format":"default","post_date_format_custom":"Y\/m\/d","show_post_category":"1","show_post_reading_time":"0","post_reading_time_wpm":"300","show_zoom_button":"0","zoom_button_out_step":"2","zoom_button_in_step":"3","show_post_tag":"1","show_prev_next_post":"1","show_popup_post":"1","number_popup_post":"1","show_author_box":"0","show_post_related":"0","show_inline_post_related":"0"}],"override_image_size":"0","image_override":[{"single_post_thumbnail_size":"crop-500","single_post_gallery_size":"crop-500"}],"trending_post":"0","trending_post_position":"meta","trending_post_label":"Trending","sponsored_post":"0","sponsored_post_label":"Sponsored by","sponsored_post_name":"","sponsored_post_url":"","sponsored_post_logo_enable":"0","sponsored_post_logo":"","sponsored_post_desc":"","disable_ad":"0"},"jnews_primary_category":{"id":"","hide":""},"jnews_social_meta":{"fb_title":"","fb_description":"","fb_image":"","twitter_title":"","twitter_description":"","twitter_image":""},"footnotes":""},"categories":[39],"tags":[],"class_list":["post-434135","post","type-post","status-publish","format-standard","has-post-thumbnail","hentry","category-viajes"],"_links":{"self":[{"href":"https:\/\/dimensionturistica.com\/es\/wp-json\/wp\/v2\/posts\/434135","targetHints":{"allow":["GET"]}}],"collection":[{"href":"https:\/\/dimensionturistica.com\/es\/wp-json\/wp\/v2\/posts"}],"about":[{"href":"https:\/\/dimensionturistica.com\/es\/wp-json\/wp\/v2\/types\/post"}],"author":[{"embeddable":true,"href":"https:\/\/dimensionturistica.com\/es\/wp-json\/wp\/v2\/users\/1"}],"replies":[{"embeddable":true,"href":"https:\/\/dimensionturistica.com\/es\/wp-json\/wp\/v2\/comments?post=434135"}],"version-history":[{"count":0,"href":"https:\/\/dimensionturistica.com\/es\/wp-json\/wp\/v2\/posts\/434135\/revisions"}],"wp:featuredmedia":[{"embeddable":true,"href":"https:\/\/dimensionturistica.com\/es\/wp-json\/wp\/v2\/media\/434180"}],"wp:attachment":[{"href":"https:\/\/dimensionturistica.com\/es\/wp-json\/wp\/v2\/media?parent=434135"}],"wp:term":[{"taxonomy":"category","embeddable":true,"href":"https:\/\/dimensionturistica.com\/es\/wp-json\/wp\/v2\/categories?post=434135"},{"taxonomy":"post_tag","embeddable":true,"href":"https:\/\/dimensionturistica.com\/es\/wp-json\/wp\/v2\/tags?post=434135"}],"curies":[{"name":"wp","href":"https:\/\/api.w.org\/{rel}","templated":true}]}}