{"id":434025,"date":"2022-11-28T17:27:48","date_gmt":"2022-11-28T17:27:48","guid":{"rendered":"https:\/\/dimensionturistica.com\/es\/?p=434025"},"modified":"2022-11-28T17:27:49","modified_gmt":"2022-11-28T17:27:49","slug":"aumenta-la-solicitud-de-permisos-para-viajes-de-menores-vea-cuales-son-los-requisitos","status":"publish","type":"post","link":"https:\/\/dimensionturistica.com\/es\/aumenta-la-solicitud-de-permisos-para-viajes-de-menores-vea-cuales-son-los-requisitos\/","title":{"rendered":"Aumenta la solicitud de permisos para viajes de menores; vea cu\u00e1les son los requisitos"},"content":{"rendered":"<p> <br \/>\n<\/p>\n<div>\n<div class=\"audioAndDate\"><button id=\"share-code-305532\" class=\"jsx-3171889892 audio-player btn-share-embed\"><i class=\"jsx-3171889892 mdi mdi-code-tags\"\/><\/p>\n<h4 class=\"jsx-3171889892\">Inscrustar nota<\/h4>\n<p><\/button><\/p>\n<p>28 de noviembre de 2022, 10:48 AM<\/p>\n<\/div>\n<p>28 de noviembre de 2022, 10:48 AM<\/p>\n<div>\n<p><b>Con el cierre del a\u00f1o escolar de la gesti\u00f3n escolar 2022 y el inicio de las vacaciones de fin de a\u00f1o,<\/b> la demanda de permisos para viajes de menores de edad dentro del territorio nacional se ha incrementado y tiende a seguir subiendo.<\/p>\n<\/div>\n<div>\n<p><span style=\"font-variant-numeric: normal; font-variant-east-asian: normal; vertical-align: baseline;\"><b>Alexander Zabala, jefe de la Defensor\u00eda de la Ni\u00f1ez y Adolescencia, <\/b>dependiente del Gobierno Municipal, indic\u00f3 que, desde la semana pasada y pese al paro indefinido, los padres se dieron modos para llegar hasta la oficina central de la instituci\u00f3n, que period el \u00fanico lugar donde se pod\u00eda tramitar el documento.\u00a0<\/span><\/p>\n<\/div>\n<div>\n<p><span style=\" background-color: transparent; letter-spacing: -0.015em;\">\u201cEn las vacaciones de invierno entregamos 100 permisos por d\u00eda. Seguramente vamos a aumentar un 50 por ciento m\u00e1s porque la vacaci\u00f3n es m\u00e1s larga y son viajes m\u00e1s largos\u201d, manifest\u00f3 Zabala, a tiempo de precisar que actualmente <b>emiten entre 100 y 110 permisos por d\u00eda.\u00a0<\/b><\/span><\/p>\n<\/div>\n<div>\n<p><span style=\"font-variant-numeric: normal; font-variant-east-asian: normal; vertical-align: baseline;\">Desde este lunes, de acuerdo con Zabala, se han habilitado dos puntos de atenci\u00f3n en la Terminal Bimodal de Santa Cruz dada la masiva afluencia de viajeros. \u201cSolo <b>verificamos el permiso que los padr<\/b><b>es <\/b>dan a los menores de edad. Hay un documento que certifica que est\u00e1n de acuerdo en que la ni\u00f1a, ni\u00f1o o adolescente viaje con uno de ellos\u00a0 o con una tercera persona\u201d, manifest\u00f3 el funcionario.<\/span><\/p>\n<\/div>\n<div>\n<p><span style=\"font-variant-numeric: normal; font-variant-east-asian: normal; vertical-align: baseline;\">Otro aspecto a tomar en cuenta es que, si bien los permisos salen en el d\u00eda, se recomienda a los padres que lo hagan con <b>tres d\u00edas de anticipaci\u00f3n <\/b>por la afluencia de gente.<\/span><span style=\" background-color: transparent; letter-spacing: -0.015em; font-variant-numeric: normal; font-variant-east-asian: normal; vertical-align: baseline;\">\u00a0Dijo, adem\u00e1s, que los permisos s<\/span><span style=\" background-color: transparent; letter-spacing: -0.015em;\">e pueden extender hasta tres meses.\u00a0<\/span><\/p>\n<\/div>\n<div>\n<p><span style=\" background-color: transparent; letter-spacing: -0.015em;\">Es importante recordar a la poblaci\u00f3n que la Defensor\u00eda del Ni\u00f1o, Ni\u00f1a y Adolescente, los permisos son para viajes a nivel nacional.\u00a0<\/span><\/p>\n<\/div>\n<div>\n<p><span style=\"font-variant-numeric: normal; font-variant-east-asian: normal; vertical-align: baseline;\">Zabala anunci\u00f3 que, en coordinaci\u00f3n con la Polic\u00eda, se realizar\u00e1n <b>operativos de management <\/b>para evitar el viaje de los menores que no cuenten con el permiso de sus padres. En caso de detectar una situaci\u00f3n irregular, se ponen en contacto con sus familiares y ponen a buen recaudo al menor de edad.<b id=\"docs-internal-guid-c9e7b759-7fff-d085-d5bb-7814c14a9ec2\"\/><\/span><\/p>\n<\/div>\n<div>\n<p><img decoding=\"async\" src=\"https:\/\/static.eldeber.com.bo\/\/Files\/Sizes\/2022\/11\/28\/requisitos-visibles-en-la-defensoria-de-la-niez-y-adolescencia-_1449309848_760x520.jpeg\"\/><i style=\"background-color: transparent; letter-spacing: -0.015em;\">Requisitos visibles en la Defensoria de la Ni\u00f1ez y Adolescencia \/ Foto: Ricardo Montero<\/i><\/p>\n<\/div>\n<div>\n<p><span style=\"font-variant-numeric: normal; font-variant-east-asian: normal; vertical-align: baseline;\"><b>Horarios de atenci\u00f3n:\u00a0<\/b><\/span><span style=\" background-color: transparent; letter-spacing: -0.015em;\">De lunes a domingo de 8:00 a 16:00 (horario continuo)<\/span><\/p>\n<\/div>\n<div>\n<p><span style=\"font-variant-numeric: normal; font-variant-east-asian: normal; vertical-align: baseline;\"><b>Lugares habilitados:\u00a0<\/b><\/span><span style=\" background-color: transparent; letter-spacing: -0.015em; font-variant-numeric: normal; font-variant-east-asian: normal; vertical-align: baseline;\">Oficina central de la Defensor\u00eda de la Ni\u00f1ez y Advert<\/span><span style=\" background-color: transparent; letter-spacing: -0.015em;\">olescencia (Barrio Mc Donald, avenida C\u00e9sar Cronenbold, a tres cuadras del Zool\u00f3gico).\u00a0<\/span><span style=\" background-color: transparent; letter-spacing: -0.015em;\">Terminal Bimodal de Santa Cruz (Avenida Intermodal)<\/span><\/p>\n<\/div>\n<div>\n<p><span style=\"font-variant-numeric: normal; font-variant-east-asian: normal; vertical-align: baseline;\"><b>Requisitos (v\u00e1lido para menores que viajan solos o con un padre)<\/b><i><b><b\/><\/b><\/i><\/span><\/p>\n<\/div>\n<div>\n<p><span style=\"font-variant-numeric: normal; font-variant-east-asian: normal; vertical-align: baseline;\">1. Dos fotocopias del carnet de identidad de ambos padres<\/span><\/p>\n<\/div>\n<div>\n<p><span style=\"font-variant-numeric: normal; font-variant-east-asian: normal; vertical-align: baseline;\">2. Dos fotocopias de carnet de identidad del 4. menor<\/span><\/p>\n<\/div>\n<div>\n<p><span style=\"font-variant-numeric: normal; font-variant-east-asian: normal; vertical-align: baseline;\">3. Carta de autorizaci\u00f3n del viaje del menor dirigida a la Defensor\u00eda de la Ni\u00f1ez y Adolescencia (dos fotocopias)<\/span><\/p>\n<\/div>\n<div>\n<p><span style=\"font-variant-numeric: normal; font-variant-east-asian: normal; vertical-align: baseline;\">4. Ambos padres deben estar presentes para tramitar el documento. <\/span>Al momento del llenado del formulario ambos padres deben especificar el motivo del viaje<\/p>\n<\/div>\n<div>\n<p><span style=\"font-variant-numeric: normal; font-variant-east-asian: normal; vertical-align: baseline;\">5. Para los menores que viajan con familiares o terceros, se deben llevar todos los documentos\u00a0<\/span><span style=\" background-color: transparent; letter-spacing: -0.015em;\">mencionados anteriormente junto con dos fotocopias del carnet de identidad de la persona que acompa\u00f1ar\u00e1 al menor.<\/span><\/p>\n<\/div>\n<div>\n<p><span style=\"font-variant-numeric: normal; font-variant-east-asian: normal; vertical-align: baseline;\"><b>Validez: <\/b><\/span>Se puede tramitar con fechas espec\u00edficas del viaje (ida y vuelta). Y en caso de ser necesario hay la opci\u00f3n de hasta tres meses.<\/p>\n<\/div>\n<\/div>\n\n<p><em> &#8221; Fuentes news.google.com &#8221; <\/em><\/p>\n","protected":false},"excerpt":{"rendered":"<p>Inscrustar nota 28 de noviembre de 2022, 10:48 AM 28 de noviembre de 2022, 10:48 AM Con el cierre del a\u00f1o escolar de la gesti\u00f3n escolar 2022 y el inicio de las vacaciones de fin de a\u00f1o, la demanda de permisos para viajes de menores de edad dentro del territorio nacional se ha incrementado y [&hellip;]<\/p>\n","protected":false},"author":4,"featured_media":434026,"comment_status":"open","ping_status":"closed","sticky":false,"template":"","format":"standard","meta":{"om_disable_all_campaigns":false,"jnews-multi-image_gallery":[],"jnews_single_post":[],"jnews_primary_category":[],"jnews_social_meta":[],"footnotes":""},"categories":[39],"tags":[57988,57989,3094],"class_list":["post-434025","post","type-post","status-publish","format-standard","has-post-thumbnail","hentry","category-viajes","tag-defensoria-de-la-ninez-y-adolescencia","tag-permiso-para-menores-de-edad","tag-viajes-nacionales"],"_links":{"self":[{"href":"https:\/\/dimensionturistica.com\/es\/wp-json\/wp\/v2\/posts\/434025","targetHints":{"allow":["GET"]}}],"collection":[{"href":"https:\/\/dimensionturistica.com\/es\/wp-json\/wp\/v2\/posts"}],"about":[{"href":"https:\/\/dimensionturistica.com\/es\/wp-json\/wp\/v2\/types\/post"}],"author":[{"embeddable":true,"href":"https:\/\/dimensionturistica.com\/es\/wp-json\/wp\/v2\/users\/4"}],"replies":[{"embeddable":true,"href":"https:\/\/dimensionturistica.com\/es\/wp-json\/wp\/v2\/comments?post=434025"}],"version-history":[{"count":0,"href":"https:\/\/dimensionturistica.com\/es\/wp-json\/wp\/v2\/posts\/434025\/revisions"}],"wp:featuredmedia":[{"embeddable":true,"href":"https:\/\/dimensionturistica.com\/es\/wp-json\/wp\/v2\/media\/434026"}],"wp:attachment":[{"href":"https:\/\/dimensionturistica.com\/es\/wp-json\/wp\/v2\/media?parent=434025"}],"wp:term":[{"taxonomy":"category","embeddable":true,"href":"https:\/\/dimensionturistica.com\/es\/wp-json\/wp\/v2\/categories?post=434025"},{"taxonomy":"post_tag","embeddable":true,"href":"https:\/\/dimensionturistica.com\/es\/wp-json\/wp\/v2\/tags?post=434025"}],"curies":[{"name":"wp","href":"https:\/\/api.w.org\/{rel}","templated":true}]}}