{"id":433838,"date":"2022-11-28T12:12:24","date_gmt":"2022-11-28T12:12:24","guid":{"rendered":"https:\/\/dimensionturistica.com\/es\/?p=433838"},"modified":"2022-11-28T12:12:25","modified_gmt":"2022-11-28T12:12:25","slug":"una-aventura-fotografica-en-los-confines-de-noruega","status":"publish","type":"post","link":"https:\/\/dimensionturistica.com\/es\/una-aventura-fotografica-en-los-confines-de-noruega\/","title":{"rendered":"una aventura fotogr\u00e1fica en los confines de Noruega"},"content":{"rendered":"<p> <br \/>\n<\/p>\n<div id=\"article-sumary\">\n<div class=\"article-txt ad-mobile-top\">\n<p><em>El hombre del mar<\/em> es una de las 36 obras al aire libre que repartidas en la costa noruega conforman el proyecto internacional<strong> Artscape Norland.<\/strong> Los motivos para su creador Okay. Lili Olsen\u00a0son desconocidos para el fot\u00f3grafo, un enigma donde va a buscar su imagen. En una primera lectura los significados m\u00e1s evidentes podr\u00edan ser un tributo a los n\u00e1ufragos, o una ofrenda de agradecimiento al oc\u00e9ano. Pero lo indiscutible para el visitante, es que esta figura es el faro que le atrae hasta esta orilla perdida de <a rel=\"nofollow noopener\" target=\"_blank\" href=\"https:\/\/viajes.nationalgeographic.com.es\/a\/vesteralen-noruega-que-hay-mas-alla-islas-lofoten_18399\">Vester\u00e5len<\/a>, <strong>un lugar adonde nadie ir\u00eda de no existir este reclamo que transforma el paisaje, aport\u00e1ndole una nueva energ\u00eda. <\/strong>Esta labor de intervenci\u00f3n la comprende bien el fot\u00f3grafo, pues su empe\u00f1o es muy related, buscando siempre reinterpretar panoramas mil veces retratados, para construir una imagen private y diferente muchas veces de la nada.<\/p>\n<\/div>\n<\/div>\n<div id=\"article-text\">\n<div class=\"txt\">\n<aside class=\"subscription-highlighted\">\n<div class=\"subscription-container\">\n<div class=\"non-subscribed\">\n<p class=\"description\">Especial Black Friday. Suscr\u00edbete hoy al -50% a la revista Viajes Nationwide Geographic y explora nuevos destinos<\/p>\n<p><a rel=\"nofollow noopener\" target=\"_blank\" href=\"https:\/\/tienda.rba.es\/revistas\/landing-suscripcion-viajes-national-geographic-black-friday?rba_source=viajes.nationalgeographic.com.es&amp;rba_medium=referral&amp;rba_campaign=black-friday-ngmv&amp;rba_term=viajesnationalgeographic&amp;rba_content=frase-articulo\" class=\"more-link\">EMPIEZA YA<\/a><\/div>\n<\/div>\n<\/aside>\n<p style=\"display: none;\"><img decoding=\"async\" id=\"ctl01_ctl00_phMain_phMain_ctl00_ctl02_ctl17_ctl01_imgContent\" src=\"https:\/\/news.google.com\/medio\/2022\/11\/23\/el-hombre-del-mar_dcf29494_800x800.jpg\" alt=\"El hombre del Mar\" style=\"border-width:0px;\"\/><\/p>\n<aside class=\"add300x250 publi-interior-top ad-container-r1 ad-inline\"\/>\n<p>Para ello, apoy\u00e1ndose en su imaginaci\u00f3n, utiliza los recursos que el lugar ofrece, combinando personajes, nubes, sombras o lo que surja. Pero, cuando no se ha nacido genio, la tarea de creaci\u00f3n resulta dif\u00edcil, incluso agotadora. En este cometido, explorando a <strong><em>El hombre del mar<\/em>, el fot\u00f3grafo descifra un mensaje para \u00e9l en specific, pues el arte cuestiona a cada cual seg\u00fan sus vivencias. <\/strong>Y de pronto, se identifica con ese cuerpo lleno de p\u00faas, como las dudas y las desilusiones de la vida, donde puede reconocer su propia lucha en su compromiso de componer una foto propia. Porque muchas veces en la pr\u00e1ctica fotogr\u00e1fica es routine repetir autom\u00e1ticamente lo que se pone delante, cayendo en una rutina de \u201capropiarse\u201d del lugar sin esfuerzo. Y, entonces, cabe preguntarse qu\u00e9 sentido tiene darse ese trabajo para conseguir la misma imagen ya realizada por miles de personas. \u00bfNo ser\u00eda mejor comprar una postal?<\/p>\n<p>Puede ser que <em>El hombre del mar<\/em> sostenga en sus manos la respuesta a esta cuesti\u00f3n. Sobre su cuerpo magullado mantiene un cristal frente a sus ojos, una representaci\u00f3n de su ilusi\u00f3n que sigue viva, de su pasi\u00f3n intacta por encima de todo su desgaste. Y lo eleva como una lente rudimentaria, la m\u00e1s primitiva alegor\u00eda de la fotograf\u00eda. <strong>Porque<em> El hombre del mar <\/em>no se rinde, de igual modo que el fot\u00f3grafo jam\u00e1s lo har\u00e1 en su lucha por una imagen chic. <\/strong>La que transporte su coraz\u00f3n hasta el Olimpo el d\u00eda que al fin se revele.<\/p>\n<p>Es algo inexplicable, crear puede resultar arduo y espinoso, pero la c\u00e1mara empuja como una hoguera de pasi\u00f3n. Y es en ese ardor cuando todo se enciende en un instante, y el pelo se eriza creando una llama capaz de reclamar tanta atenci\u00f3n como la misma escultura. Fotografiando es routine encontrarse con escenas apagadas que, aun siendo bonitas pueden resultar aburridas, donde ser\u00e1 necesario aportar la le\u00f1a para que todo entre en ignici\u00f3n. Como ese cristal sobre las manos, que ahora parece transformarse en un ovni propuls\u00e1ndose hacia el cielo, igual que el \u00edmpetu por la creaci\u00f3n que se reparte sin l\u00edmites por el universo.<\/p>\n<p>Es lo divertido de fotografiar, tomarlo como un juego donde disfrutar sin ataduras ni dogmas, y donde cada cual, buscando recursos invisibles, eleve su propia lente para imprimir un significado private a lo evidente. Porque como apunta Ram\u00f3n de Campoamor, en su poema <em>Las dos linternas:<\/em><\/p>\n<blockquote>\n<p>Y es que en el mundo traidor nada hay verdad ni mentira: todo es seg\u00fan el shade del cristal con que se mira.<\/p>\n<\/blockquote>\n<h2>Ingredientes<\/h2>\n<ul>\n<li>Utilizando una velocidad baja, el efecto del movimiento quedar\u00e1 registrado creando una figura imprecisa y sorprendente como la del primer plano.<\/li>\n<li>Un diafragma cerrado asegura que toda la escena est\u00e1tica est\u00e9 enfocada.<\/li>\n<li>Zoom 24-105 en 24 mm 1\/30, F14, ISO 200<\/li>\n<\/ul>\n<h2>Elaboraci\u00f3n<\/h2>\n<p>El reto de fotografiar consiste en contar historias en una imagen, algo que pocas veces regala la casualidad, as\u00ed que el desaf\u00edo ser\u00e1 construirlas o, al menos, intentarlo. En este caso <strong>el recurso es el movimiento del pelo, que a\u00f1ade dinamismo, <\/strong>puede sugerir sorpresa, fuego o incluso insinuar una presencia velada de Donald Trump. Sin ese sencillo a\u00f1adido la foto resulta m\u00e1s aburrida. Es por eso por lo que el fot\u00f3grafo \u201csaca de su chistera\u201d un elemento ajeno, como la misma escultura, para apropiarse del paisaje y a\u00f1adirle algo de la emoci\u00f3n que echaba en falta.<\/p>\n<h2>Retoque y emplatado<\/h2>\n<p>El retoque de esta foto permite llevarla a un punto enigm\u00e1tico y misterioso.<\/p>\n<ol>\n<li>Ajustar blancos y negros.<\/li>\n<li>Potenciar colores azules y amarillos.<\/li>\n<li>Despejar sombras.<\/li>\n<li>A\u00f1adir contraste.<\/li>\n<\/ol>\n<section class=\"related-article-content relacionado\">\n<p class=\"relatedTitle\">Art\u00edculo relacionado<\/p>\n<p><a rel=\"nofollow noopener\" target=\"_blank\" href=\"https:\/\/news.google.com\/a\/vesteralen-noruega-que-hay-mas-alla-islas-lofoten_18399\" class=\"rel\"><\/p>\n<article class=\"article\">&#13;<\/p>\n<figure class=\"thumb\">&#13;<img decoding=\"async\" src=\"https:\/\/news.google.com\/medio\/2022\/07\/14\/la-montana-husfjellet-en-la-isla-senja-en-vesteralen-foto-gettyimages_544fe1f4_1280x720.jpg\" alt=\"La monta\u00f1a Husfjellet en la isla Senja en Vester\u00e5len. Foto: GettyImages\" class=\"imagenRelacionado lazyload\"\/><noscript><img decoding=\"async\" src=\"https:\/\/news.google.com\/medio\/2022\/07\/14\/la-montana-husfjellet-en-la-isla-senja-en-vesteralen-foto-gettyimages_544fe1f4_1280x720.jpg\" alt=\"La monta\u00f1a Husfjellet en la isla Senja en Vester\u00e5len. Foto: GettyImages\"\/><\/noscript>&#13;<\/figure>\n<p>&#13;<\/p>\n<div class=\"relacionadoTxt\">\n<p>&#13;<\/p>\n<h4 class=\"supertitle\">&#13;Archipi\u00e9lago secreto<\/h4>\n<h4 class=\"title\">&#13;Vester\u00e5len, la Noruega que hay m\u00e1s all\u00e1 de las islas Lofoten<\/h4>\n<p>&#13;<\/p>\n<\/div>\n<\/article>\n<p><\/a><\/section>\n<aside class=\"add300x600 publi-interior-bot ad-inline ad-container-r2\"\/><\/div>\n<p><!-- START: tags-rel  --><!-- END: tags-rel   --><br \/>\n<!-- START:toolbar --><!-- END:toolbar --><\/div>\n\n<p><em> &#8221; Fuentes news.google.com &#8221; <\/em><\/p>\n","protected":false},"excerpt":{"rendered":"<p>El hombre del mar es una de las 36 obras al aire libre que repartidas en la costa noruega conforman el proyecto internacional Artscape Norland. Los motivos para su creador Okay. Lili Olsen\u00a0son desconocidos para el fot\u00f3grafo, un enigma donde va a buscar su imagen. En una primera lectura los significados m\u00e1s evidentes podr\u00edan ser [&hellip;]<\/p>\n","protected":false},"author":4,"featured_media":433839,"comment_status":"open","ping_status":"closed","sticky":false,"template":"","format":"standard","meta":{"om_disable_all_campaigns":false,"jnews-multi-image_gallery":[],"jnews_single_post":[],"jnews_primary_category":[],"jnews_social_meta":[],"footnotes":""},"categories":[39],"tags":[47258,47257],"class_list":["post-433838","post","type-post","status-publish","format-standard","has-post-thumbnail","hentry","category-viajes","tag-cargado-desde-el-fichero-de-recursos","tag-keywords-por-defecto"],"_links":{"self":[{"href":"https:\/\/dimensionturistica.com\/es\/wp-json\/wp\/v2\/posts\/433838","targetHints":{"allow":["GET"]}}],"collection":[{"href":"https:\/\/dimensionturistica.com\/es\/wp-json\/wp\/v2\/posts"}],"about":[{"href":"https:\/\/dimensionturistica.com\/es\/wp-json\/wp\/v2\/types\/post"}],"author":[{"embeddable":true,"href":"https:\/\/dimensionturistica.com\/es\/wp-json\/wp\/v2\/users\/4"}],"replies":[{"embeddable":true,"href":"https:\/\/dimensionturistica.com\/es\/wp-json\/wp\/v2\/comments?post=433838"}],"version-history":[{"count":0,"href":"https:\/\/dimensionturistica.com\/es\/wp-json\/wp\/v2\/posts\/433838\/revisions"}],"wp:featuredmedia":[{"embeddable":true,"href":"https:\/\/dimensionturistica.com\/es\/wp-json\/wp\/v2\/media\/433839"}],"wp:attachment":[{"href":"https:\/\/dimensionturistica.com\/es\/wp-json\/wp\/v2\/media?parent=433838"}],"wp:term":[{"taxonomy":"category","embeddable":true,"href":"https:\/\/dimensionturistica.com\/es\/wp-json\/wp\/v2\/categories?post=433838"},{"taxonomy":"post_tag","embeddable":true,"href":"https:\/\/dimensionturistica.com\/es\/wp-json\/wp\/v2\/tags?post=433838"}],"curies":[{"name":"wp","href":"https:\/\/api.w.org\/{rel}","templated":true}]}}