{"id":433593,"date":"2022-11-27T23:55:52","date_gmt":"2022-11-27T23:55:52","guid":{"rendered":"https:\/\/dimensionturistica.com\/es\/?p=433593"},"modified":"2022-11-27T23:55:52","modified_gmt":"2022-11-27T23:55:52","slug":"mr-blockchain-cripto-artista-mexicano-primer-exponente-plastico-en-la-fil","status":"publish","type":"post","link":"https:\/\/dimensionturistica.com\/es\/mr-blockchain-cripto-artista-mexicano-primer-exponente-plastico-en-la-fil\/","title":{"rendered":"Mr. Blockchain: Cripto Artista Mexicano Primer Exponente Pl\u00e1stico en la FIL"},"content":{"rendered":"<p>Oswaldo Reyes Corona, especialista en finanzas y CEO de una de las firmas de abogados m\u00e1s importantes con presencia en varios pa\u00edses de 2 continentes, autor de m\u00e1s de 60 obras literarias y due\u00f1o de su propia editorial; incursiona en el mundo del criptoarte desde hace algunos a\u00f1os y este 2022, tendr\u00e1 la oportunidad de exponer algunas de sus piezas literarias y pl\u00e1sticas en la Feria Internacional del Libro en Guadalajara.<br \/>\nCon un impresionante e innovador stand de 2 pisos y 5 metros de altura, la editorial Reyes y Mora presentar\u00e1 adem\u00e1s de la obra pl\u00e1stica del artista libros digitales, que son, a decir de Reyes Corona o llamado por su nombre art\u00edstico Mr. Blockchain, el futuro de la literatura.<br \/>\nAugura que en los pr\u00f3ximos a\u00f1os la FIL ir\u00e1 evolucionando hasta convertirse en un recinto 100% digital, que podr\u00eda tener presencia en el metaverso incluso con salas 3D en las que los visitantes y\/o compradores podr\u00edan acceder desde la comodidad de su hogar, y adquirir as\u00ed, obras de arte literarias; \u201cLos libros del futuro est\u00e1n pensados de esta manera y existen incluso modelos de lentes inteligentes a trav\u00e9s de los cuales podemos leer\u201d por lo que dijo, que no le sorprender\u00eda que en las pr\u00f3ximas<img decoding=\"async\" class=\"size-medium wp-image-433606 alignleft\" src=\"https:\/\/dimensionturistica.com\/es\/wp-content\/uploads\/2022\/11\/1516988414939-300x300.jpeg\" alt=\"\" width=\"300\" height=\"300\" srcset=\"https:\/\/dimensionturistica.com\/es\/wp-content\/uploads\/2022\/11\/1516988414939.jpeg 300w, https:\/\/dimensionturistica.com\/es\/wp-content\/uploads\/2022\/11\/1516988414939-150x150.jpeg 150w, https:\/\/dimensionturistica.com\/es\/wp-content\/uploads\/2022\/11\/1516988414939-75x75.jpeg 75w\" sizes=\"(max-width: 300px) 100vw, 300px\" \/> ediciones de la FIL sea cada vez menos necesario estar f\u00edsicamente presentes.<br \/>\n\u201cEs para m\u00ed un honor participar en esta casa de la cultura, a mi parecer la m\u00e1s importante en M\u00e9xico y en muchos otros pa\u00edses, aunque no es mi primera vez con un stand, s\u00ed es la primera vez que estar\u00e9 presentando mi obra pl\u00e1stica y considero que es un momento crucial pues es un parteaguas, hacia el futuro del arte\u201d, declar\u00f3.<br \/>\nEl artista cuenta con obras expuestas en diferentes partes del mundo como Dub\u00e1i, Londres, Madrid, Nueva York y dijo tener presencia tambi\u00e9n en galer\u00edas de coleccionistas privados, en M\u00e9xico como su obra tributo a Salvador Dal\u00ed.<br \/>\nSobre las obras colgadas en Nueva York explic\u00f3 que son parte de una trilog\u00eda que hace honor a los 50 a\u00f1os de la filmaci\u00f3n de la pel\u00edcula \u201cEl Padrino\u201d y adelant\u00f3 que la tercera pieza de esta serie estar\u00e1 expuesta en este magno evento en Guadalajara.<br \/>\n\u201cEntre 2014 y 2015 comenc\u00e9 a tener mayor acercamiento al mundo cripto a trav\u00e9s de las divisas, lo que me ha permitido permanecer cercano y enterado del mundo cripto, un mundo con muchas oportunidades de crecimiento como Abogado, especialista en finanzas y como artista\u201d<br \/>\nCalific\u00f3 su arte como disruptivo, al plasmar en cada boceto y cuadro f\u00edsico, toda su investigaci\u00f3n y trayectoria adquirida en m\u00e1s de 2 d\u00e9cadas en el mundo de las finanzas adem\u00e1s de realizar un tributo a diferentes personajes que han sido un parteaguas en la historia de la humanidad.<br \/>\nAl respecto anunci\u00f3 que una de las obras expuestas este a\u00f1o en el recinto de la Feria Internacional del Libro, ser\u00e1 \u201cFrida Kahlo\u201d, que como todas sus piezas contiene referencias financieras y se\u00f1as cripto, particularmente, en esta se plasma la quiebra de la plataforma FTX, al quedarse sin liquidez.<br \/>\nAl finalizar su declaraci\u00f3n adelant\u00f3 que el 29 de noviembre, a las 12:00 hrs, dar\u00e1 una rueda de prensa en su stand en la FIL, donde mostrar\u00e1 a los medios algunas de sus obras f\u00edsicas y dar\u00e1 a conocer detalles sobre su obra maestra de la cual no quiso dar mayor detalle, \u00fanicamente dej\u00f3 entre ver que se encuentra expuesta en alg\u00fan lugar de Europa.<\/p>\n<p>&nbsp;<\/p>\n","protected":false},"excerpt":{"rendered":"<p>Oswaldo Reyes Corona, especialista en finanzas y CEO de una de las firmas de abogados m\u00e1s importantes con presencia en varios pa\u00edses de 2 continentes, autor de m\u00e1s de 60 obras literarias y due\u00f1o de su propia editorial; incursiona en el mundo del criptoarte desde hace algunos a\u00f1os y este 2022, tendr\u00e1 la oportunidad de [&hellip;]<\/p>\n","protected":false},"author":1,"featured_media":433607,"comment_status":"open","ping_status":"closed","sticky":false,"template":"","format":"standard","meta":{"om_disable_all_campaigns":false,"jnews-multi-image_gallery":[],"jnews_single_post":{"source_name":"","source_url":"","via_name":"","via_url":"","override_template":"0","override":[{"template":"1","single_blog_custom":"","parallax":"1","fullscreen":"1","layout":"right-sidebar","sidebar":"default-sidebar","second_sidebar":"default-sidebar","sticky_sidebar":"1","share_position":"top","share_float_style":"share-monocrhome","show_share_counter":"1","show_view_counter":"1","show_featured":"1","show_post_meta":"1","show_post_author":"1","show_post_author_image":"1","show_post_date":"1","post_date_format":"default","post_date_format_custom":"Y\/m\/d","show_post_category":"1","show_post_reading_time":"0","post_reading_time_wpm":"300","show_zoom_button":"0","zoom_button_out_step":"2","zoom_button_in_step":"3","show_post_tag":"1","show_prev_next_post":"1","show_popup_post":"1","number_popup_post":"1","show_author_box":"0","show_post_related":"0","show_inline_post_related":"0"}],"override_image_size":"0","image_override":[{"single_post_thumbnail_size":"crop-500","single_post_gallery_size":"crop-500"}],"trending_post":"0","trending_post_position":"meta","trending_post_label":"Trending","sponsored_post":"0","sponsored_post_label":"Sponsored by","sponsored_post_name":"","sponsored_post_url":"","sponsored_post_logo_enable":"0","sponsored_post_logo":"","sponsored_post_desc":"","disable_ad":"0"},"jnews_primary_category":{"id":"","hide":""},"jnews_social_meta":{"fb_title":"","fb_description":"","fb_image":"","twitter_title":"","twitter_description":"","twitter_image":""},"footnotes":""},"categories":[40],"tags":[],"class_list":["post-433593","post","type-post","status-publish","format-standard","has-post-thumbnail","hentry","category-industria"],"_links":{"self":[{"href":"https:\/\/dimensionturistica.com\/es\/wp-json\/wp\/v2\/posts\/433593","targetHints":{"allow":["GET"]}}],"collection":[{"href":"https:\/\/dimensionturistica.com\/es\/wp-json\/wp\/v2\/posts"}],"about":[{"href":"https:\/\/dimensionturistica.com\/es\/wp-json\/wp\/v2\/types\/post"}],"author":[{"embeddable":true,"href":"https:\/\/dimensionturistica.com\/es\/wp-json\/wp\/v2\/users\/1"}],"replies":[{"embeddable":true,"href":"https:\/\/dimensionturistica.com\/es\/wp-json\/wp\/v2\/comments?post=433593"}],"version-history":[{"count":0,"href":"https:\/\/dimensionturistica.com\/es\/wp-json\/wp\/v2\/posts\/433593\/revisions"}],"wp:featuredmedia":[{"embeddable":true,"href":"https:\/\/dimensionturistica.com\/es\/wp-json\/wp\/v2\/media\/433607"}],"wp:attachment":[{"href":"https:\/\/dimensionturistica.com\/es\/wp-json\/wp\/v2\/media?parent=433593"}],"wp:term":[{"taxonomy":"category","embeddable":true,"href":"https:\/\/dimensionturistica.com\/es\/wp-json\/wp\/v2\/categories?post=433593"},{"taxonomy":"post_tag","embeddable":true,"href":"https:\/\/dimensionturistica.com\/es\/wp-json\/wp\/v2\/tags?post=433593"}],"curies":[{"name":"wp","href":"https:\/\/api.w.org\/{rel}","templated":true}]}}