{"id":433464,"date":"2022-11-27T15:28:23","date_gmt":"2022-11-27T15:28:23","guid":{"rendered":"https:\/\/dimensionturistica.com\/es\/?p=433464"},"modified":"2022-11-27T15:28:23","modified_gmt":"2022-11-27T15:28:23","slug":"barcelona-debe-posicionarse-como-una-ciudad-con-una-alta-calidad-de-vida","status":"publish","type":"post","link":"https:\/\/dimensionturistica.com\/es\/barcelona-debe-posicionarse-como-una-ciudad-con-una-alta-calidad-de-vida\/","title":{"rendered":"&#8220;Barcelona debe posicionarse como una ciudad con una alta calidad de vida&#8221;"},"content":{"rendered":"<p> <br \/>\n<\/p>\n<div>\n<p>Sebastian Mader es alem\u00e1n, tiene 28 a\u00f1os, pareja y vive en Barcelona desde 2020. Ha vivido en M\u00fanich, Melbourne, Bangor y Stuttgart antes de elegir la capital catalana para trabajar y vivir. Es analista s\u00e9nior y l\u00edder de los proyectos de automoci\u00f3n en Nethodology, una empresa espa\u00f1ola de investigaci\u00f3n de mercados, especializada en &#8216;shopper insights&#8217;, &#8216;model status&#8217; y &#8216;social intelligence&#8217;.<\/p>\n<p><strong>\u00bfPor qu\u00e9 escogi\u00f3 Barcelona?<\/strong><\/p>\n<p>Siempre respondo a esa pregunta con la misma frase: porque la ciudad lo tiene todo. Y es verdad que otras tambi\u00e9n lo tienen todo o al menos mucho para ofrecer, pero Barcelona combina una gran oferta cultural, profesional y, en basic, una gran oferta de actividades en un espacio muy compacto. Te permite combinar el trabajo, la vida social y el deporte f\u00e1cilmente sin distancias largas, en M\u00fanich suelen ser de una hora. Y siendo alem\u00e1n tengo que mencionar el clima que, obviamente, permite disfrutar de muchas actividades al aire libre como conciertos, cine o deporte.\u00a0<\/p>\n<p><strong>\u00bfQu\u00e9 aspectos de la ciudad destacar\u00eda como positivos?<\/strong><\/p>\n<p>Barcelona es una ciudad muy innovadora. Si bien hay mucha fluctuaci\u00f3n de talento que se muda aqu\u00ed por unos a\u00f1os, tanto ellos como los que viven aqu\u00ed de toda la vida dejan su huella. La suma de talento extranjero junto al locales una combinaci\u00f3n muy potente.<\/p>\n<p><strong>\u00bfQu\u00e9 aspectos de la ciudad hay que mejorar? \u00bfC\u00f3mo?<\/strong><\/p>\n<p>Un gran parte del flujo de personas en el centro de la ciudad est\u00e1 determinado por el turismo y la movilidad. Creo que si la ciudad llegar\u00e1 a mejorar estos dos puntos, podr\u00eda cambiar la imagen de ciudad saturada de turistas.\u00a0Muchas ciudades pueden servir aqu\u00ed como modelo a seguir, como M\u00fanich, que tiene un nivel alto de aceptaci\u00f3n del turismo entre la poblaci\u00f3n porque promueve destinos m\u00e1s all\u00e1 del casco antiguo lo cual evita las calles abarrotadas. Tambi\u00e9n debemos trabajar para mejorar la limpieza, una cosa que me hace extra\u00f1ar las ciudades alemanas son las calles limpias.<\/p>\n<p><strong>\u00bfQu\u00e9 espera de la Barcelona de los pr\u00f3ximos a\u00f1os?<\/strong><\/p>\n<p>Barcelona debe crear planes estrat\u00e9gicos definiendo como recibir el turismo masificado de una manera m\u00e1s sostenible y menos agotadora para los barceloneses. Adem\u00e1s, deber\u00eda promocionarse m\u00e1s como ciudad de educaci\u00f3n superior y posibilidades profesionales y no solamente como unode los mejores destinos\u00a0tur\u00edsticos.<\/p>\n<p>\t<span class=\"smallTitle center\">Noticias relacionadas<\/span><\/p>\n<p><strong>\u00bfCu\u00e1l siente que es su ciudad? \u00bfQu\u00e9 es lo que m\u00e1s echa de menos?<\/strong><\/p>\n<p>Hacer el salto a mudarme a Barcelona sin purple de amigos o familia es una de las mejores decisiones de mi vida. Si bien echo de menos a mi familia y amigos que siguen en Alemania, Barcelona me ha recibido muy bien. Es una ciudad incre\u00edble y aparte de turistas conf\u00edo que seguir\u00e1 atrayendo profesionales porque logra ofrecer la posibilidad de combinar la vida profesional con una oferta fant\u00e1stica de calidad de vida.\u00a0<\/p>\n<\/p><\/div>\n\n<p><em> &#8221; Fuentes news.google.com &#8221; <\/em><\/p>\n","protected":false},"excerpt":{"rendered":"<p>Sebastian Mader es alem\u00e1n, tiene 28 a\u00f1os, pareja y vive en Barcelona desde 2020. Ha vivido en M\u00fanich, Melbourne, Bangor y Stuttgart antes de elegir la capital catalana para trabajar y vivir. Es analista s\u00e9nior y l\u00edder de los proyectos de automoci\u00f3n en Nethodology, una empresa espa\u00f1ola de investigaci\u00f3n de mercados, especializada en &#8216;shopper insights&#8217;, [&hellip;]<\/p>\n","protected":false},"author":4,"featured_media":433465,"comment_status":"open","ping_status":"closed","sticky":false,"template":"","format":"standard","meta":{"om_disable_all_campaigns":false,"jnews-multi-image_gallery":[],"jnews_single_post":[],"jnews_primary_category":[],"jnews_social_meta":[],"footnotes":""},"categories":[39],"tags":[2917],"class_list":["post-433464","post","type-post","status-publish","format-standard","has-post-thumbnail","hentry","category-viajes","tag-barcelona"],"_links":{"self":[{"href":"https:\/\/dimensionturistica.com\/es\/wp-json\/wp\/v2\/posts\/433464","targetHints":{"allow":["GET"]}}],"collection":[{"href":"https:\/\/dimensionturistica.com\/es\/wp-json\/wp\/v2\/posts"}],"about":[{"href":"https:\/\/dimensionturistica.com\/es\/wp-json\/wp\/v2\/types\/post"}],"author":[{"embeddable":true,"href":"https:\/\/dimensionturistica.com\/es\/wp-json\/wp\/v2\/users\/4"}],"replies":[{"embeddable":true,"href":"https:\/\/dimensionturistica.com\/es\/wp-json\/wp\/v2\/comments?post=433464"}],"version-history":[{"count":0,"href":"https:\/\/dimensionturistica.com\/es\/wp-json\/wp\/v2\/posts\/433464\/revisions"}],"wp:featuredmedia":[{"embeddable":true,"href":"https:\/\/dimensionturistica.com\/es\/wp-json\/wp\/v2\/media\/433465"}],"wp:attachment":[{"href":"https:\/\/dimensionturistica.com\/es\/wp-json\/wp\/v2\/media?parent=433464"}],"wp:term":[{"taxonomy":"category","embeddable":true,"href":"https:\/\/dimensionturistica.com\/es\/wp-json\/wp\/v2\/categories?post=433464"},{"taxonomy":"post_tag","embeddable":true,"href":"https:\/\/dimensionturistica.com\/es\/wp-json\/wp\/v2\/tags?post=433464"}],"curies":[{"name":"wp","href":"https:\/\/api.w.org\/{rel}","templated":true}]}}