{"id":433198,"date":"2022-11-26T23:18:04","date_gmt":"2022-11-26T23:18:04","guid":{"rendered":"https:\/\/dimensionturistica.com\/es\/?p=433198"},"modified":"2022-11-26T23:18:04","modified_gmt":"2022-11-26T23:18:04","slug":"berlin-revive-los-felices-anos-20-en-su-promocion-turistica-para-2023","status":"publish","type":"post","link":"https:\/\/dimensionturistica.com\/es\/berlin-revive-los-felices-anos-20-en-su-promocion-turistica-para-2023\/","title":{"rendered":"Berl\u00edn revive los felices a\u00f1os 20 en su promoci\u00f3n tur\u00edstica para 2023"},"content":{"rendered":"<p> <br \/>\n<\/p>\n<div>\n<p>Un siglo despu\u00e9s, parece que volvemos a vivir en los <strong>felices a\u00f1os 20<\/strong>, como ha constatado <strong>Ulrike Bohnet<\/strong>, directora de la <a rel=\"nofollow noopener\" target=\"_blank\" href=\"https:\/\/www.hosteltur.com\/tag\/turismo-alemania\">Oficina Nacional Alemana de Turismo<\/a> (ONAT) en Espa\u00f1a. Su pa\u00eds se ha convertido en <strong>refugio de cientos de miles de ucranianos<\/strong> que escapan de la guerra, pero tambi\u00e9n de <strong>rusos<\/strong> que huyen para no tener que participar en ella. Y a\u00fan as\u00ed, \u201c<strong>todo el mundo quiere vivir intensamente igual que en el periodo entreguerras<\/strong>, a pesar de la incertidumbre que se cierne sobre nosotros\u201d. Por eso <a rel=\"nofollow noopener\" target=\"_blank\" href=\"https:\/\/www.hosteltur.com\/tag\/visitberlin\">Visit Berl\u00edn<\/a>, en su <a rel=\"nofollow noopener\" target=\"_blank\" href=\"https:\/\/www.hosteltur.com\/tag\/campana-de-promocion\">campa\u00f1a de promoci\u00f3n<\/a> para 2023, da la bienvenida a sus visitantes al <a rel=\"nofollow noopener\" target=\"_blank\" href=\"https:\/\/www.hosteltur.com\/tag\/berlin\">Berl\u00edn<\/a> de los a\u00f1os 20.<\/p>\n<\/div>\n<div>\n<p>El pr\u00f3ximo a\u00f1o estar\u00e1 marcado por grandes novedades en la <strong>oferta cultural<\/strong> de la capital alemana, seg\u00fan ha anunciado <strong>Carlo Carbone<\/strong>, responsable de Go to Berl\u00edn para los mercados y relaciones con los medios de Latinoam\u00e9rica, Benelux, Francia, Espa\u00f1a e Italia. As\u00ed, el <strong>Foro Humboldt<\/strong> que, situado en el reconstruido Palacio Actual, se ha convertido en <strong>\u201cel proyecto cultural m\u00e1s importante del pa\u00eds\u201d<\/strong>, adem\u00e1s de haber cambiado la fisonom\u00eda y los paseos de la <strong>Isla de los Museos<\/strong>.<\/p>\n<div class=\"wysiwyg-photo\"><img decoding=\"async\" title=\"\" src=\"https:\/\/static.hosteltur.com\/app\/public\/uploads\/img\/articles\/2022\/11\/25\/L_194612_berlin-monumento-libertad-y-unidad-r.jpg\" alt=\"\" data-id=\"242712\"\/> <\/p>\n<p>El Monumento a la Libertad y Unidad, frente al Foro Humboldt, tiene la forma de un enorme balanc\u00edn que ser\u00e1 transitable y con movimiento cuando abra el pr\u00f3ximo a\u00f1o.<\/p>\n<\/p><\/div>\n<p>Pero en los pr\u00f3ximos a\u00f1os llegar\u00e1n m\u00e1s novedades, como la cuarta ala del <strong>Museo de P\u00e9rgamo<\/strong>, dentro de tres o cuatro a\u00f1os; <strong>Home of One<\/strong>, un edificio cultural como nexo de uni\u00f3n de las tres religiones monote\u00edstas, previsto para 2024-5; o el <strong>Museo del siglo XX<\/strong> , de arte contempor\u00e1neo, planificado para un a\u00f1o despu\u00e9s. Otros ya han abierto, como el<strong> primer Museo samurai en Europa<\/strong>, que est\u00e1 teniendo un gran \u00e9xito de afluencia de p\u00fablico.<\/p>\n<div class=\"wysiwyg-photo\"><img decoding=\"async\" title=\"\" src=\"https:\/\/static.hosteltur.com\/app\/public\/uploads\/img\/articles\/2022\/11\/25\/L_194703_berlin-torre-control-apt-tempelhof.jpg\" alt=\"\" data-id=\"242713\"\/> <\/p>\n<p>La antigua torre de management del Aeropuerto de Tempelhof, cerrado en 2008, albergar\u00e1 a partir de la pr\u00f3xima primavera un nuevo centro de informaci\u00f3n y eventos con vistas panor\u00e1micas de 360 grados.<\/p>\n<\/p><\/div>\n<h2>Nuevos hoteles<\/h2>\n<p>Carlo Carbone tambi\u00e9n ha citado las <strong>novedades en la oferta hotelera de la ciudad<\/strong>, como el <strong>Lodge Wilmina<\/strong>, ubicado en las dependencias de una antigua c\u00e1rcel de mujeres; <strong>Luc<\/strong>, que ha sabido trasladar su herencia hist\u00f3rica al contexto precise en sus 70 habitaciones y 22 suites; el establecimiento boutique <strong>Chateau Royal<\/strong>; el <strong>resort Telegraphenamt<\/strong>, en la antigua oficina principal de tel\u00e9grafos de Berl\u00edn; o el nuevo <strong>Stilwerk<\/strong>, que ocupa la superficie de los antiguos talleres de los garajes Kant.<\/p>\n<div class=\"wysiwyg-photo\"><img decoding=\"async\" title=\"\" src=\"https:\/\/static.hosteltur.com\/app\/public\/uploads\/img\/articles\/2022\/11\/25\/L_194752_berlin-presentacion-anos-20-r.jpg\" alt=\"\" data-id=\"242714\"\/> <\/p>\n<p>Los representantes de Go to Berl\u00edn, junto a Ulrike Bohnet, directora de la Oficina Nacional Alemana de Turismo (ONAT) en Espa\u00f1a, en la presentaci\u00f3n del destino.<\/p>\n<\/p><\/div>\n<p>El pasado mes de marzo <a rel=\"nofollow noopener\" target=\"_blank\" href=\"https:\/\/www.hosteltur.com\/tag\/accor-hotels\">Accor<\/a> inaugur\u00f3 el <strong>Greet Berl\u00edn Alexanderplatz<\/strong>, segundo establecimiento de esta joven marca y primero de reciclaje en la ciudad, resultado de la renovaci\u00f3n consciente del edificio de un antiguo resort con <strong>materiales sostenibles y muebles de segunda mano<\/strong>, caracter\u00edstica de la marca <a rel=\"nofollow noopener\" target=\"_blank\" href=\"https:\/\/www.hosteltur.com\/tag\/greet\">greet<\/a>, como public\u00f3 <strong>HOSTELTUR<\/strong> <a rel=\"nofollow noopener\" target=\"_blank\" href=\"https:\/\/www.hosteltur.com\">noticias de turismo<\/a> en <a rel=\"nofollow noopener\" target=\"_blank\" href=\"https:\/\/www.hosteltur.com\/131387_hoteles-con-muebles-reciclados-la-ultima-propuesta-de-accor.html\">Hoteles con muebles reciclados, la \u00faltima propuesta de Accor<\/a>.<\/p>\n<h2>La tecnolog\u00eda al servicio del visitante<\/h2>\n<p>Todas estas novedades est\u00e1n disponibles en la <a rel=\"nofollow noopener\" target=\"_blank\" href=\"https:\/\/www.hosteltur.com\/tag\/aplicaciones-para-smartphone\">app<\/a> <strong>About Berl\u00edn<\/strong>, que el turista puede utilizar para realizar una <strong>visita autoguiada de la ciudad<\/strong>, o acceder a las <strong>recomendaciones de los residentes<\/strong> en <strong>\u201cGoing local\u201d<\/strong> para conocer los mejores atractivos tur\u00edsticos, restaurantes, excursions y actividades barrio por barrio.<\/p>\n<blockquote>\n<p>\u00daltimas noticias del turismo en Alemania y el impacto del mercado emisor espa\u00f1ol en el pa\u00eds:<\/p>\n<p>&#8211; <a rel=\"nofollow noopener\" target=\"_blank\" href=\"https:\/\/www.hosteltur.com\/150606_alemania-se-prepara-reactivar-el-turismo-receptivo.html\">Alemania se prepara para impulsar el turismo receptivo tras la pandemia<\/a><\/p>\n<p>&#8211; <a rel=\"nofollow noopener\" target=\"_blank\" href=\"https:\/\/www.hosteltur.com\/151632_la-industria-turistica-alemana-puede-superar-niveles-prepandemia-en-2023.html\">La industria tur\u00edstica alemana puede superar niveles prepandemia en 2023<\/a><\/p>\n<p>&#8211; <a rel=\"nofollow noopener\" target=\"_blank\" href=\"https:\/\/www.hosteltur.com\/152948_el-emisor-espanol-tambien-al-alza-uno-de-los-tres-que-mas-crece-en-berlin.html\">El emisor espa\u00f1ol, tambi\u00e9n al alza: uno de los tres que m\u00e1s crece en Berl\u00edn<\/a><\/p>\n<\/blockquote>\n<\/div>\n\n<p><em> &#8221; Fuentes news.google.com &#8221; <\/em><\/p>\n","protected":false},"excerpt":{"rendered":"<p>Un siglo despu\u00e9s, parece que volvemos a vivir en los felices a\u00f1os 20, como ha constatado Ulrike Bohnet, directora de la Oficina Nacional Alemana de Turismo (ONAT) en Espa\u00f1a. Su pa\u00eds se ha convertido en refugio de cientos de miles de ucranianos que escapan de la guerra, pero tambi\u00e9n de rusos que huyen para no [&hellip;]<\/p>\n","protected":false},"author":4,"featured_media":433199,"comment_status":"open","ping_status":"closed","sticky":false,"template":"","format":"standard","meta":{"om_disable_all_campaigns":false,"jnews-multi-image_gallery":[],"jnews_single_post":[],"jnews_primary_category":[],"jnews_social_meta":[],"footnotes":""},"categories":[39],"tags":[35719,1482,24195,18959,13096,3062,715,57891,57892,42085,3067,725,18338,14298,18776,57893],"class_list":["post-433198","post","type-post","status-publish","format-standard","has-post-thumbnail","hentry","category-viajes","tag-accor-hotels","tag-alemania","tag-aplicaciones-para-smartphone","tag-apps-turisticas","tag-berlin","tag-campana-de-promocion","tag-economia","tag-greet","tag-hoteles-berlin","tag-onat","tag-promocion-turistica","tag-tecnologia","tag-turismo-alemania","tag-turismo-cultural","tag-turismo-gastronomico","tag-visitberlin"],"_links":{"self":[{"href":"https:\/\/dimensionturistica.com\/es\/wp-json\/wp\/v2\/posts\/433198","targetHints":{"allow":["GET"]}}],"collection":[{"href":"https:\/\/dimensionturistica.com\/es\/wp-json\/wp\/v2\/posts"}],"about":[{"href":"https:\/\/dimensionturistica.com\/es\/wp-json\/wp\/v2\/types\/post"}],"author":[{"embeddable":true,"href":"https:\/\/dimensionturistica.com\/es\/wp-json\/wp\/v2\/users\/4"}],"replies":[{"embeddable":true,"href":"https:\/\/dimensionturistica.com\/es\/wp-json\/wp\/v2\/comments?post=433198"}],"version-history":[{"count":0,"href":"https:\/\/dimensionturistica.com\/es\/wp-json\/wp\/v2\/posts\/433198\/revisions"}],"wp:featuredmedia":[{"embeddable":true,"href":"https:\/\/dimensionturistica.com\/es\/wp-json\/wp\/v2\/media\/433199"}],"wp:attachment":[{"href":"https:\/\/dimensionturistica.com\/es\/wp-json\/wp\/v2\/media?parent=433198"}],"wp:term":[{"taxonomy":"category","embeddable":true,"href":"https:\/\/dimensionturistica.com\/es\/wp-json\/wp\/v2\/categories?post=433198"},{"taxonomy":"post_tag","embeddable":true,"href":"https:\/\/dimensionturistica.com\/es\/wp-json\/wp\/v2\/tags?post=433198"}],"curies":[{"name":"wp","href":"https:\/\/api.w.org\/{rel}","templated":true}]}}