{"id":433143,"date":"2022-11-26T18:45:48","date_gmt":"2022-11-26T18:45:48","guid":{"rendered":"https:\/\/dimensionturistica.com\/es\/?p=433143"},"modified":"2022-11-26T18:45:48","modified_gmt":"2022-11-26T18:45:48","slug":"intensa-jornada-de-cruceros-uno-recala-en-punta-arenas-y-cuatro-en-williams","status":"publish","type":"post","link":"https:\/\/dimensionturistica.com\/es\/intensa-jornada-de-cruceros-uno-recala-en-punta-arenas-y-cuatro-en-williams\/","title":{"rendered":"Intensa jornada de cruceros: uno recala en Punta Arenas y cuatro en Williams"},"content":{"rendered":"<p> <br \/>\n<\/p>\n<div>\n    <!-- Incluir libreria justo antes de <\/head> --><\/p>\n<p class=\"parao_u10f01\"><span class=\"charo_u6b\">En Punta Arenas, recal\u00f3 ayer el crucero internacional Hanseatic Inspiration, con 230 pasajeros a bordo.<\/span><\/p>\n<p class=\"parao_u10f01\"><span class=\"charo_u6b\">La nave permaneci\u00f3 durante el d\u00eda, antes de zarpar nuevamente hacia aguas australes.<\/span><\/p>\n<p class=\"parao_u10f01\"><span class=\"charo_u6b\">Pero<br \/>\n fue en Puerto Williams donde ayer se vivi\u00f3 la actividad m\u00e1s relevante.<br \/>\nluego que recalaran dos cruceros en un mismo d\u00eda, lo que constituy\u00f3 un<br \/>\naut\u00e9ntico hito para la actividad tur\u00edstica de la austral comuna.<\/span><\/p>\n<p class=\"parao_u10f01\"><span class=\"charo_u6b\" id=\"txsr_a:1:{s:4:&quot;trak&quot;;s:4:&quot;D_10&quot;;}\">Se<br \/>\n trat\u00f3 de los cruceros Silversea y Silver Wind, mientras que el Silver<br \/>\nExplorer, permanec\u00eda esperando aguas afuera, mientras que el MS Fram<br \/>\npermanec\u00eda aguardando autorizaci\u00f3n, como bien lo explic\u00f3 de modo<br \/>\nexultante un tweet del sitio Expertise Cape Horn, que acompa\u00f1a esta<br \/>\ninformaci\u00f3n.<\/span><\/p>\n<p class=\"parao_u10f01\"><span class=\"charo_u6b\" id=\"txsr_a:3:{s:4:&quot;infl&quot;;s:3:&quot;U_0&quot;;s:4:&quot;ptfs&quot;;s:6:&quot;c_Bold&quot;;s:4:&quot;trak&quot;;s:4:&quot;D_10&quot;;}\"><strong>Temporada<strong\/><\/strong><\/span><\/p>\n<p class=\"parao_u10f01\"><span class=\"charo_u6b\" id=\"txsr_a:1:{s:4:&quot;trak&quot;;s:4:&quot;D_10&quot;;}\">De<br \/>\n este modo, la temporada de cruceros llega a uno de sus momentos \u00e1lgidos<br \/>\n en Magallanes, luego que tambi\u00e9n esta semana recalara en Punta Arenas<br \/>\nel nav\u00edo m\u00e1s grande que jam\u00e1s haya atracado en el muelle Prat, con m\u00e1s<br \/>\nde dos mil pasajeros a bordo.<\/span><\/p>\n<p class=\"parao_u10f01\"><span class=\"charo_u6b\" id=\"txsr_a:1:{s:4:&quot;trak&quot;;s:4:&quot;D_10&quot;;}\">Asimismo,<br \/>\n para Puerto Williams signific\u00f3 la constataci\u00f3n que el acuerdo alcanzado<br \/>\n con importantes l\u00edneas de cruceros internacionales para constituirse<br \/>\ncomo puerto base, se traduce en importantes frutos.<\/span><\/p>\n<p class=\"parao_u10f01\"><span class=\"charo_u6b\" id=\"txsr_a:1:{s:4:&quot;trak&quot;;s:4:&quot;D_10&quot;;}\">As\u00ed<br \/>\n lo manifest\u00f3 ayer, tambi\u00e9n, el alcalde de Cabo de Hornos, Patricio<br \/>\nFern\u00e1ndez, quien destac\u00f3 que noviembre, precisamente el mes aniversario<br \/>\nde la comuna, representa \u201cel mejor mes para la comuna de Cabo de<br \/>\nHornos\u201d, seg\u00fan expres\u00f3.<\/span><\/p>\n<\/div>\n<p>\n    <strong>Ping\u00fcino Multimedia<\/strong> entrega este espacio a su p\u00fablico para la expresi\u00f3n private de opiniones y<br \/>\n    comentarios, apelando al respeto entre los usuarios y deslig\u00e1ndose por completo del contenido de los comentarios<br \/>\n    emitidos.\n<\/p>\n<p><script>\n    (function(d, s, id) {\n        var js, fjs = d.getElementsByTagName(s)[0];\n        if (d.getElementById(id)) return;\n        js = d.createElement(s);\n        js.id = id;\n        js.src = \"\/\/connect.facebook.net\/es_LA\/all.js#xfbml=1&appId=326707310733016\";\n        fjs.parentNode.insertBefore(js, fjs);\n    }(document, 'script', 'facebook-jssdk'));\n    <\/script><script async defer crossorigin=\"anonymous\"\n    src=\"https:\/\/connect.facebook.net\/es_LA\/sdk.js#xfbml=1&#038;version=v7.0&#038;appId=2981943065256750&#038;autoLogAppEvents=1\"\n    nonce=\"WHAxAL2H\"><\/script><br \/>\n<br \/><\/p>\n<p><em> &#8221; Fuentes news.google.com &#8221; <\/em><\/p>\n","protected":false},"excerpt":{"rendered":"<p>En Punta Arenas, recal\u00f3 ayer el crucero internacional Hanseatic Inspiration, con 230 pasajeros a bordo. La nave permaneci\u00f3 durante el d\u00eda, antes de zarpar nuevamente hacia aguas australes. Pero fue en Puerto Williams donde ayer se vivi\u00f3 la actividad m\u00e1s relevante. luego que recalaran dos cruceros en un mismo d\u00eda, lo que constituy\u00f3 un aut\u00e9ntico [&hellip;]<\/p>\n","protected":false},"author":4,"featured_media":433144,"comment_status":"open","ping_status":"closed","sticky":false,"template":"","format":"standard","meta":{"om_disable_all_campaigns":false,"jnews-multi-image_gallery":[],"jnews_single_post":[],"jnews_primary_category":[],"jnews_social_meta":[],"footnotes":""},"categories":[41],"tags":[543],"class_list":["post-433143","post","type-post","status-publish","format-standard","has-post-thumbnail","hentry","category-cruceros","tag-cruceros"],"_links":{"self":[{"href":"https:\/\/dimensionturistica.com\/es\/wp-json\/wp\/v2\/posts\/433143","targetHints":{"allow":["GET"]}}],"collection":[{"href":"https:\/\/dimensionturistica.com\/es\/wp-json\/wp\/v2\/posts"}],"about":[{"href":"https:\/\/dimensionturistica.com\/es\/wp-json\/wp\/v2\/types\/post"}],"author":[{"embeddable":true,"href":"https:\/\/dimensionturistica.com\/es\/wp-json\/wp\/v2\/users\/4"}],"replies":[{"embeddable":true,"href":"https:\/\/dimensionturistica.com\/es\/wp-json\/wp\/v2\/comments?post=433143"}],"version-history":[{"count":0,"href":"https:\/\/dimensionturistica.com\/es\/wp-json\/wp\/v2\/posts\/433143\/revisions"}],"wp:featuredmedia":[{"embeddable":true,"href":"https:\/\/dimensionturistica.com\/es\/wp-json\/wp\/v2\/media\/433144"}],"wp:attachment":[{"href":"https:\/\/dimensionturistica.com\/es\/wp-json\/wp\/v2\/media?parent=433143"}],"wp:term":[{"taxonomy":"category","embeddable":true,"href":"https:\/\/dimensionturistica.com\/es\/wp-json\/wp\/v2\/categories?post=433143"},{"taxonomy":"post_tag","embeddable":true,"href":"https:\/\/dimensionturistica.com\/es\/wp-json\/wp\/v2\/tags?post=433143"}],"curies":[{"name":"wp","href":"https:\/\/api.w.org\/{rel}","templated":true}]}}