{"id":433136,"date":"2022-11-26T18:35:06","date_gmt":"2022-11-26T18:35:06","guid":{"rendered":"https:\/\/dimensionturistica.com\/es\/?p=433136"},"modified":"2022-11-26T18:37:39","modified_gmt":"2022-11-26T18:37:39","slug":"se-renueva-alianza-entre-pricetravel-holding-y-aeromar","status":"publish","type":"post","link":"https:\/\/dimensionturistica.com\/es\/se-renueva-alianza-entre-pricetravel-holding-y-aeromar\/","title":{"rendered":"Se renueva alianza entre PriceTravel Holding y Aeromar"},"content":{"rendered":"<p>El grupo tur\u00edstico PriceTravel Holding da a conocer la renovaci\u00f3n de la alianza comercial con Aeromar, con el objetivo de seguir fortaleciendo el programa de paquetes vacacionales que la l\u00ednea \u00e1rea ofrece a sus clientes.<br \/>\nLa alianza que inici\u00f3 en septiembre del 2020, ha logrado dar el servicio de paquetes avi\u00f3n + hotel que los clientes de Aeromar buscan para muchos de sus viajes, por lo cual ambas empresas continuar\u00e1n trabajando y apostando a estrategias que permitan un mayor incremento de ventas.<img decoding=\"async\" class=\"size-medium wp-image-433138 alignright\" src=\"https:\/\/dimensionturistica.com\/es\/wp-content\/uploads\/2022\/11\/th-24-300x200.jpeg\" alt=\"\" width=\"300\" height=\"200\" srcset=\"https:\/\/dimensionturistica.com\/es\/wp-content\/uploads\/2022\/11\/th-24-300x200.jpeg 300w, https:\/\/dimensionturistica.com\/es\/wp-content\/uploads\/2022\/11\/th-24.jpeg 474w\" sizes=\"(max-width: 300px) 100vw, 300px\" \/><br \/>\nAeromar seguir\u00e1 contando con un motor de reservaciones personalizado y probado con una excelente soluci\u00f3n tecnol\u00f3gica, beneficio que PriceTravel Holding ofrece como garant\u00eda a las m\u00e1s de 300 empresas afiliadas a su marca B2BTravel Program; entre ellas: aerol\u00edneas, hoteles, tiendas departamentales, bancos y otras.<br \/>\n\u201cEstamos muy satisfechos con los resultados de este acuerdo. Continuaremos reforzando nuestro contenido, para que as\u00ed los clientes de Aeromar puedan seguir reservando el mejor producto, y por supuesto, gozando de la mejor experiencia de usuario en la plataforma\u201d, comenta Juan Socas, Director de Alianzas Comerciales del Holding.<br \/>\nPriceTravel Holding tiene un fuerte compromiso con Aeromar, por lo que adem\u00e1s, tiene asignado un call center con l\u00ednea de atenci\u00f3n exclusiva y personalizada, donde se atienden con los m\u00e1s altos est\u00e1ndares de calidad y servicio a todos los clientes de la l\u00ednea a\u00e9rea, con servicio 24\/7.<br \/>\n\u201cEn Aeromar trabajamos con los mejores aliados de negocio que apoyen en el crecimiento y expansi\u00f3n de la aerol\u00ednea, con el objetivo de ofrecer las mejores opciones de viaje a nuestros pasajeros. PriceTravel Holding tiene la experiencia y el liderazgo de ser uno de los mejores motores para reservaciones en M\u00e9xico y Latinoam\u00e9rica\u201d, afirma Juan Ignacio Rossello, Director comercial de Aeromar.<br \/>\nLa excelente estrategia de distribuci\u00f3n, producto diferenciado, calidad en el servicio, proceso operativo y la tecnolog\u00eda de punta, son algunos de los factores que permitieron a Aeromar elegir nuevamente al grupo tur\u00edstico, como su aliado comercial.<\/p>\n<p>&nbsp;<\/p>\n<p>&nbsp;<\/p>\n<p>&nbsp;<\/p>\n","protected":false},"excerpt":{"rendered":"<p>El grupo tur\u00edstico PriceTravel Holding da a conocer la renovaci\u00f3n de la alianza comercial con Aeromar, con el objetivo de seguir fortaleciendo el programa de paquetes vacacionales que la l\u00ednea \u00e1rea ofrece a sus clientes. La alianza que inici\u00f3 en septiembre del 2020, ha logrado dar el servicio de paquetes avi\u00f3n + hotel que los [&hellip;]<\/p>\n","protected":false},"author":1,"featured_media":433137,"comment_status":"open","ping_status":"closed","sticky":false,"template":"","format":"standard","meta":{"om_disable_all_campaigns":false,"jnews-multi-image_gallery":[],"jnews_single_post":{"source_name":"","source_url":"","via_name":"","via_url":"","override_template":"0","override":[{"template":"1","single_blog_custom":"","parallax":"1","fullscreen":"1","layout":"right-sidebar","sidebar":"default-sidebar","second_sidebar":"default-sidebar","sticky_sidebar":"1","share_position":"top","share_float_style":"share-monocrhome","show_share_counter":"1","show_view_counter":"1","show_featured":"1","show_post_meta":"1","show_post_author":"1","show_post_author_image":"1","show_post_date":"1","post_date_format":"default","post_date_format_custom":"Y\/m\/d","show_post_category":"1","show_post_reading_time":"0","post_reading_time_wpm":"300","show_zoom_button":"0","zoom_button_out_step":"2","zoom_button_in_step":"3","show_post_tag":"1","show_prev_next_post":"1","show_popup_post":"1","number_popup_post":"1","show_author_box":"0","show_post_related":"0","show_inline_post_related":"0"}],"override_image_size":"0","image_override":[{"single_post_thumbnail_size":"crop-500","single_post_gallery_size":"crop-500"}],"trending_post":"0","trending_post_position":"meta","trending_post_label":"Trending","sponsored_post":"0","sponsored_post_label":"Sponsored by","sponsored_post_name":"","sponsored_post_url":"","sponsored_post_logo_enable":"0","sponsored_post_logo":"","sponsored_post_desc":"","disable_ad":"0"},"jnews_primary_category":{"id":"","hide":""},"jnews_social_meta":{"fb_title":"","fb_description":"","fb_image":"","twitter_title":"","twitter_description":"","twitter_image":""},"footnotes":""},"categories":[39],"tags":[],"class_list":["post-433136","post","type-post","status-publish","format-standard","has-post-thumbnail","hentry","category-viajes"],"_links":{"self":[{"href":"https:\/\/dimensionturistica.com\/es\/wp-json\/wp\/v2\/posts\/433136","targetHints":{"allow":["GET"]}}],"collection":[{"href":"https:\/\/dimensionturistica.com\/es\/wp-json\/wp\/v2\/posts"}],"about":[{"href":"https:\/\/dimensionturistica.com\/es\/wp-json\/wp\/v2\/types\/post"}],"author":[{"embeddable":true,"href":"https:\/\/dimensionturistica.com\/es\/wp-json\/wp\/v2\/users\/1"}],"replies":[{"embeddable":true,"href":"https:\/\/dimensionturistica.com\/es\/wp-json\/wp\/v2\/comments?post=433136"}],"version-history":[{"count":0,"href":"https:\/\/dimensionturistica.com\/es\/wp-json\/wp\/v2\/posts\/433136\/revisions"}],"wp:featuredmedia":[{"embeddable":true,"href":"https:\/\/dimensionturistica.com\/es\/wp-json\/wp\/v2\/media\/433137"}],"wp:attachment":[{"href":"https:\/\/dimensionturistica.com\/es\/wp-json\/wp\/v2\/media?parent=433136"}],"wp:term":[{"taxonomy":"category","embeddable":true,"href":"https:\/\/dimensionturistica.com\/es\/wp-json\/wp\/v2\/categories?post=433136"},{"taxonomy":"post_tag","embeddable":true,"href":"https:\/\/dimensionturistica.com\/es\/wp-json\/wp\/v2\/tags?post=433136"}],"curies":[{"name":"wp","href":"https:\/\/api.w.org\/{rel}","templated":true}]}}