{"id":433128,"date":"2022-11-26T20:04:21","date_gmt":"2022-11-26T20:04:21","guid":{"rendered":"https:\/\/dimensionturistica.com\/es\/?p=433128"},"modified":"2022-11-26T23:52:30","modified_gmt":"2022-11-26T23:52:30","slug":"insisten-hoteleros-de-la-ciudad-de-mexico-en-regular-establecimientos-de-renta-vacacional","status":"publish","type":"post","link":"https:\/\/dimensionturistica.com\/es\/insisten-hoteleros-de-la-ciudad-de-mexico-en-regular-establecimientos-de-renta-vacacional\/","title":{"rendered":"Insisten hoteleros de la Ciudad de M\u00e9xico en regular establecimientos de renta vacacional"},"content":{"rendered":"<p>La Asociaci\u00f3n de Hoteles de la Ciudad de M\u00e9xico (AHCM), la Asociaci\u00f3n Mexicana de Hoteles y<img decoding=\"async\" class=\"size-full wp-image-433162 alignright\" src=\"https:\/\/dimensionturistica.com\/es\/wp-content\/uploads\/2022\/11\/UNO1.jpg\" alt=\"\" width=\"215\" height=\"224\" \/> Moteles (AMHM), la Asociaci\u00f3n Nacional de Cadenas de Hoteles (ANCH) la Asociaci\u00f3n de Hoteles y Moteles del Valle de M\u00e9xico, (AHMVM) y el Consejo Nacional Empresarial Tur\u00edstico (CNET), se pronunciaron a favor de la regulaci\u00f3n de los establecimientos de rentas vacacionales, lo que permitir\u00e1 dar certidumbre y seguridad a los turistas que rentan este tipo de servicios de hospedaje a trav\u00e9s de plataformas digitales.<br \/>\n\u201cLa revoluci\u00f3n tecnol\u00f3gica que vivimos le ha ganado los tiempos a la sociedad y al gobierno para organizar el buen funcionamiento de los diferentes servicios que ofrecen los establecimientos de rentas vacacionales, lo que puede llegar a causar inseguridad, mala imagen y <img decoding=\"async\" class=\"size-full wp-image-433159 alignleft\" src=\"https:\/\/dimensionturistica.com\/es\/wp-content\/uploads\/2022\/11\/CUATRO4.jpg\" alt=\"\" width=\"173\" height=\"205\" \/>afectar a un destino tur\u00edstico\u201d comentaron los presidentes y representantes de cada una de las distintas Asociaciones de Hoteles.<br \/>\n\u201cEstos avances tecnol\u00f3gicos son cada vez m\u00e1s r\u00e1pidos e irreversibles por lo qu\u00e9 hay que tomar las medidas necesarias para que los establecimientos de alojamiento temporal, cumplan con las normas de seguridad necesarias y obtengan desde los permisos vecinales, hasta un registro nacional de turismo para bien de los usuarios y de los<img decoding=\"async\" class=\"size-medium wp-image-433160 alignright\" src=\"https:\/\/dimensionturistica.com\/es\/wp-content\/uploads\/2022\/11\/DOS2-300x166.jpg\" alt=\"\" width=\"300\" height=\"166\" srcset=\"https:\/\/dimensionturistica.com\/es\/wp-content\/uploads\/2022\/11\/DOS2-300x166.jpg 300w, https:\/\/dimensionturistica.com\/es\/wp-content\/uploads\/2022\/11\/DOS2.jpg 333w\" sizes=\"(max-width: 300px) 100vw, 300px\" \/> propietarios, pues al contar con certezas jur\u00eddicas reguladas, se podr\u00eda por ejemplo, permitirles evitar la ley de extinci\u00f3n de dominio en caso de que un hu\u00e9sped haga un acto ilegal o estar amparados estructuralmente en caso de sismo\u201d.<br \/>\nTambi\u00e9n, se podr\u00edan evitar sucesos como lo ocurrido a finales del mes de octubre, donde lamentablemente tres turistas de origen estadounidense fallecieron en el interior de un departamento en Santa Fe, por la acumulaci\u00f3n de gas, lo que provoc\u00f3 adem\u00e1s de una mala imagen a nuestra ciudad, una falta de vigilancia y regulaci\u00f3n en temas de protecci\u00f3n civil.<br \/>\nLos organismos hoteleros del pa\u00eds coincidieron en que, al no existir un marco jur\u00eddico para estos establecimientos, la ausencia de supervisi\u00f3n de obligaciones derivadas de la Ley General de Turismo y otras regulaciones, provocan incertidumbre entre los turistas, aumenta la inseguridad y no existen obligaciones de cumplimiento como las que existen para los dem\u00e1s establecimientos mercantiles, por <img decoding=\"async\" class=\"size-medium wp-image-433161 alignright\" src=\"https:\/\/dimensionturistica.com\/es\/wp-content\/uploads\/2022\/11\/TRES3-300x173.jpg\" alt=\"\" width=\"300\" height=\"173\" srcset=\"https:\/\/dimensionturistica.com\/es\/wp-content\/uploads\/2022\/11\/TRES3-300x173.jpg 300w, https:\/\/dimensionturistica.com\/es\/wp-content\/uploads\/2022\/11\/TRES3.jpg 354w\" sizes=\"(max-width: 300px) 100vw, 300px\" \/>lo que proponen como objetivo, incorporar a la oferta de rentas vacacionales a la ley de turismo de la CDMX para ofrecer certezas jur\u00eddica para todos.<br \/>\nHicieron un llamado urgente al poder legislativo y ejecutivo para que junto con la sociedad, se tomen las medidas necesarias para que estos servicios de hospedaje ofrezcan seguridad y cumplan con las siguientes leyes:<br \/>\nLey de Desarrollo Urbano y Programa Parcial de Desarrollo Urbano (Uso de Suelo).<br \/>\nLey General de Turismo y Ley de Turismo de la CDMX.<br \/>\nLey de Gesti\u00f3n Integral de Riesgos y Protecci\u00f3n Civil de la CDMX (Programa Interno de Protecci\u00f3n Civil).<br \/>\nLey Ambiental de Protecci\u00f3n a la Tierra (Licencia Ambiental \u00danica)<br \/>\nLey Federal de Protecci\u00f3n al Consumidor.<br \/>\nLey General de Salud.<br \/>\nLas Asociaciones de Hoteles, comentaron que ante la oportunidad especulativa que ofrece la Ciudad de M\u00e9xico, por ser una de las capitales tur\u00edsticas con ninguna regulaci\u00f3n para su funcionamiento en este rubro, los grandes corporativos y marcas de rentas vacacionales se encuentran desarrollando torres de departamentos en los principales barrios tur\u00edsticos, y puntualizaron que \u201ccomo motivante a la inversi\u00f3n suena atractivo, pero siempre y cuando se les haga cumplir con las leyes existentes en materia de turismo, hoteler\u00eda y vivienda, pues muchos de estos fondos de inversi\u00f3n est\u00e1n afectando al sector hotelero formalmente establecido adem\u00e1s de estar desplazando a los colonos de las diferentes zonas, al encarecer sus rentas y viviendas\u201d. Estos grandes complejos de inversionistas afectar\u00edan seriamente el principio con el que fue fundada estas econom\u00edas colaborativas.<br \/>\nEn fechas recientes se anunci\u00f3 a la Ciudad de M\u00e9xico como \u201ccapital del turismo creativo\u201d y destino para \u201cn\u00f3madas digitales, una actividad que producir\u00eda una derrama econ\u00f3mica de 1,400 millones de d\u00f3lares al a\u00f1o, con un gasto promedio, por individuo, de mil 510 d\u00f3lares al mes, sin embargo no se puede ignorar las consecuencias negativas a largo plazo, mientras no haya regulaci\u00f3n esto representar\u00e1 un peligro para nuestra sociedad.<br \/>\nLos representantes de las diferentes Asociaciones de Hoteles, recalcaron e hicieron un llamado a las autoridades, para que junto con la sociedad se tomen las medidas necesarias, para que estos servicios de hospedaje irregular ofrezcan seguridad y cumplan con la ley.<\/p>\n","protected":false},"excerpt":{"rendered":"<p>La Asociaci\u00f3n de Hoteles de la Ciudad de M\u00e9xico (AHCM), la Asociaci\u00f3n Mexicana de Hoteles y Moteles (AMHM), la Asociaci\u00f3n Nacional de Cadenas de Hoteles (ANCH) la Asociaci\u00f3n de Hoteles y Moteles del Valle de M\u00e9xico, (AHMVM) y el Consejo Nacional Empresarial Tur\u00edstico (CNET), se pronunciaron a favor de la regulaci\u00f3n de los establecimientos de [&hellip;]<\/p>\n","protected":false},"author":1,"featured_media":433158,"comment_status":"open","ping_status":"closed","sticky":false,"template":"","format":"standard","meta":{"om_disable_all_campaigns":false,"jnews-multi-image_gallery":[],"jnews_single_post":{"source_name":"","source_url":"","via_name":"","via_url":"","override_template":"0","override":[{"template":"1","single_blog_custom":"","parallax":"1","fullscreen":"1","layout":"right-sidebar","sidebar":"default-sidebar","second_sidebar":"default-sidebar","sticky_sidebar":"1","share_position":"top","share_float_style":"share-monocrhome","show_share_counter":"1","show_view_counter":"1","show_featured":"1","show_post_meta":"1","show_post_author":"1","show_post_author_image":"1","show_post_date":"1","post_date_format":"default","post_date_format_custom":"Y\/m\/d","show_post_category":"1","show_post_reading_time":"0","post_reading_time_wpm":"300","show_zoom_button":"0","zoom_button_out_step":"2","zoom_button_in_step":"3","show_post_tag":"1","show_prev_next_post":"1","show_popup_post":"1","number_popup_post":"1","show_author_box":"0","show_post_related":"0","show_inline_post_related":"0"}],"override_image_size":"0","image_override":[{"single_post_thumbnail_size":"crop-500","single_post_gallery_size":"crop-500"}],"trending_post":"0","trending_post_position":"meta","trending_post_label":"Trending","sponsored_post":"0","sponsored_post_label":"Sponsored by","sponsored_post_name":"","sponsored_post_url":"","sponsored_post_logo_enable":"0","sponsored_post_logo":"","sponsored_post_desc":"","disable_ad":"0"},"jnews_primary_category":{"id":"","hide":""},"jnews_social_meta":{"fb_title":"","fb_description":"","fb_image":"","twitter_title":"","twitter_description":"","twitter_image":""},"footnotes":""},"categories":[40],"tags":[],"class_list":["post-433128","post","type-post","status-publish","format-standard","has-post-thumbnail","hentry","category-industria"],"_links":{"self":[{"href":"https:\/\/dimensionturistica.com\/es\/wp-json\/wp\/v2\/posts\/433128","targetHints":{"allow":["GET"]}}],"collection":[{"href":"https:\/\/dimensionturistica.com\/es\/wp-json\/wp\/v2\/posts"}],"about":[{"href":"https:\/\/dimensionturistica.com\/es\/wp-json\/wp\/v2\/types\/post"}],"author":[{"embeddable":true,"href":"https:\/\/dimensionturistica.com\/es\/wp-json\/wp\/v2\/users\/1"}],"replies":[{"embeddable":true,"href":"https:\/\/dimensionturistica.com\/es\/wp-json\/wp\/v2\/comments?post=433128"}],"version-history":[{"count":0,"href":"https:\/\/dimensionturistica.com\/es\/wp-json\/wp\/v2\/posts\/433128\/revisions"}],"wp:featuredmedia":[{"embeddable":true,"href":"https:\/\/dimensionturistica.com\/es\/wp-json\/wp\/v2\/media\/433158"}],"wp:attachment":[{"href":"https:\/\/dimensionturistica.com\/es\/wp-json\/wp\/v2\/media?parent=433128"}],"wp:term":[{"taxonomy":"category","embeddable":true,"href":"https:\/\/dimensionturistica.com\/es\/wp-json\/wp\/v2\/categories?post=433128"},{"taxonomy":"post_tag","embeddable":true,"href":"https:\/\/dimensionturistica.com\/es\/wp-json\/wp\/v2\/tags?post=433128"}],"curies":[{"name":"wp","href":"https:\/\/api.w.org\/{rel}","templated":true}]}}