{"id":432985,"date":"2022-11-26T14:07:40","date_gmt":"2022-11-26T14:07:40","guid":{"rendered":"https:\/\/dimensionturistica.com\/es\/?p=432985"},"modified":"2022-11-26T14:07:40","modified_gmt":"2022-11-26T14:07:40","slug":"la-ruta-alpina-rodeada-por-grandes-muros-de-nieve","status":"publish","type":"post","link":"https:\/\/dimensionturistica.com\/es\/la-ruta-alpina-rodeada-por-grandes-muros-de-nieve\/","title":{"rendered":"La ruta alpina rodeada por grandes muros de nieve"},"content":{"rendered":"<p> <br \/>\n<\/p>\n<div>\n<div id=\"involveds\" class=\"involveds wrap\">\n<div class=\"involved-authors only-author\">\n<div class=\"first-author\">\n<figure class=\"thumb col-xs-3\">&#13;<img loading=\"lazy\" decoding=\"async\" src=\"https:\/\/news.google.com\/medio\/2021\/12\/20\/javier-sanchez_ad3e79ea_600x600.jpg\" alt=\"Javier S\u00e1nchez\" class=\"lazyload\" width=\"600\" height=\"600\" data-aspectratio=\"600\/600\"\/><noscript><img decoding=\"async\" src=\"https:\/\/news.google.com\/medio\/2021\/12\/20\/javier-sanchez_ad3e79ea_600x600.jpg\" alt=\"Javier S\u00e1nchez\"\/><\/noscript>&#13;<\/figure>\n<\/div>\n<\/div>\n<\/div>\n<p class=\"date\"> <time itemprop=\"dateModified\" datetime=\"2022-11-26T07:33:00+01:00\" data-timestamp=\"1669447980\">&#13;26 de noviembre de 2022 \u00b7 07:33<\/time>&#13;<\/p>\n<\/div>\n<div id=\"article-text\">\n<div class=\"txt\">\n<aside class=\"subscription-highlighted\">\n<div class=\"subscription-container\">\n<div class=\"non-subscribed\">\n<p class=\"description\">Especial Black Friday. Suscr\u00edbete hoy al -50% a la revista Viajes Nationwide Geographic y explora nuevos destinos<\/p>\n<p><a rel=\"nofollow noopener\" target=\"_blank\" href=\"https:\/\/tienda.rba.es\/revistas\/landing-suscripcion-viajes-national-geographic-black-friday?rba_source=viajes.nationalgeographic.com.es&amp;rba_medium=referral&amp;rba_campaign=black-friday-ngmv&amp;rba_term=viajesnationalgeographic&amp;rba_content=frase-articulo\" class=\"more-link\">EMPIEZA YA<\/a><\/div>\n<\/div>\n<\/aside>\n<p style=\"display: none;\"><img decoding=\"async\" id=\"ctl01_ctl00_phMain_phMain_ctl00_ctl02_ctl17_ctl01_imgContent\" src=\"https:\/\/news.google.com\/medio\/2022\/11\/25\/tateyama-kurobe_bad3d9f2_800x800.jpg\" alt=\"Tateyama Kurobe\" style=\"border-width:0px;\"\/><\/p>\n<aside class=\"add300x250 publi-interior-top ad-container-r1 ad-inline\"\/>\n<p>Si la Biblia hubiera tenido lugar en tierras niponas, la monta\u00f1a Hida, situada en la regi\u00f3n central de Jap\u00f3n, hubiera sustituido uno de los momentos m\u00e1s \u00e9picos de todo el relato. All\u00ed se hubiera escrito el vers\u00edculo 14:21 del \u00c9xodo, como si de repente las aguas del mar Rojo se hubieran transformado en monta\u00f1as de fina nieve y Mois\u00e9s, en otro acto tit\u00e1nico, hubiera decidido abrirlas en canal y construir a trav\u00e9s de ellas una carretera monta\u00f1osa que conectara las localidades de Tateyama y Omachi, separadas por 37 kil\u00f3metros de nieve, hielo y picos que sobrepasan los 3.000 metros de altura.<\/p>\n<p>Desde que fue inaugurada la ruta en 1971, cada primavera, decenas de excavadoras retiran la nieve que cubre la carretera, la posan a los lados y capa a capa llegan a formar aut\u00e9nticos muros que pueden llegar a los 20 metros de altura. Entonces las imponentes paredes comienzan un lento declive hasta que a mediados de junio desaparece por completo. Hasta que eso no ocurre, cientos de autobuses llenos de turistas se paran en mitad de la carretera para fotografiar el curioso paisaje. Pero Tateyama Kurobe es tan escarpada que un solo autob\u00fas no es suficiente para completar la ruta alpina. De hecho se necesitan hasta siete tipos de transporte distintos: telef\u00e9ricos, trolebuses y funiculares son algunos de ellos. Durante la traves\u00eda, los picos van sucedi\u00e9ndose y entre ellos, los valles esconden algunos de los paisajes m\u00e1s bellos del pa\u00eds como las cascadas Sh\u014dmy\u014ddaki, que con 350 metros de altura, son las m\u00e1s altas de Jap\u00f3n.<\/p>\n<p><!-- Widget Video --><\/p>\n<div class=\"jeg_video_container jeg_video_content\"><iframe loading=\"lazy\" title=\"\uff08TKAR014\uff09SNOW WALL  \u7acb\u5c71\u9ed2\u90e8\u30fb\u5929\u7a7a\u30ed\u30fc\u30c9\u9664\u96ea \uff5e\u96ea\u306e\u5927\u8c37\u304c\u3067\u304d\u308b\u307e\u3067\uff5e JAPAN\" width=\"500\" height=\"281\" src=\"https:\/\/www.youtube.com\/embed\/L0y3hY_U1pk?feature=oembed\" frameborder=\"0\" allow=\"accelerometer; autoplay; clipboard-write; encrypted-media; gyroscope; picture-in-picture; web-share\" referrerpolicy=\"strict-origin-when-cross-origin\" allowfullscreen><\/iframe><\/div>\n<p><!-- End Widget Video --><\/p>\n<p><a rel=\"nofollow noopener\" target=\"_blank\" href=\"http:\/\/viajes.nationalgeographic.com.es\/ubicacion-exacta\">M\u00e1s ubicaciones exactas.<\/a><\/p>\n<aside class=\"add300x600 publi-interior-bot ad-inline ad-container-r2\"\/><\/div>\n<p><!-- START:toolbar --><!-- END:toolbar --><\/div>\n\n<p><em> &#8221; Fuentes news.google.com &#8221; <\/em><\/p>\n","protected":false},"excerpt":{"rendered":"<p>&#13;&#13; &#13;26 de noviembre de 2022 \u00b7 07:33&#13; Especial Black Friday. Suscr\u00edbete hoy al -50% a la revista Viajes Nationwide Geographic y explora nuevos destinos EMPIEZA YA Si la Biblia hubiera tenido lugar en tierras niponas, la monta\u00f1a Hida, situada en la regi\u00f3n central de Jap\u00f3n, hubiera sustituido uno de los momentos m\u00e1s \u00e9picos de [&hellip;]<\/p>\n","protected":false},"author":4,"featured_media":432986,"comment_status":"open","ping_status":"closed","sticky":false,"template":"","format":"standard","meta":{"om_disable_all_campaigns":false,"jnews-multi-image_gallery":[],"jnews_single_post":[],"jnews_primary_category":[],"jnews_social_meta":[],"footnotes":""},"categories":[39],"tags":[47258,47257],"class_list":["post-432985","post","type-post","status-publish","format-standard","has-post-thumbnail","hentry","category-viajes","tag-cargado-desde-el-fichero-de-recursos","tag-keywords-por-defecto"],"_links":{"self":[{"href":"https:\/\/dimensionturistica.com\/es\/wp-json\/wp\/v2\/posts\/432985","targetHints":{"allow":["GET"]}}],"collection":[{"href":"https:\/\/dimensionturistica.com\/es\/wp-json\/wp\/v2\/posts"}],"about":[{"href":"https:\/\/dimensionturistica.com\/es\/wp-json\/wp\/v2\/types\/post"}],"author":[{"embeddable":true,"href":"https:\/\/dimensionturistica.com\/es\/wp-json\/wp\/v2\/users\/4"}],"replies":[{"embeddable":true,"href":"https:\/\/dimensionturistica.com\/es\/wp-json\/wp\/v2\/comments?post=432985"}],"version-history":[{"count":0,"href":"https:\/\/dimensionturistica.com\/es\/wp-json\/wp\/v2\/posts\/432985\/revisions"}],"wp:featuredmedia":[{"embeddable":true,"href":"https:\/\/dimensionturistica.com\/es\/wp-json\/wp\/v2\/media\/432986"}],"wp:attachment":[{"href":"https:\/\/dimensionturistica.com\/es\/wp-json\/wp\/v2\/media?parent=432985"}],"wp:term":[{"taxonomy":"category","embeddable":true,"href":"https:\/\/dimensionturistica.com\/es\/wp-json\/wp\/v2\/categories?post=432985"},{"taxonomy":"post_tag","embeddable":true,"href":"https:\/\/dimensionturistica.com\/es\/wp-json\/wp\/v2\/tags?post=432985"}],"curies":[{"name":"wp","href":"https:\/\/api.w.org\/{rel}","templated":true}]}}