{"id":432984,"date":"2022-11-26T15:14:51","date_gmt":"2022-11-26T15:14:51","guid":{"rendered":"https:\/\/dimensionturistica.com\/es\/?p=432984"},"modified":"2022-11-26T15:14:51","modified_gmt":"2022-11-26T15:14:51","slug":"cancun-international-boat-show-marine-expo-2022-sede-de-la-semana-de-lujo-europeanlife","status":"publish","type":"post","link":"https:\/\/dimensionturistica.com\/es\/cancun-international-boat-show-marine-expo-2022-sede-de-la-semana-de-lujo-europeanlife\/","title":{"rendered":"Canc\u00fan International Boat Show &#038; Marine Expo 2022 Sede de la Semana de Lujo EUROPEANlife"},"content":{"rendered":"<p>El evento de estilo de vida n\u00e1utica m\u00e1s grande de M\u00e9xico, Cancun International Boat Show and<img decoding=\"async\" class=\"size-medium wp-image-433011 alignleft\" src=\"https:\/\/dimensionturistica.com\/es\/wp-content\/uploads\/2022\/11\/BOAT-300x209.jpg\" alt=\"\" width=\"300\" height=\"209\" srcset=\"https:\/\/dimensionturistica.com\/es\/wp-content\/uploads\/2022\/11\/BOAT-300x209.jpg 300w, https:\/\/dimensionturistica.com\/es\/wp-content\/uploads\/2022\/11\/BOAT.jpg 535w\" sizes=\"(max-width: 300px) 100vw, 300px\" \/> Marine Expo (CIBSME), se llevar\u00e1 a cabo en GOS Marina y Marina Puerto Canc\u00fan del 9 al 11 de diciembre de 2022. Ah\u00ed se reunir\u00e1n l\u00edderes de la industria n\u00e1utico con compradores potenciales, se incentivar\u00e1 el crecimiento de marcas y productos en el pa\u00eds, se atraer\u00e1 a familias al mundo acu\u00e1tico y se promover\u00e1 el turismo n\u00e1utico en general, tan importante para este destino reconocido por su agua turquesa. Este a\u00f1o reunir\u00e1 a m\u00e1s de 100 expositores y espera una asistencia de aproximadamente 20 mil visitantes nacionales e internacionales.<br \/>\nTeniendo como sede CIBSME y por primera vez en M\u00e9xico, se llevar\u00e1 a cabo la mundialmente reconocida Europeanlife Luxury Week Cancun, misma que reunir\u00e1 a la socialit\u00e9 mexicana e internacional en diversos eventos exclusivos y en un ambiente totalmente n\u00e1utico rodeado por<\/p>\n<p>opulentos yates.<br \/>\nEuropeanLife Luxury Week se celebra en varias ciudades cosmopolitas como Barcelona, ??Dubai, Phuket, Atenas y ahora Canc\u00fan. Participan marcas de lujo, hoteles, gastronom\u00eda y boutiques, creando<img decoding=\"async\" class=\"size-medium wp-image-433013 alignright\" src=\"https:\/\/dimensionturistica.com\/es\/wp-content\/uploads\/2022\/11\/DSC_0495BOAT-300x201.jpg\" alt=\"\" width=\"300\" height=\"201\" srcset=\"https:\/\/dimensionturistica.com\/es\/wp-content\/uploads\/2022\/11\/DSC_0495BOAT-300x201.jpg 300w, https:\/\/dimensionturistica.com\/es\/wp-content\/uploads\/2022\/11\/DSC_0495BOAT.jpg 600w\" sizes=\"(max-width: 300px) 100vw, 300px\" \/> una burbuja de lujo para los m\u00e1s exigentes viajeros, paladares y amantes del oc\u00e9ano. Es un complemento perfecto a los desfiles de moda, m\u00fasica en vivo y el Lemmus Luxury Lounge que ya estar\u00e1n presentes en el evento.<br \/>\nSe trata de un evento familiar en donde habr\u00e1 algo que ver y disfrutar para todos los amantes de la vida marina: navegantes, pescadores, buzos, entusiastas de los deportes acu\u00e1ticos. Durante tres d\u00edas de lujo y diversi\u00f3n los visitantes podr\u00e1n ver los lujosos modelos de yates y botes en el mercado, pabell\u00f3n de motores, accesorios marinos y electr\u00f3nicos, equipo de pesca y buceo, motos acu\u00e1ticas, juguetes n\u00e1uticos y hasta trajes de ba\u00f1o de dise\u00f1ador, entre mucho m\u00e1s.<br \/>\nEl \u00e1rea de demostraci\u00f3n ser\u00e1 sede una carrera de p\u00e1del surf de 5 km, exhibici\u00f3n de vela, espect\u00e1culo de drones, m\u00fasica en vivo, desfile de moda y mucha diversi\u00f3n y entretenimiento.<br \/>\n\u201cInvitamos a toda la comunidad de la n\u00e1utica recreativa internacional a disfrutar de una copa de champagne en la exclusiva marina de GOS Marina y en Marina Puerto Canc\u00fan\u201d, coment\u00f3 Steven Lorenzo, director del Boat Show. \u201cComo lo dice nuestro slogan, celebremos la vida en el agua\u201d, concluy\u00f3.<br \/>\nPor su parte, el secretario de Turismo de Quintana Roo, el Lic. Bernardo Cueto Riestra, mencion\u00f3,<img decoding=\"async\" class=\"size-medium wp-image-433014 alignleft\" src=\"https:\/\/dimensionturistica.com\/es\/wp-content\/uploads\/2022\/11\/unnamed-1-19-300x225.jpg\" alt=\"\" width=\"300\" height=\"225\" srcset=\"https:\/\/dimensionturistica.com\/es\/wp-content\/uploads\/2022\/11\/unnamed-1-19-300x225.jpg 300w, https:\/\/dimensionturistica.com\/es\/wp-content\/uploads\/2022\/11\/unnamed-1-19-1024x768.jpg 1024w, https:\/\/dimensionturistica.com\/es\/wp-content\/uploads\/2022\/11\/unnamed-1-19-768x576.jpg 768w, https:\/\/dimensionturistica.com\/es\/wp-content\/uploads\/2022\/11\/unnamed-1-19-1536x1152.jpg 1536w, https:\/\/dimensionturistica.com\/es\/wp-content\/uploads\/2022\/11\/unnamed-1-19-750x563.jpg 750w, https:\/\/dimensionturistica.com\/es\/wp-content\/uploads\/2022\/11\/unnamed-1-19-1140x855.jpg 1140w, https:\/\/dimensionturistica.com\/es\/wp-content\/uploads\/2022\/11\/unnamed-1-19.jpg 2048w\" sizes=\"(max-width: 300px) 100vw, 300px\" \/>\u00a0\u201cRecibimos gustosos y con los brazos abiertos a los organizadores de tan importante evento en esta su segunda edici\u00f3n y estamos seguros tendr\u00e1n nuevamente \u00e9xito. Sean todos bienvenidos y que su estancia en este maravilloso para\u00edso del Caribe Mexicano sea tan placentera como lo es para nosotros tener su distinguida presencia.<br \/>\n\u201cEstamos ciertos que grandes eventos como el International Boat Show and Marine Expo (CIBSME) son trascendentales para nuestra Entidad, con derrama importante para el beneficio de las y los quintanarroenses y siempre pensando en el mejoramiento y desarrollo de nuestra comunidad a lo largo y ancho del Estado, como bien lo ha se\u00f1alado nuestra gobernadora Mara Lezama Espinosa\u201d, puntualiz\u00f3.<br \/>\nCanc\u00fan es l\u00edder mundial en actividades recreativas marinas, y el mercado n\u00e1utico m\u00e1s importantes de<img decoding=\"async\" class=\"size-medium wp-image-433007 alignright\" src=\"https:\/\/dimensionturistica.com\/es\/wp-content\/uploads\/2022\/11\/unnamed-33-300x191.jpg\" alt=\"\" width=\"300\" height=\"191\" srcset=\"https:\/\/dimensionturistica.com\/es\/wp-content\/uploads\/2022\/11\/unnamed-33-300x191.jpg 300w, https:\/\/dimensionturistica.com\/es\/wp-content\/uploads\/2022\/11\/unnamed-33-1024x653.jpg 1024w, https:\/\/dimensionturistica.com\/es\/wp-content\/uploads\/2022\/11\/unnamed-33-768x489.jpg 768w, https:\/\/dimensionturistica.com\/es\/wp-content\/uploads\/2022\/11\/unnamed-33-1536x979.jpg 1536w, https:\/\/dimensionturistica.com\/es\/wp-content\/uploads\/2022\/11\/unnamed-33-2048x1305.jpg 2048w, https:\/\/dimensionturistica.com\/es\/wp-content\/uploads\/2022\/11\/unnamed-33-750x478.jpg 750w, https:\/\/dimensionturistica.com\/es\/wp-content\/uploads\/2022\/11\/unnamed-33-1140x727.jpg 1140w\" sizes=\"(max-width: 300px) 100vw, 300px\" \/> M\u00e9xico. Es el sitio ideal para organizar un sal\u00f3n n\u00e1utico internacional de este tipo, con gran potencial de expansi\u00f3n hacia el resto del pa\u00eds, el Caribe y Am\u00e9rica Latina.<br \/>\nCancun International Boat Show se llevar\u00e1 a cabo en la nueva GOS Marina ubicada dentro de Puerto Cancun, un desarrollo reconocido por sus canales de navegaci\u00f3n que abren al mar, un campo de golf profesional y gran cantidad de residencias multi-millonarias. El elegante centro comercial al aire libre, Marina Puerto Canc\u00fan, rodea los slips de barcos y es sede de boutiques de moda y marcas de yates como Azimut y Pardo Yachts. Esta sede es representative del mercado n\u00e1utico creciente en M\u00e9xico.<br \/>\nTodos los interesados pueden adquirir sus boletos a partir de hoy. Visita www.cibsme.com.<\/p>\n","protected":false},"excerpt":{"rendered":"<p>El evento de estilo de vida n\u00e1utica m\u00e1s grande de M\u00e9xico, Cancun International Boat Show and Marine Expo (CIBSME), se llevar\u00e1 a cabo en GOS Marina y Marina Puerto Canc\u00fan del 9 al 11 de diciembre de 2022. Ah\u00ed se reunir\u00e1n l\u00edderes de la industria n\u00e1utico con compradores potenciales, se incentivar\u00e1 el crecimiento de marcas [&hellip;]<\/p>\n","protected":false},"author":1,"featured_media":433012,"comment_status":"open","ping_status":"closed","sticky":false,"template":"","format":"standard","meta":{"om_disable_all_campaigns":false,"jnews-multi-image_gallery":[],"jnews_single_post":{"source_name":"","source_url":"","via_name":"","via_url":"","override_template":"0","override":[{"template":"1","single_blog_custom":"","parallax":"1","fullscreen":"1","layout":"right-sidebar","sidebar":"default-sidebar","second_sidebar":"default-sidebar","sticky_sidebar":"1","share_position":"top","share_float_style":"share-monocrhome","show_share_counter":"1","show_view_counter":"1","show_featured":"1","show_post_meta":"1","show_post_author":"1","show_post_author_image":"1","show_post_date":"1","post_date_format":"default","post_date_format_custom":"Y\/m\/d","show_post_category":"1","show_post_reading_time":"0","post_reading_time_wpm":"300","show_zoom_button":"0","zoom_button_out_step":"2","zoom_button_in_step":"3","show_post_tag":"1","show_prev_next_post":"1","show_popup_post":"1","number_popup_post":"1","show_author_box":"0","show_post_related":"0","show_inline_post_related":"0"}],"override_image_size":"0","image_override":[{"single_post_thumbnail_size":"crop-500","single_post_gallery_size":"crop-500"}],"trending_post":"0","trending_post_position":"meta","trending_post_label":"Trending","sponsored_post":"0","sponsored_post_label":"Sponsored by","sponsored_post_name":"","sponsored_post_url":"","sponsored_post_logo_enable":"0","sponsored_post_logo":"","sponsored_post_desc":"","disable_ad":"0"},"jnews_primary_category":{"id":"","hide":""},"jnews_social_meta":{"fb_title":"","fb_description":"","fb_image":"","twitter_title":"","twitter_description":"","twitter_image":""},"footnotes":""},"categories":[43],"tags":[],"class_list":["post-432984","post","type-post","status-publish","format-standard","has-post-thumbnail","hentry","category-gourmet"],"_links":{"self":[{"href":"https:\/\/dimensionturistica.com\/es\/wp-json\/wp\/v2\/posts\/432984","targetHints":{"allow":["GET"]}}],"collection":[{"href":"https:\/\/dimensionturistica.com\/es\/wp-json\/wp\/v2\/posts"}],"about":[{"href":"https:\/\/dimensionturistica.com\/es\/wp-json\/wp\/v2\/types\/post"}],"author":[{"embeddable":true,"href":"https:\/\/dimensionturistica.com\/es\/wp-json\/wp\/v2\/users\/1"}],"replies":[{"embeddable":true,"href":"https:\/\/dimensionturistica.com\/es\/wp-json\/wp\/v2\/comments?post=432984"}],"version-history":[{"count":0,"href":"https:\/\/dimensionturistica.com\/es\/wp-json\/wp\/v2\/posts\/432984\/revisions"}],"wp:featuredmedia":[{"embeddable":true,"href":"https:\/\/dimensionturistica.com\/es\/wp-json\/wp\/v2\/media\/433012"}],"wp:attachment":[{"href":"https:\/\/dimensionturistica.com\/es\/wp-json\/wp\/v2\/media?parent=432984"}],"wp:term":[{"taxonomy":"category","embeddable":true,"href":"https:\/\/dimensionturistica.com\/es\/wp-json\/wp\/v2\/categories?post=432984"},{"taxonomy":"post_tag","embeddable":true,"href":"https:\/\/dimensionturistica.com\/es\/wp-json\/wp\/v2\/tags?post=432984"}],"curies":[{"name":"wp","href":"https:\/\/api.w.org\/{rel}","templated":true}]}}